{"id":175101,"date":"2025-06-14T05:11:11","date_gmt":"2025-06-14T05:11:11","guid":{"rendered":"https:\/\/www.europesays.com\/fr\/175101\/"},"modified":"2025-06-14T05:11:11","modified_gmt":"2025-06-14T05:11:11","slug":"jai-un-mode-de-vie-sain-mais-jai-ete-frappee-par-un-cancer-de-lintestin-a-cause-de-cet-aliment-que-je-mangeais-etant-enfant","status":"publish","type":"post","link":"https:\/\/www.europesays.com\/fr\/175101\/","title":{"rendered":"\u201cJ\u2019ai un mode de vie sain, mais j\u2019ai \u00e9t\u00e9 frapp\u00e9e par un cancer de l\u2019intestin \u00e0 cause de cet aliment que je mangeais \u00e9tant enfant\u00a0\u00bb"},"content":{"rendered":"<p>Danni Duncan, coach de fitness bas\u00e9e \u00e0 Melbourne en Australie, a r\u00e9v\u00e9l\u00e9 avoir d\u00e9velopp\u00e9 un cancer de l\u2019intestin qui s\u2019est \u00e9tendu \u00e0 des organes voisins, et ce, malgr\u00e9 un mode de vie extr\u00eamement sain. \u00ab Au cours des quatre derni\u00e8res ann\u00e9es, j&rsquo;ai mang\u00e9 80 \u00e0 90 % d&rsquo;aliments naturels, nous utilisons des produits non toxiques \u00e0 la maison, je ne bois pas beaucoup d&rsquo;alcool, je fais de l&rsquo;exercice tous les jours et j&rsquo;ai une alimentation riche en fibres \u00bb, a-t-elle d\u00e9clar\u00e9. Alors comment expliquer la pr\u00e9sence de ce cancer ? Un m\u00e9decin a soulev\u00e9 des pistes potentielles, probablement li\u00e9es \u00e0 l\u2019enfance de la jeune femme.<\/p>\n<p><b>L\u2019exposition prolong\u00e9e \u00e0 des produits chimiques : une cause de cancer ? <\/b><\/p>\n<p>Cette m\u00e8re de trois enfants a confi\u00e9 avoir \u00e9t\u00e9 boulevers\u00e9e par le diagnostic, re\u00e7u apr\u00e8s une coloscopie le mois dernier. D\u2019autant plus, qu\u2019elle ne pr\u00e9sentait aucun ant\u00e9c\u00e9dent familial de cette maladie. Toutefois, son chirurgien a expliqu\u00e9 pourquoi les jeunes de son \u00e2ge, n\u00e9s dans les ann\u00e9es 90, sont plus susceptibles de d\u00e9velopper ce cancer mortel. \u00ab Il a dit que les produits chimiques pr\u00e9sents dans nos aliments, les substances canc\u00e9rig\u00e8nes pr\u00e9sentes dans la viande rouge, br\u00fbl\u00e9e, cuite au barbecue, le bacon, le jambon, sont des facteurs environnementaux auxquels nous avons \u00e9t\u00e9 expos\u00e9s dans les ann\u00e9es 90 et dont nous ne connaissions pas les effets \u00e0 long terme jusqu&rsquo;\u00e0 maintenant \u00bb, a-t-elle d\u00e9clar\u00e9. De plus, l\u2019exposition aux produits (&#8230;)<\/p>\n<p><a href=\"https:\/\/www.topsante.com\/medecine\/cancers\/cancer_de_l_intestin\/jai-un-mode-de-vie-sain-mais-jai-ete-frappee-par-un-cancer-de-lintestin-a-cause-de-cet-aliment-que-je-mangeais-etant-enfant-917842?utm_campaign=partenariat&amp;utm_source=yahoo-articles&amp;utm_medium=flux\" rel=\"nofollow noopener\" target=\"_blank\" data-ylk=\"slk:Lire la suite sur Top Sant\u00e9;elm:context_link;itc:0;sec:content-canvas\" class=\"link \">Lire la suite sur Top Sant\u00e9<\/a><\/p>\n<p><a href=\"https:\/\/www.topsante.com\/nutrition_et_recettes\/bien_choisir_ses_aliments\/il-y-a-5-marques-de-riz-a-ne-pas-acheter-selon-60-millions-de-consommateurs-871802?utm_campaign=partenariat&amp;utm_source=yahoo-articles&amp;utm_medium=flux\" rel=\"nofollow noopener\" target=\"_blank\" data-ylk=\"slk:Il y a 5 marques de riz \u00e0 ne pas acheter selon 60 Millions de consommateurs;elm:context_link;itc:0;sec:content-canvas\" class=\"link \">Il y a 5 marques de riz \u00e0 ne pas acheter selon 60 Millions de consommateurs<\/a><br \/><a href=\"https:\/\/www.topsante.com\/nutrition_et_recettes\/bien_choisir_ses_aliments\/un-gastro-enterologue-partage-le-meilleur-aliment-pour-le-foie-quil-mange-chaque-matin-890545?utm_campaign=partenariat&amp;utm_source=yahoo-articles&amp;utm_medium=flux\" rel=\"nofollow noopener\" target=\"_blank\" data-ylk=\"slk:Un gastro-ent\u00e9rologue partage le meilleur aliment pour le foie qu&#039;il mange chaque matin;elm:context_link;itc:0;sec:content-canvas\" class=\"link \">Un gastro-ent\u00e9rologue partage le meilleur aliment pour le foie qu&rsquo;il mange chaque matin<\/a><br \/><a href=\"https:\/\/www.topsante.com\/couple_et_sexualite\/sexualite\/desir_plaisir\/ce-complement-alimentaire-vendu-par-kourtney-kardashian-est-totalement-inutile-dapres-un-gyneco-917808?utm_campaign=partenariat&amp;utm_source=yahoo-articles&amp;utm_medium=flux\" rel=\"nofollow noopener\" target=\"_blank\" data-ylk=\"slk:Ce compl\u00e9ment alimentaire vendu par Kourtney Kardashian est... totalement inutile, d&#039;apr\u00e8s un gyn\u00e9co;elm:context_link;itc:0;sec:content-canvas\" class=\"link \">Ce compl\u00e9ment alimentaire vendu par Kourtney Kardashian est&#8230; totalement inutile, d&rsquo;apr\u00e8s un gyn\u00e9co<\/a><br \/><a href=\"https:\/\/www.topsante.com\/nutrition_et_recettes\/manger_equilibre\/jai-mange-deux-oeufs-par-jour-pendant-deux-semaines-et-voici-les-effets-inattendus-sur-ma-peau-917779?utm_campaign=partenariat&amp;utm_source=yahoo-articles&amp;utm_medium=flux\" rel=\"nofollow noopener\" target=\"_blank\" data-ylk=\"slk:&quot;J&#039;ai mang\u00e9 deux \u0153ufs par jour pendant deux semaines et voici les effets inattendus sur ma peau&quot;;elm:context_link;itc:0;sec:content-canvas\" class=\"link \">\u00ab\u00a0J&rsquo;ai mang\u00e9 deux \u0153ufs par jour pendant deux semaines et voici les effets inattendus sur ma peau\u00a0\u00bb<\/a><br \/><a href=\"https:\/\/www.topsante.com\/medecine\/accidents_et_traumatismes\/traumatisme_cranien\/apres-un-choc-a-la-tete-quels-sont-les-15-symptomes-qui-doivent-amener-a-consulter-917803?utm_campaign=partenariat&amp;utm_source=yahoo-articles&amp;utm_medium=flux\" rel=\"nofollow noopener\" target=\"_blank\" data-ylk=\"slk:Apr\u00e8s un choc \u00e0 la t\u00eate, quels sont les 15 sympt\u00f4mes qui doivent amener \u00e0 consulter ?;elm:context_link;itc:0;sec:content-canvas\" class=\"link \">Apr\u00e8s un choc \u00e0 la t\u00eate, quels sont les 15 sympt\u00f4mes qui doivent amener \u00e0 consulter ?<\/a><\/p>\n","protected":false},"excerpt":{"rendered":"Danni Duncan, coach de fitness bas\u00e9e \u00e0 Melbourne en Australie, a r\u00e9v\u00e9l\u00e9 avoir d\u00e9velopp\u00e9 un cancer de l\u2019intestin&hellip;\n","protected":false},"author":2,"featured_media":175102,"comment_status":"","ping_status":"","sticky":false,"template":"","format":"standard","meta":{"footnotes":""},"categories":[10],"tags":[101,1011,27,72,31034,71],"class_list":{"0":"post-175101","1":"post","2":"type-post","3":"status-publish","4":"format-standard","5":"has-post-thumbnail","7":"category-sante","8":"tag-cancer","9":"tag-fr","10":"tag-france","11":"tag-health","12":"tag-melbourne","13":"tag-sante"},"share_on_mastodon":{"url":"https:\/\/pubeurope.com\/@fr\/114680003864574861","error":""},"_links":{"self":[{"href":"https:\/\/www.europesays.com\/fr\/wp-json\/wp\/v2\/posts\/175101","targetHints":{"allow":["GET"]}}],"collection":[{"href":"https:\/\/www.europesays.com\/fr\/wp-json\/wp\/v2\/posts"}],"about":[{"href":"https:\/\/www.europesays.com\/fr\/wp-json\/wp\/v2\/types\/post"}],"author":[{"embeddable":true,"href":"https:\/\/www.europesays.com\/fr\/wp-json\/wp\/v2\/users\/2"}],"replies":[{"embeddable":true,"href":"https:\/\/www.europesays.com\/fr\/wp-json\/wp\/v2\/comments?post=175101"}],"version-history":[{"count":0,"href":"https:\/\/www.europesays.com\/fr\/wp-json\/wp\/v2\/posts\/175101\/revisions"}],"wp:featuredmedia":[{"embeddable":true,"href":"https:\/\/www.europesays.com\/fr\/wp-json\/wp\/v2\/media\/175102"}],"wp:attachment":[{"href":"https:\/\/www.europesays.com\/fr\/wp-json\/wp\/v2\/media?parent=175101"}],"wp:term":[{"taxonomy":"category","embeddable":true,"href":"https:\/\/www.europesays.com\/fr\/wp-json\/wp\/v2\/categories?post=175101"},{"taxonomy":"post_tag","embeddable":true,"href":"https:\/\/www.europesays.com\/fr\/wp-json\/wp\/v2\/tags?post=175101"}],"curies":[{"name":"wp","href":"https:\/\/api.w.org\/{rel}","templated":true}]}}