{"id":175112,"date":"2025-06-14T05:18:09","date_gmt":"2025-06-14T05:18:09","guid":{"rendered":"https:\/\/www.europesays.com\/fr\/175112\/"},"modified":"2025-06-14T05:18:09","modified_gmt":"2025-06-14T05:18:09","slug":"les-passagers-du-car-scolaire-etaient-en-visite-a-ploermel","status":"publish","type":"post","link":"https:\/\/www.europesays.com\/fr\/175112\/","title":{"rendered":"les passagers du car scolaire \u00e9taient en visite \u00e0 Plo\u00ebrmel"},"content":{"rendered":"<p>            Par<br \/>\n        <strong><br \/>\n            <a href=\"https:\/\/actu.fr\/auteur\/journaliste-pl\" title=\"Consulter tous les articles de R\u00e9daction Plo\u00ebrmel\" rel=\"nofollow noopener\" target=\"_blank\">R\u00e9daction Plo\u00ebrmel<\/a><br \/>\n        <\/strong><\/p>\n<p>        Publi\u00e9 le<\/p>\n<p>            13 juin 2025 \u00e0 18h11<br \/>\n        ; mis \u00e0 jour le 13 juin 2025 \u00e0 19h13    <\/p>\n<p>Un <a href=\"https:\/\/actu.fr\/pays-de-la-loire\/degre_72113\/grave-accident-de-car-sur-lautoroute-a81-pres-du-mans-plusieurs-personnes-tuees_62769361.html\" rel=\"nofollow noopener\" target=\"_blank\">dramatique accident<\/a> s\u2019est produit sur l\u2019<b>autoroute A81\u00a0<\/b>dans la\u00a0<b>Sarthe\u00a0<\/b>vendredi <b>13\u00a0juin 2025<\/b>. Un car transportant des adultes et adolescents de nationalit\u00e9 ukrainienne s\u2019est couch\u00e9 sur la voie rapide entre Laval et Le\u00a0Mans.<\/p>\n<p class=\" wall-content\">Le bilan provisoire de cet accident est particuli\u00e8rement lourd. <b>Quatre personnes sont d\u00e9c\u00e9d\u00e9es<\/b>, 11 sont gravement bless\u00e9es et 34 ont \u00e9t\u00e9 bless\u00e9es l\u00e9g\u00e8rement.<\/p>\n<p>Les victimes rentraient d\u2019une visite \u00e0 Plo\u00ebrmel<\/p>\n<p class=\" wall-content\">Selon les informations d\u2019<a href=\"https:\/\/actu.fr\/le-mans\" rel=\"nofollow noopener\" target=\"_blank\">Actu Le\u00a0Mans<\/a> confirm\u00e9e par l\u2019ambassade d\u2019Ukraine en France \u00e0 <b>l\u2019Agence France Presse,<\/b> les adolescents et leurs neuf accompagnants pr\u00e9sents dans le car au moment des faits rentraient d\u2019un voyage scolaire en France.<\/p>\n<p class=\" wall-content\">Mercredi <b>11\u00a0juin 2025<\/b>, ils s\u2019\u00e9taient balad\u00e9s \u00e0 Plo\u00ebrmel et dans les environs avant de visiter l\u2019exploitation agricole du <b>lyc\u00e9e La Touche\u00a0<\/b>en soir\u00e9e avec le directeur Nicolas J\u00e9hanno.<\/p>\n<p class=\" wall-content\">\u00ab\u2009Je les ai re\u00e7us parce que je connais l\u2019un des accompagnateurs depuis 15 ans. Nous envisagions, \u00e0 plus long terme, de mettre sur pied un \u00e9change scolaire. Nous avions d\u00e9j\u00e0 accueilli des \u00e9l\u00e8ves l\u2019an pass\u00e9\u2009\u00bb, contextualise le chef d\u2019\u00e9tablissement, profond\u00e9ment \u00ab\u2009attrist\u00e9\u2009\u00bb par le drame. \u00ab\u2009Je cherche \u00e0 joindre mon contact sans succ\u00e8s pour le moment\u2009\u00bb, explique celui qui tente aussi d\u2019\u00e9changer avec le lyc\u00e9e ukrainien.<\/p>\n<p>Ils avaient dormi au lyc\u00e9e La Touche<\/p>\n<p class=\" wall-content\">La d\u00e9l\u00e9gation ukrainienne \u00e9tait arriv\u00e9e dans la cit\u00e9 ducale dans la nuit du mardi\u00a010 au mercredi 11\u00a0juin 2025. Les adolescents et leurs accompagnateurs ont dormi deux nuits au sein de l\u2019internat du lyc\u00e9e plo\u00ebrmelais. \u00ab\u2009Ils ont visit\u00e9 la presqu\u2019\u00eele de Rhuys et roulaient ce matin vers Paris pour voir la Tour Eiffel\u2009\u00bb, informe Nicolas J\u00e9hanno.<\/p>\n<p>Vid\u00e9os : en ce moment sur Actu<\/p>\n<p class=\" wall-content\">L\u2019autocar se trouvait donc sur la route du retour vers Kitsman, en Ukraine, au moment o\u00f9 le terrible accident s\u2019est produit.<\/p>\n<p class=\" wall-content\">Suivez toute l\u2019actualit\u00e9 de vos villes et m\u00e9dias favoris en vous inscrivant \u00e0 <a href=\"https:\/\/moncompte.actu.fr\" title=\"D\u00e9couvez Mon Actu\" rel=\"nofollow noopener\" data-trk=\"{&quot;cta&quot;:{&quot;action&quot;:&quot;https:\\\/\\\/moncompte.actu.fr&quot;,&quot;category&quot;:&quot;mon compte&quot;,&quot;from&quot;:&quot;article footer&quot;,&quot;name&quot;:&quot;Mon actu&quot;,&quot;type&quot;:&quot;cta&quot;}}\" target=\"_blank\">Mon Actu<\/a>.<\/p>\n","protected":false},"excerpt":{"rendered":"Par R\u00e9daction Plo\u00ebrmel Publi\u00e9 le 13 juin 2025 \u00e0 18h11 ; mis \u00e0 jour le 13 juin 2025&hellip;\n","protected":false},"author":2,"featured_media":175113,"comment_status":"","ping_status":"","sticky":false,"template":"","format":"standard","meta":{"footnotes":""},"categories":[2],"tags":[119,11,118,1011,27,12],"class_list":{"0":"post-175112","1":"post","2":"type-post","3":"status-publish","4":"format-standard","5":"has-post-thumbnail","7":"category-actualites","8":"tag-accident","9":"tag-actualites","10":"tag-faits-divers","11":"tag-fr","12":"tag-france","13":"tag-news"},"share_on_mastodon":{"url":"https:\/\/pubeurope.com\/@fr\/114680031008084987","error":""},"_links":{"self":[{"href":"https:\/\/www.europesays.com\/fr\/wp-json\/wp\/v2\/posts\/175112","targetHints":{"allow":["GET"]}}],"collection":[{"href":"https:\/\/www.europesays.com\/fr\/wp-json\/wp\/v2\/posts"}],"about":[{"href":"https:\/\/www.europesays.com\/fr\/wp-json\/wp\/v2\/types\/post"}],"author":[{"embeddable":true,"href":"https:\/\/www.europesays.com\/fr\/wp-json\/wp\/v2\/users\/2"}],"replies":[{"embeddable":true,"href":"https:\/\/www.europesays.com\/fr\/wp-json\/wp\/v2\/comments?post=175112"}],"version-history":[{"count":0,"href":"https:\/\/www.europesays.com\/fr\/wp-json\/wp\/v2\/posts\/175112\/revisions"}],"wp:featuredmedia":[{"embeddable":true,"href":"https:\/\/www.europesays.com\/fr\/wp-json\/wp\/v2\/media\/175113"}],"wp:attachment":[{"href":"https:\/\/www.europesays.com\/fr\/wp-json\/wp\/v2\/media?parent=175112"}],"wp:term":[{"taxonomy":"category","embeddable":true,"href":"https:\/\/www.europesays.com\/fr\/wp-json\/wp\/v2\/categories?post=175112"},{"taxonomy":"post_tag","embeddable":true,"href":"https:\/\/www.europesays.com\/fr\/wp-json\/wp\/v2\/tags?post=175112"}],"curies":[{"name":"wp","href":"https:\/\/api.w.org\/{rel}","templated":true}]}}