{"id":175215,"date":"2025-06-14T06:16:17","date_gmt":"2025-06-14T06:16:17","guid":{"rendered":"https:\/\/www.europesays.com\/fr\/175215\/"},"modified":"2025-06-14T06:16:17","modified_gmt":"2025-06-14T06:16:17","slug":"veronique-de-villele-vexee-apres-une-remarque-de-faustine-bollaert-elle-replique-video","status":"publish","type":"post","link":"https:\/\/www.europesays.com\/fr\/175215\/","title":{"rendered":"V\u00e9ronique de Vill\u00e8le vex\u00e9e apr\u00e8s une remarque de Faustine Bollaert, elle r\u00e9plique (VIDEO)"},"content":{"rendered":"<p>Lors de son passage sur le plateau de \u00c7a commence aujourd&rsquo;hui, V\u00e9ronique de Vill\u00e8le a notamment \u00e9voqu\u00e9 son duo culte avec Davina dans Gym Tonic et a \u00e9t\u00e9 choqu\u00e9e par une remarque de Faustine Bollaert.<\/p>\n<p>V\u00e9ronique et Davina ont marqu\u00e9 la t\u00e9l\u00e9 des ann\u00e9es 80. Pendant tr\u00e8s longtemps, le c\u00e9l\u00e8bre duo a r\u00e9veill\u00e9 les Fran\u00e7ais avec<a href=\"https:\/\/www.programme-tv.net\/news\/tv\/331910-jai-un-scoop-lex-star-de-gym-tonic-veronique-de-villele-annonce-son-grand-retour-a-la-tele-mais-sans-davina\/\" data-api-deeplink=\"teleloisirs:\/\/news\/331910\" target=\"_blank\" rel=\"noopener\"> leur \u00e9mission Gym Tonic.<\/a> Ce vendredi 13 juin, France 2 a rediffus\u00e9 un \u00e9pisode de \u00c7a commence aujourd&rsquo;hui intitul\u00e9 : Succ\u00e8s, complicit\u00e9, fous rires, c&rsquo;est \u00e0 deux qu&rsquo;ils ont r\u00e9ussi !. V\u00e9ronique de Vill\u00e8le y \u00e9voquait alors son programme mythique et son inoubliable duo avec Davina Delor. En plus de <a href=\"https:\/\/www.programme-tv.net\/news\/people\/364404-javais-18-ans-au-volant-de-sa-porsche-veronique-de-villele-se-rememore-sa-rencontre-avec-alain-delon\/\" data-api-deeplink=\"teleloisirs:\/\/news\/364404\" target=\"_blank\" rel=\"noopener\">la grande amie d&rsquo;Alain Delon<\/a>, Faustine Bollaert\u00a0recevait \u00e9galement <a href=\"https:\/\/www.programme-tv.net\/news\/tv\/332010-sandrine-arcizet-animaux-a-adopter-avec-elodie-ageron-on-est-des-soeurs-de-coeur\/\" data-api-deeplink=\"teleloisirs:\/\/news\/332010\" target=\"_blank\" rel=\"noopener\">Elodie Ageron et Sandrine Arcizet<\/a>, duo incontournable de l\u2019\u00e9mission Les Animaux de la 8 ou encore <a href=\"https:\/\/www.programme-tv.net\/biographie\/17226-ithurbide-caroline\/\" data-api-deeplink=\"teleloisirs:\/\/person\/17226\" target=\"_blank\" rel=\"noopener\">Caroline Ithurbide<\/a> et Albert Spano, qui pr\u00e9sentent la matinale de RFM.<\/p>\n<p>\u00ab\u00a0Eh bah dis donc\u2026\u00a0\u00bb : V\u00e9ronique de Vill\u00e8le se confie sur ses cours de gym, Faustine Bollaet ne cache pas sa surprise<\/p>\n<p>C&rsquo;est dans les ann\u00e9es 80 que <a href=\"https:\/\/www.programme-tv.net\/news\/tv\/361908-je-ne-savais-pas-faustine-bollaert-choquee-en-decouvrant-une-anecdote-meconnue-de-veronique-de-villele-sur-son-duo-avec-davina-delor-dans-gym-tonic\/\" data-api-deeplink=\"teleloisirs:\/\/news\/361908\" target=\"_blank\" rel=\"noopener\">V\u00e9ronique de Vill\u00e8le et Davina Delor pr\u00e9sentaient leur programme Gym Tonic<\/a>. Sur le plateau \u00c7a commence aujourd&rsquo;hui, la prof de fitness a \u00e9voqu\u00e9 les cours qu&rsquo;elle a donn\u00e9s. \u00ab\u00a0Moi aujourd&rsquo;hui, dans mes cours, on pense que je suis tr\u00e8s tr\u00e8s s\u00e9v\u00e8re, je le suis, mais en m\u00eame temps, je fais un peu d&rsquo;humour. Mais je peux vous dire que \u00e7a marche au carr\u00e9. Moi, j&rsquo;ai 45 personnes tous les matins dans mes cours, s&rsquo;il n&rsquo;y a pas une rigueur et s&rsquo;il n&rsquo;y a pas de l&rsquo;ordre, mais vous imaginez\u00a0\u00bb, a-t-elle d\u00e9clar\u00e9. Apr\u00e8s avoir appris que son invit\u00e9e avait 75 ans, Faustine Bollaert n&rsquo;a pas cach\u00e9 sa surprise, avant de vite se reprendre. \u00ab\u00a0Eh bah dis donc\u2026 Non mais c&rsquo;est tr\u00e8s jeune\u00a0\u00bb, a-t-elle lanc\u00e9, d\u00e9clenchant le rire de ses invit\u00e9s.<\/p>\n<p>                        \u00ab\u00a0Je vais pas vendre des pizzas\u00a0\u00bb : V\u00e9ronique de Vill\u00e8le vex\u00e9e par une remarque de Faustine Bollaert, elle lui r\u00e9pond<\/p>\n<p>\u00ab\u00a0Non mais je parlais par rapport au fait que vous faisiez du sport tous les matins avec 45 personnes !\u00a0\u00bb, a alors tent\u00e9 de se justifier Faustine Bollaert. \u00ab\u00a0Vous les dirigez, mais <b>vous ne faites pas du gainage pendant une heure tous les matins<\/b>\u00ab\u00a0, a-t-elle suppos\u00e9. Une remarque qui a vex\u00e9 <a href=\"https:\/\/www.programme-tv.net\/news\/people\/380112-j-avais-toutes-les-extremites-dont-la-bouche-qui-se-deformaient-veronique-de-villele-revele-pour-la-premiere-fois-la-cause-de-son-changement-physique\/\" data-api-deeplink=\"teleloisirs:\/\/news\/380112\" target=\"_blank\" rel=\"noopener\">V\u00e9ronique de Vill\u00e8le<\/a>\u00a0: <b>\u00ab\u00a0Vous croyez que je fais quoi ? Je vais pas vendre des pizzas\u00a0\u00bb<\/b>, a-t-elle r\u00e9torqu\u00e9. \u00ab\u00a0Vous faites tout le cours avec eux ?\u00a0\u00bb, a insist\u00e9 Faustine Bollaert, \u00e9tonn\u00e9e. \u00ab\u00a0Bah bien s\u00fbr que oui ! \u00c7a s&rsquo;est une photo de cours tr\u00e8s r\u00e9cente\u00a0\u00bb, a r\u00e9pondu <a href=\"https:\/\/www.programme-tv.net\/news\/people\/380112-j-avais-toutes-les-extremites-dont-la-bouche-qui-se-deformaient-veronique-de-villele-revele-pour-la-premiere-fois-la-cause-de-son-changement-physique\/\" data-api-deeplink=\"teleloisirs:\/\/news\/380112\" target=\"_blank\" rel=\"noopener\">V\u00e9ronique de Vill\u00e8le<\/a> alors qu&rsquo;une photo d&rsquo;elle en plein cours \u00e9tait diffus\u00e9 \u00e0 l&rsquo;\u00e9cran.<\/p>\n","protected":false},"excerpt":{"rendered":"Lors de son passage sur le plateau de \u00c7a commence aujourd&rsquo;hui, V\u00e9ronique de Vill\u00e8le a notamment \u00e9voqu\u00e9 son&hellip;\n","protected":false},"author":2,"featured_media":175216,"comment_status":"","ping_status":"","sticky":false,"template":"","format":"standard","meta":{"footnotes":""},"categories":[1359],"tags":[244,58,59,6308,1011,27,973,6309,26962,1421],"class_list":{"0":"post-175215","1":"post","2":"type-post","3":"status-publish","4":"format-standard","5":"has-post-thumbnail","7":"category-people","8":"tag-commentaire","9":"tag-divertissement","10":"tag-entertainment","11":"tag-faustine-bollaert","12":"tag-fr","13":"tag-france","14":"tag-people","15":"tag-u00c7a-commence-aujourdhui","16":"tag-vu00e9ronique-de-villu00e8le","17":"tag-zap"},"share_on_mastodon":{"url":"https:\/\/pubeurope.com\/@fr\/114680259088345815","error":""},"_links":{"self":[{"href":"https:\/\/www.europesays.com\/fr\/wp-json\/wp\/v2\/posts\/175215","targetHints":{"allow":["GET"]}}],"collection":[{"href":"https:\/\/www.europesays.com\/fr\/wp-json\/wp\/v2\/posts"}],"about":[{"href":"https:\/\/www.europesays.com\/fr\/wp-json\/wp\/v2\/types\/post"}],"author":[{"embeddable":true,"href":"https:\/\/www.europesays.com\/fr\/wp-json\/wp\/v2\/users\/2"}],"replies":[{"embeddable":true,"href":"https:\/\/www.europesays.com\/fr\/wp-json\/wp\/v2\/comments?post=175215"}],"version-history":[{"count":0,"href":"https:\/\/www.europesays.com\/fr\/wp-json\/wp\/v2\/posts\/175215\/revisions"}],"wp:featuredmedia":[{"embeddable":true,"href":"https:\/\/www.europesays.com\/fr\/wp-json\/wp\/v2\/media\/175216"}],"wp:attachment":[{"href":"https:\/\/www.europesays.com\/fr\/wp-json\/wp\/v2\/media?parent=175215"}],"wp:term":[{"taxonomy":"category","embeddable":true,"href":"https:\/\/www.europesays.com\/fr\/wp-json\/wp\/v2\/categories?post=175215"},{"taxonomy":"post_tag","embeddable":true,"href":"https:\/\/www.europesays.com\/fr\/wp-json\/wp\/v2\/tags?post=175215"}],"curies":[{"name":"wp","href":"https:\/\/api.w.org\/{rel}","templated":true}]}}