{"id":175219,"date":"2025-06-14T06:19:26","date_gmt":"2025-06-14T06:19:26","guid":{"rendered":"https:\/\/www.europesays.com\/fr\/175219\/"},"modified":"2025-06-14T06:19:26","modified_gmt":"2025-06-14T06:19:26","slug":"michel-drucker-tacle-par-christine-bravo-dans-les-grosses-tetes-laurent-ruquier-sinsurge","status":"publish","type":"post","link":"https:\/\/www.europesays.com\/fr\/175219\/","title":{"rendered":"Michel Drucker tacl\u00e9 par Christine Bravo dans Les Grosses T\u00eates, Laurent Ruquier s&rsquo;insurge"},"content":{"rendered":"<p>Invit\u00e9e des Grosses T\u00eates ce vendredi 13 juin 2025, Christine Bravo a clash\u00e9 Michel Drucker, qui pr\u00e9sente une nouvelle \u00e9mission \u00e0 la t\u00e9l\u00e9, et \u00e7a n&rsquo;a pas plu \u00e0 Laurent Ruquier.<\/p>\n<p>Christine Bravo a fait les belles heures de la t\u00e9l\u00e9vision. En 1992, elle lance Frou-frou, entour\u00e9e d&rsquo;un casting enti\u00e8rement f\u00e9minin. Elle revient quelques ann\u00e9es plus tard avec Union libre, un programme novateur d\u00e9di\u00e9 \u00e0 l&rsquo;Europe, qui a notamment permis \u00e0 <a href=\"https:\/\/www.programme-tv.net\/biographie\/10136-aliagas-nikos\/\" data-link-people=\"f7aba040-9169-4e30-aac3-6e2ca1bb8457\" target=\"_blank\" rel=\"noopener\">Nikos Aliagas<\/a> de faire ses premiers pas \u00e0 la t\u00e9l\u00e9vision fran\u00e7aise. Ces derni\u00e8res ann\u00e9es, l&rsquo;animatrice a vulgaris\u00e9 l&rsquo;histoire de France sur Ch\u00e9rie 25 avec Sous les jupons de l&rsquo;histoire. En 2022, elle a \u00e9pous\u00e9 <a href=\"https:\/\/www.programme-tv.net\/news\/people\/258922-christine-bravo-devoile-la-photo-de-stephane-son-nouvel-amoureux\/\" data-api-deeplink=\"teleloisirs:\/\/news\/258922\" target=\"_blank\" rel=\"noopener\">son compagnon St\u00e9phane Bachot<\/a> et elle coule d\u00e9sormais une retraite paisible en Corse avec lui, malgr\u00e9 <a href=\"https:\/\/www.programme-tv.net\/news\/tv\/372151-c-est-un-carnage-absolu-christine-bravo-appelle-a-l-aide-julien-courbet-dans-ca-peut-vous-arriver-et-raconte-sa-grosse-mesaventure\/\" data-api-deeplink=\"teleloisirs:\/\/news\/372151\" target=\"_blank\" rel=\"noopener\">quelques \u00e9cueils<\/a>. Elle a malheureusement d\u00fb <a href=\"https:\/\/www.programme-tv.net\/news\/people\/366806-ma-vie-n-en-etait-plus-une-christine-bravo-operee-de-la-colonne-vertebrale-elle-se-confie-sur-son-etat-de-sante-fragile\/\" data-api-deeplink=\"teleloisirs:\/\/news\/366806\" target=\"_blank\" rel=\"noopener\">subir une douloureuse op\u00e9ration du dos. <\/a><\/p>\n<p>Christine Bravo rejoint occasionnellement les soci\u00e9taires des Grosses T\u00eates lorsqu&rsquo;elle quitte la Corse. Ce vendredi 13 juin, elle comptait parmi les invit\u00e9s de Laurent Ruquier aux c\u00f4t\u00e9s d&rsquo;Adil Rami ou de Paul El Kharrat. Avec son franc-parler coutumier, la f\u00e9rue d&rsquo;histoire a r\u00e9agi \u00e0 une question pos\u00e9e par l&rsquo;animateur. Elle a ainsi d\u00e9couvert que <a href=\"https:\/\/www.programme-tv.net\/news\/tv\/380970-faut-que-tu-mexpliques-michel-drucker-invite-surprise-des-12-coups-de-midi-il-demande-conseil-a-emilien\/\" data-api-deeplink=\"teleloisirs:\/\/news\/380970\" target=\"_blank\" rel=\"noopener\">Michel Drucker allait pr\u00e9senter une nouvelle \u00e9mission sur France 3<\/a>, ce qui l&rsquo;a fait sortir de ses gonds<b>. \u00ab\u00a0Ce n&rsquo;est pas humain. Toutes les bonnes femmes au dessus de cinquante ans se sont fait d\u00e9gager de la t\u00e9l\u00e9 parce que vieilles et moches et l&rsquo;autre, il est l\u00e0, il a encore une \u00e9mission\u00a0\u00bb,<\/b> s&rsquo;est-elle insurg\u00e9e. Laurent Ruquier a tent\u00e9 de d\u00e9fendre l&rsquo;animateur octog\u00e9naire. \u00ab\u00a0On ne l&rsquo;appelle pas l&rsquo;autre, c&rsquo;est notre taulier, Michel Drucker\u00a0\u00bb, lui a-t-il fait remarquer. \u00ab\u00a0<b>On pourrait donner des \u00e9missions \u00e0 des femmes plut\u00f4t qu&rsquo;\u00e0 des vieux<\/b>\u00ab\u00a0, a-t-elle poursuivi sans se d\u00e9monter.<\/p>\n<p>                        Laurent Ruquier recadre Christine Bravo : \u00ab\u00a0Il n&rsquo;y a pas d&rsquo;\u00e2ge pour avoir une nouvelle \u00e9mission\u00a0\u00bb<\/p>\n<p>\u00ab\u00a0Il n&rsquo;y a pas d&rsquo;\u00e2ge pour avoir une nouvelle \u00e9mission\u00a0\u00bb, s&rsquo;est offusqu\u00e9 Laurent Ruquier. Il a rappel\u00e9 au passage que la sienne d\u00e9marrait ce samedi 14 juin \u00e0 20 heures sur T18. \u00ab\u00a0\u00c7a aussi, c&rsquo;est pas normal\u00a0\u00bb, a comment\u00e9 Christine Bravo. \u00ab\u00a0Puisque Michel Drucker a une nouvelle \u00e9mission ce soir, je ne vois pas pourquoi je n&rsquo;en aurais pas une nouvelle\u00a0\u00bb, a-t-il pr\u00e9cis\u00e9. D&rsquo;apr\u00e8s l&rsquo;animateur, si Christine Bravo n&rsquo;est plus \u00e0 la t\u00e9l\u00e9vision, c&rsquo;est parce qu&rsquo;elle ne le veut pas. \u00ab\u00a0Ca d\u00e9pend \u00e0 combien\u00a0\u00bb, a-t-elle remarqu\u00e9. Avant de reconna\u00eetre que la t\u00e9l\u00e9vision ne payait plus assez pour elle.<\/p>\n","protected":false},"excerpt":{"rendered":"Invit\u00e9e des Grosses T\u00eates ce vendredi 13 juin 2025, Christine Bravo a clash\u00e9 Michel Drucker, qui pr\u00e9sente une&hellip;\n","protected":false},"author":2,"featured_media":175220,"comment_status":"","ping_status":"","sticky":false,"template":"","format":"standard","meta":{"footnotes":""},"categories":[1356],"tags":[31049,244,58,59,1011,27,1759,13687,877,252,1364],"class_list":{"0":"post-175219","1":"post","2":"type-post","3":"status-publish","4":"format-standard","5":"has-post-thumbnail","7":"category-television","8":"tag-christine-bravo","9":"tag-commentaire","10":"tag-divertissement","11":"tag-entertainment","12":"tag-fr","13":"tag-france","14":"tag-laurent-ruquier","15":"tag-les-grosses-tu00eates","16":"tag-michel-drucker","17":"tag-television","18":"tag-tv"},"share_on_mastodon":{"url":"https:\/\/pubeurope.com\/@fr\/114680270919658608","error":""},"_links":{"self":[{"href":"https:\/\/www.europesays.com\/fr\/wp-json\/wp\/v2\/posts\/175219","targetHints":{"allow":["GET"]}}],"collection":[{"href":"https:\/\/www.europesays.com\/fr\/wp-json\/wp\/v2\/posts"}],"about":[{"href":"https:\/\/www.europesays.com\/fr\/wp-json\/wp\/v2\/types\/post"}],"author":[{"embeddable":true,"href":"https:\/\/www.europesays.com\/fr\/wp-json\/wp\/v2\/users\/2"}],"replies":[{"embeddable":true,"href":"https:\/\/www.europesays.com\/fr\/wp-json\/wp\/v2\/comments?post=175219"}],"version-history":[{"count":0,"href":"https:\/\/www.europesays.com\/fr\/wp-json\/wp\/v2\/posts\/175219\/revisions"}],"wp:featuredmedia":[{"embeddable":true,"href":"https:\/\/www.europesays.com\/fr\/wp-json\/wp\/v2\/media\/175220"}],"wp:attachment":[{"href":"https:\/\/www.europesays.com\/fr\/wp-json\/wp\/v2\/media?parent=175219"}],"wp:term":[{"taxonomy":"category","embeddable":true,"href":"https:\/\/www.europesays.com\/fr\/wp-json\/wp\/v2\/categories?post=175219"},{"taxonomy":"post_tag","embeddable":true,"href":"https:\/\/www.europesays.com\/fr\/wp-json\/wp\/v2\/tags?post=175219"}],"curies":[{"name":"wp","href":"https:\/\/api.w.org\/{rel}","templated":true}]}}