{"id":175300,"date":"2025-06-14T07:04:10","date_gmt":"2025-06-14T07:04:10","guid":{"rendered":"https:\/\/www.europesays.com\/fr\/175300\/"},"modified":"2025-06-14T07:04:10","modified_gmt":"2025-06-14T07:04:10","slug":"plongez-dans-lere-jurassique-dinos-alive-une-experience-immersive-palpitante-a-paris-expo","status":"publish","type":"post","link":"https:\/\/www.europesays.com\/fr\/175300\/","title":{"rendered":"Plongez dans l\u2019\u00e8re jurassique\u00a0:\u00ab\u00a0Dinos alive\u00a0\u00bb, une exp\u00e9rience immersive palpitante \u00e0 Paris Expo"},"content":{"rendered":"<p class=\"paragraph text_align_left\">Tous les deux ou trois ans, Paris accueille une exposition g\u00e9ante sur les dinosaures. La nouvelle, \u00ab Dinos alive \u00bb, pousse l\u2019exp\u00e9rience encore plus loin, avec une immersion finale en <a href=\"https:\/\/www.leparisien.fr\/sports\/basket\/une-parenthese-de-bonheur-grace-a-la-realite-virtuelle-ils-ont-suivi-un-match-deuroligue-depuis-lhopital-26-03-2025-CA4A4X3NFBFRDD5ZYEM2PPYDTM.php\" target=\"_blank\" rel=\"noreferrer nofollow noopener\">r\u00e9alit\u00e9 virtuelle<\/a> (VR) tr\u00e8s r\u00e9ussie. Pendant 15 minutes (minimum), casque sur les yeux, on se trouve projet\u00e9 au temps des dinosaures, dans le Colorado ou \u00e0 l\u2019\u00eele Maurice, au milieu de la roche aride, dans une v\u00e9g\u00e9tation luxuriante ou en bord de plage.<\/p>\n<p class=\"paragraph text_align_left\">Une voix nous accompagne dans les diff\u00e9rents univers. Les dinos volent au-dessus de nos t\u00eates, il faut passer sur un tronc d\u2019arbre au-dessus du vide pour changer de d\u00e9cor. La voix invite \u00e0 toucher un \u00e9norme crabe sur un rocher, qui s\u2019envole brusquement. Les animaux virtuels passent \u00e0 port\u00e9e de main, on entend leurs cris, les battements de leurs ailes, leur respiration, le bruit du vent.<\/p>\n","protected":false},"excerpt":{"rendered":"Tous les deux ou trois ans, Paris accueille une exposition g\u00e9ante sur les dinosaures. La nouvelle, \u00ab Dinos&hellip;\n","protected":false},"author":2,"featured_media":175301,"comment_status":"","ping_status":"","sticky":false,"template":"","format":"standard","meta":{"footnotes":""},"categories":[1888],"tags":[11,872,1777,674,1011,27,12,626,25,6047],"class_list":{"0":"post-175300","1":"post","2":"type-post","3":"status-publish","4":"format-standard","5":"has-post-thumbnail","7":"category-paris","8":"tag-actualites","9":"tag-culture-et-loisirs","10":"tag-eu","11":"tag-europe","12":"tag-fr","13":"tag-france","14":"tag-news","15":"tag-paris","16":"tag-republique-francaise","17":"tag-sortir-en-region-parisienne"},"share_on_mastodon":{"url":"https:\/\/pubeurope.com\/@fr\/114680447867399628","error":""},"_links":{"self":[{"href":"https:\/\/www.europesays.com\/fr\/wp-json\/wp\/v2\/posts\/175300","targetHints":{"allow":["GET"]}}],"collection":[{"href":"https:\/\/www.europesays.com\/fr\/wp-json\/wp\/v2\/posts"}],"about":[{"href":"https:\/\/www.europesays.com\/fr\/wp-json\/wp\/v2\/types\/post"}],"author":[{"embeddable":true,"href":"https:\/\/www.europesays.com\/fr\/wp-json\/wp\/v2\/users\/2"}],"replies":[{"embeddable":true,"href":"https:\/\/www.europesays.com\/fr\/wp-json\/wp\/v2\/comments?post=175300"}],"version-history":[{"count":0,"href":"https:\/\/www.europesays.com\/fr\/wp-json\/wp\/v2\/posts\/175300\/revisions"}],"wp:featuredmedia":[{"embeddable":true,"href":"https:\/\/www.europesays.com\/fr\/wp-json\/wp\/v2\/media\/175301"}],"wp:attachment":[{"href":"https:\/\/www.europesays.com\/fr\/wp-json\/wp\/v2\/media?parent=175300"}],"wp:term":[{"taxonomy":"category","embeddable":true,"href":"https:\/\/www.europesays.com\/fr\/wp-json\/wp\/v2\/categories?post=175300"},{"taxonomy":"post_tag","embeddable":true,"href":"https:\/\/www.europesays.com\/fr\/wp-json\/wp\/v2\/tags?post=175300"}],"curies":[{"name":"wp","href":"https:\/\/api.w.org\/{rel}","templated":true}]}}