{"id":175310,"date":"2025-06-14T07:09:09","date_gmt":"2025-06-14T07:09:09","guid":{"rendered":"https:\/\/www.europesays.com\/fr\/175310\/"},"modified":"2025-06-14T07:09:09","modified_gmt":"2025-06-14T07:09:09","slug":"david-beckham-a-ete-anobli-par-le-roi-charles-iii","status":"publish","type":"post","link":"https:\/\/www.europesays.com\/fr\/175310\/","title":{"rendered":"David Beckham a \u00e9t\u00e9 anobli par le roi Charles\u00a0III"},"content":{"rendered":"<p>Ils peuvent d\u00e9sormais se faire appeler \u00ab\u00a0Sir\u00a0\u00bb\u00a0: l&rsquo;ex-footballeur <a href=\"https:\/\/www.ledauphine.com\/p\/david-beckham\" target=\"_blank\" rel=\"nofollow noopener\">David Beckham<\/a> ainsi que l&rsquo;acteur Gary Oldman ont \u00e9t\u00e9 faits chevaliers par le roi <a href=\"https:\/\/www.ledauphine.com\/p\/roi-charles-iii\" target=\"_blank\" rel=\"nofollow noopener\">Charles III<\/a>. Les deux personnalit\u00e9s ont \u00e9t\u00e9 distingu\u00e9es pour leurs services \u00e0 la soci\u00e9t\u00e9 britannique, selon la traditionnelle liste des honneurs publi\u00e9e vendredi.<\/p>\n<p>\u00ab\u00a0Je n&rsquo;aurais jamais pu imaginer que je recevrais un tel honneur\u00a0\u00bb, a r\u00e9agi David Beckham, qui a grandi dans l&rsquo;est de Londres dans un milieu modeste, avec \u00ab\u00a0des parents et des grands-parents patriotes et fiers d&rsquo;\u00eatre Britanniques\u00a0\u00bb. L&rsquo;ancien footballeur de 50 ans, qui a pris sa retraite en 2013, et son \u00e9pouse Victoria, cr\u00e9atrice de mode et ancienne Spice Girl deviennent Sir David et Lady Victoria.<\/p>\n<p>Proches de la famille royale<\/p>\n<p>David Beckham, <a href=\"https:\/\/www.ledauphine.com\/societe\/2025\/06\/06\/appelez-le-sir-david-beckham-l-ancienne-star-du-football-en-passe-d-etre-anoblie\" target=\"_blank\" rel=\"nofollow noopener\">une ic\u00f4ne dans le monde du foot et de la mode<\/a>, est d\u00e9cor\u00e9 pour ses services rendus au sport et \u00e0 des organisations caritatives. L&rsquo;ancien international anglais, s&rsquo;est associ\u00e9 avec l&rsquo;Unicef et a men\u00e9 des campagnes pour Malaria No More, une organisation \u0153uvrant \u00e0 l&rsquo;\u00e9radication du paludisme.<\/p>\n<p>En juin 2024, le roi l&rsquo;avait officiellement nomm\u00e9 ambassadeur de sa fondation (King&rsquo;s foundation). Avec son \u00e9pouse, ils \u00e9voluent dans la sph\u00e8re royale depuis des ann\u00e9es. Ils avaient \u00e9t\u00e9 convi\u00e9s au mariage du <a href=\"https:\/\/www.ledauphine.com\/p\/prince-william\" target=\"_blank\" rel=\"nofollow noopener\">prince William<\/a> et de <a href=\"https:\/\/www.ledauphine.com\/p\/kate-middleton\" target=\"_blank\" rel=\"nofollow noopener\">Kate Middleton<\/a> en 2011 ainsi qu&rsquo;\u00e0 celui du <a href=\"https:\/\/www.ledauphine.com\/p\/prince-harry\" target=\"_blank\" rel=\"nofollow noopener\">prince Harry<\/a> et <a href=\"https:\/\/www.ledauphine.com\/p\/meghan-markle\" target=\"_blank\" rel=\"nofollow noopener\">Meghan Markle<\/a> en 2018.<\/p>\n<p>L&rsquo;acteur Gary Oldman (Batman, Harry Potter, Le Cinqui\u00e8me \u00c9l\u00e9ment, etc.), oscaris\u00e9 en 2018 pour son interpr\u00e9tation de Winston Churchill dans le film Les heures sombres, est lui fait chevalier pour ses services rendus \u00e0 l&rsquo;art dramatique.<\/p>\n<p>Le chanteur des Who aussi d\u00e9cor\u00e9<\/p>\n<p>Figure \u00e9galement sur la liste Roger Daltrey, le chanteur et co-fondateur en 1964 du groupe The Who, pour ses services \u00e0 la musique et \u00e0 des organisations caritatives. Depuis plus de deux d\u00e9cennies, il organise des concerts pour le Teenage Cancer Trust, pour les adolescents atteints du cancer. \u00ab\u00a0C&rsquo;est un peu bizarre, mais je suis tr\u00e8s honor\u00e9 de recevoir cette d\u00e9coration, en particulier pour l&rsquo;association Teenage Cancer Trust, et je l&rsquo;accepte en leur nom\u00a0\u00bb, a-t-il r\u00e9agi.<\/p>\n<p>\u00c0 deux reprises dans l&rsquo;ann\u00e9e, pour le Nouvel an et pour l&rsquo;anniversaire officiel du monarque, le 14 juin, des Britanniques sont d\u00e9cor\u00e9s pour leur contribution \u00e0 la soci\u00e9t\u00e9. Plus de 1\u00a0200 personnes sont distingu\u00e9es dans la nouvelle liste. Les chevaliers et dames sont le rang le plus \u00e9lev\u00e9.<\/p>\n<p>Luke Littler, 18 ans, a \u00e9t\u00e9 fait membre de l&rsquo;ordre de l&rsquo;Empire britannique (MBE) apr\u00e8s \u00eatre devenu en d\u00e9but d&rsquo;ann\u00e9e le plus jeune champion du monde des fl\u00e9chettes. Ont \u00e9galement \u00e9t\u00e9 r\u00e9compens\u00e9es des personnes de la soci\u00e9t\u00e9 civile, dont des militants qui luttent contre les attaques au couteau, un fl\u00e9au dans le pays.<\/p>\n","protected":false},"excerpt":{"rendered":"Ils peuvent d\u00e9sormais se faire appeler \u00ab\u00a0Sir\u00a0\u00bb\u00a0: l&rsquo;ex-footballeur David Beckham ainsi que l&rsquo;acteur Gary Oldman ont \u00e9t\u00e9 faits&hellip;\n","protected":false},"author":2,"featured_media":175311,"comment_status":"","ping_status":"","sticky":false,"template":"","format":"standard","meta":{"footnotes":""},"categories":[1588],"tags":[11,650,1687,1777,674,107,329,12,973,473,1853,517,1947,1851,1850,1852],"class_list":{"0":"post-175310","1":"post","2":"type-post","3":"status-publish","4":"format-standard","5":"has-post-thumbnail","7":"category-royaume-uni","8":"tag-actualites","9":"tag-cinema","10":"tag-culture-loisirs","11":"tag-eu","12":"tag-europe","13":"tag-fil-info","14":"tag-france-monde","15":"tag-news","16":"tag-people","17":"tag-royaume-uni","18":"tag-royaume-uni-de-grande-bretagne-et-dirlande-du-nord","19":"tag-sport","20":"tag-sport-national","21":"tag-uk","22":"tag-united-kingdom","23":"tag-united-kingdom-of-great-britain-and-northern-ireland"},"share_on_mastodon":{"url":"https:\/\/pubeurope.com\/@fr\/114680467551593729","error":""},"_links":{"self":[{"href":"https:\/\/www.europesays.com\/fr\/wp-json\/wp\/v2\/posts\/175310","targetHints":{"allow":["GET"]}}],"collection":[{"href":"https:\/\/www.europesays.com\/fr\/wp-json\/wp\/v2\/posts"}],"about":[{"href":"https:\/\/www.europesays.com\/fr\/wp-json\/wp\/v2\/types\/post"}],"author":[{"embeddable":true,"href":"https:\/\/www.europesays.com\/fr\/wp-json\/wp\/v2\/users\/2"}],"replies":[{"embeddable":true,"href":"https:\/\/www.europesays.com\/fr\/wp-json\/wp\/v2\/comments?post=175310"}],"version-history":[{"count":0,"href":"https:\/\/www.europesays.com\/fr\/wp-json\/wp\/v2\/posts\/175310\/revisions"}],"wp:featuredmedia":[{"embeddable":true,"href":"https:\/\/www.europesays.com\/fr\/wp-json\/wp\/v2\/media\/175311"}],"wp:attachment":[{"href":"https:\/\/www.europesays.com\/fr\/wp-json\/wp\/v2\/media?parent=175310"}],"wp:term":[{"taxonomy":"category","embeddable":true,"href":"https:\/\/www.europesays.com\/fr\/wp-json\/wp\/v2\/categories?post=175310"},{"taxonomy":"post_tag","embeddable":true,"href":"https:\/\/www.europesays.com\/fr\/wp-json\/wp\/v2\/tags?post=175310"}],"curies":[{"name":"wp","href":"https:\/\/api.w.org\/{rel}","templated":true}]}}