{"id":175322,"date":"2025-06-14T07:15:09","date_gmt":"2025-06-14T07:15:09","guid":{"rendered":"https:\/\/www.europesays.com\/fr\/175322\/"},"modified":"2025-06-14T07:15:09","modified_gmt":"2025-06-14T07:15:09","slug":"coupe-de-france-figoni-et-carpentras-au-defi-du-suma-de-troyes","status":"publish","type":"post","link":"https:\/\/www.europesays.com\/fr\/175322\/","title":{"rendered":"coupe de France : Figoni et Carpentras au d\u00e9fi du SUMA de Troyes"},"content":{"rendered":"<p>Et si c\u2019\u00e9tait sa saison ? \u00c0 28 ans, Boris Figoni r\u00e9alise le meilleur d\u00e9but de saison de sa jeune carri\u00e8re. Avec sept buts inscrits, l&rsquo;\u00e9l\u00e9ment de <a href=\"https:\/\/www.laprovence.com\/article\/sports\/6464003846602114\/motoball-elite-1-carpentras-impitoyable-contre-houlgate\" target=\"_blank\" rel=\"noopener\">Carpentras<\/a> figure comme un maillon essentiel du sch\u00e9ma tactique de l\u2019entra\u00eeneur Michel Samitier. Aujourd\u2019hui titulaire, il a pourtant d\u00fb attendre quelques ann\u00e9es avant de prendre \u00e0 part enti\u00e8re le jeu comtadin.<\/p>\n<p>\u00ab\u00a0Au d\u00e9but, j\u2019ai fait beaucoup de banc car il faut savoir que je n\u2019ai jou\u00e9 que deux ans de junior avant de basculer chez les seniors\u00a0\u00bb, rappelle le pilote avec sa plaque frapp\u00e9e du num\u00e9ro\u00a06.<\/p>\n<p>Pourtant, Boris Figoni a d\u00fb prendre son mal en patience et progresser sur de nombreux aspects. Notamment sur la facult\u00e9 \u00e0 canaliser son \u00e9nergie durant les rencontres.<\/p>\n","protected":false},"excerpt":{"rendered":"Et si c\u2019\u00e9tait sa saison ? \u00c0 28 ans, Boris Figoni r\u00e9alise le meilleur d\u00e9but de saison de&hellip;\n","protected":false},"author":2,"featured_media":175323,"comment_status":"","ping_status":"","sticky":false,"template":"","format":"standard","meta":{"footnotes":""},"categories":[4],"tags":[17,11,23542,615,3750,31055,1011,27,31054,12,25,60,31056],"class_list":{"0":"post-175322","1":"post","2":"type-post","3":"status-publish","4":"format-standard","5":"has-post-thumbnail","7":"category-france","8":"tag-17","9":"tag-actualites","10":"tag-carpentras","11":"tag-coupe","12":"tag-defi","13":"tag-figoni","14":"tag-fr","15":"tag-france","16":"tag-motoball","17":"tag-news","18":"tag-republique-francaise","19":"tag-sports","20":"tag-suma"},"share_on_mastodon":{"url":"https:\/\/pubeurope.com\/@fr\/114680491157966015","error":""},"_links":{"self":[{"href":"https:\/\/www.europesays.com\/fr\/wp-json\/wp\/v2\/posts\/175322","targetHints":{"allow":["GET"]}}],"collection":[{"href":"https:\/\/www.europesays.com\/fr\/wp-json\/wp\/v2\/posts"}],"about":[{"href":"https:\/\/www.europesays.com\/fr\/wp-json\/wp\/v2\/types\/post"}],"author":[{"embeddable":true,"href":"https:\/\/www.europesays.com\/fr\/wp-json\/wp\/v2\/users\/2"}],"replies":[{"embeddable":true,"href":"https:\/\/www.europesays.com\/fr\/wp-json\/wp\/v2\/comments?post=175322"}],"version-history":[{"count":0,"href":"https:\/\/www.europesays.com\/fr\/wp-json\/wp\/v2\/posts\/175322\/revisions"}],"wp:featuredmedia":[{"embeddable":true,"href":"https:\/\/www.europesays.com\/fr\/wp-json\/wp\/v2\/media\/175323"}],"wp:attachment":[{"href":"https:\/\/www.europesays.com\/fr\/wp-json\/wp\/v2\/media?parent=175322"}],"wp:term":[{"taxonomy":"category","embeddable":true,"href":"https:\/\/www.europesays.com\/fr\/wp-json\/wp\/v2\/categories?post=175322"},{"taxonomy":"post_tag","embeddable":true,"href":"https:\/\/www.europesays.com\/fr\/wp-json\/wp\/v2\/tags?post=175322"}],"curies":[{"name":"wp","href":"https:\/\/api.w.org\/{rel}","templated":true}]}}