{"id":175330,"date":"2025-06-14T07:21:17","date_gmt":"2025-06-14T07:21:17","guid":{"rendered":"https:\/\/www.europesays.com\/fr\/175330\/"},"modified":"2025-06-14T07:21:17","modified_gmt":"2025-06-14T07:21:17","slug":"dix-jours-apres-sa-victoire-sur-le-grand-prix-de-france-johann-zarco-se-livre","status":"publish","type":"post","link":"https:\/\/www.europesays.com\/fr\/175330\/","title":{"rendered":"dix jours apr\u00e8s sa victoire sur le Grand Prix de France, Johann Zarco se livre"},"content":{"rendered":"<p>Apr\u00e8s une semaine qu&rsquo;il a souhait\u00e9 passer au calme, le pilote vauclusien <a href=\"https:\/\/www.ledauphine.com\/p\/johann-zarco\" target=\"_blank\" rel=\"nofollow noopener\">Johann Zarco<\/a> est revenu, dans <a href=\"https:\/\/www.lequipe.fr\/Moto\/Article\/-ca-ne-semble-presque-pas-reel-johann-zarco-raconte-son-incroyable-victoire-au-grand-prix-de-france\/1563407\" target=\"_blank\" rel=\"nofollow noopener\">une interview accord\u00e9e \u00e0 L&rsquo;\u00c9quipe<\/a>, <a href=\"https:\/\/www.ledauphine.com\/sport\/2025\/05\/11\/journee-historique-au-mans-johann-zarco-remporte-le-grand-prix-de-france\" target=\"_blank\" rel=\"nofollow noopener\">sur son succ\u00e8s le 11 mai dernier sur le Grand Prix de France<\/a>. \u00ab\u00a0C&rsquo;\u00e9tait une semaine tr\u00e8s normale. Je n&rsquo;avais que six jours \u00e0 passer chez moi \u00e0 m&rsquo;entra\u00eener et j&rsquo;ai voulu \u00eatre le plus efficace possible pour \u00eatre pr\u00eat \u00e0 repartir \u00bb, a-t-il expliqu\u00e9 \u00e0 propos des jours qui ont suivi <a href=\"https:\/\/www.ledauphine.com\/sport\/2025\/05\/12\/record-de-spectateurs-victoire-de-zarco-le-week-end-parfait-pour-la-moto-francaise-au-mans\" target=\"_blank\" rel=\"nofollow noopener\">son succ\u00e8s<\/a>.<\/p>\n<p>\u00ab\u00a0Il me reste encore 250 messages \u00e0 lire\u00a0\u00bb<\/p>\n<p>Et qui dit victoire retentissante, dit sollicitations importantes. Le Vauclusien de 34 ans a \u00e9t\u00e9 approch\u00e9 par la Pr\u00e9sidence de la R\u00e9publique. \u00ab\u00a0Le conseiller des sports du pr\u00e9sident la R\u00e9publique m&rsquo;a dit\u00a0: \u00a0\u00bbQuand vous pouvez, passez \u00e0 l&rsquo;\u00c9lys\u00e9e\u00a0\u00bb. C&rsquo;est sympa de se faire contacter par la garde rapproch\u00e9e du pr\u00e9sident. Apr\u00e8s, il me reste encore 250 messages \u00e0 lire, j&rsquo;aurai peut-\u00eatre d&rsquo;autres surprises \u00bb, a-t-il d\u00e9taill\u00e9.<\/p>\n<p>La suite pour le pilote Honda s&rsquo;\u00e9crira ce week-end lors du Grand Prix de Grande-Bretagne.<\/p>\n<p class=\"note\">Lire l&rsquo;article complet sur le site de <a href=\"https:\/\/www.lequipe.fr\/Moto\/Article\/-ca-ne-semble-presque-pas-reel-johann-zarco-raconte-son-incroyable-victoire-au-grand-prix-de-france\/1563407\" target=\"_blank\" rel=\"nofollow noopener\">L&rsquo;\u00c9quipe<\/a><\/p>\n","protected":false},"excerpt":{"rendered":"Apr\u00e8s une semaine qu&rsquo;il a souhait\u00e9 passer au calme, le pilote vauclusien Johann Zarco est revenu, dans une&hellip;\n","protected":false},"author":2,"featured_media":175331,"comment_status":"","ping_status":"","sticky":false,"template":"","format":"standard","meta":{"footnotes":""},"categories":[1413],"tags":[1976,885,3859,107,1701,1011,27,1457,1456,31057,517,1947,60,4520],"class_list":{"0":"post-175330","1":"post","2":"type-post","3":"status-publish","4":"format-standard","5":"has-post-thumbnail","7":"category-moto","8":"tag-auto-moto","9":"tag-bouches-du-rhone","10":"tag-edition-provencale","11":"tag-fil-info","12":"tag-fil-info-sport","13":"tag-fr","14":"tag-france","15":"tag-moto","16":"tag-motocycle","17":"tag-noves","18":"tag-sport","19":"tag-sport-national","20":"tag-sports","21":"tag-vaucluse"},"share_on_mastodon":{"url":"https:\/\/pubeurope.com\/@fr\/114680514705445666","error":""},"_links":{"self":[{"href":"https:\/\/www.europesays.com\/fr\/wp-json\/wp\/v2\/posts\/175330","targetHints":{"allow":["GET"]}}],"collection":[{"href":"https:\/\/www.europesays.com\/fr\/wp-json\/wp\/v2\/posts"}],"about":[{"href":"https:\/\/www.europesays.com\/fr\/wp-json\/wp\/v2\/types\/post"}],"author":[{"embeddable":true,"href":"https:\/\/www.europesays.com\/fr\/wp-json\/wp\/v2\/users\/2"}],"replies":[{"embeddable":true,"href":"https:\/\/www.europesays.com\/fr\/wp-json\/wp\/v2\/comments?post=175330"}],"version-history":[{"count":0,"href":"https:\/\/www.europesays.com\/fr\/wp-json\/wp\/v2\/posts\/175330\/revisions"}],"wp:featuredmedia":[{"embeddable":true,"href":"https:\/\/www.europesays.com\/fr\/wp-json\/wp\/v2\/media\/175331"}],"wp:attachment":[{"href":"https:\/\/www.europesays.com\/fr\/wp-json\/wp\/v2\/media?parent=175330"}],"wp:term":[{"taxonomy":"category","embeddable":true,"href":"https:\/\/www.europesays.com\/fr\/wp-json\/wp\/v2\/categories?post=175330"},{"taxonomy":"post_tag","embeddable":true,"href":"https:\/\/www.europesays.com\/fr\/wp-json\/wp\/v2\/tags?post=175330"}],"curies":[{"name":"wp","href":"https:\/\/api.w.org\/{rel}","templated":true}]}}