{"id":175340,"date":"2025-06-14T07:27:10","date_gmt":"2025-06-14T07:27:10","guid":{"rendered":"https:\/\/www.europesays.com\/fr\/175340\/"},"modified":"2025-06-14T07:27:10","modified_gmt":"2025-06-14T07:27:10","slug":"la-malediction-des-cezanne-le-livre-qui-vire-a-la-discorde-familiale","status":"publish","type":"post","link":"https:\/\/www.europesays.com\/fr\/175340\/","title":{"rendered":"\u201cLa Mal\u00e9diction des Cezanne\u201d, le livre qui vire \u00e0 la discorde familiale"},"content":{"rendered":"<p>      <img fetchpriority=\"high\" decoding=\"async\" class=\"mx-auto\" src=\"data:image\/svg+xml,%3Csvg%20xmlns%3D%27http%3A%2F%2Fwww.w3.org%2F2000%2Fsvg%27%20fill%3D%22%23e4e4e4%22%20viewBox%3D%270%200%20510%20510%27%20width%3D%22510%22%20height%3D%22510%22%3E%3Cpath%20d%3D%27M0%200h510v510H0z%27%2F%3E%3C%2Fsvg%3E\"  loading=\"eager\" width=\"510\" height=\"510\" data-oncrawl-image-size=\"510x510\" alt=\"\u00ab\u00a0Portrait de l'artiste au fond rose\u00a0\u00bb, autoportrait de Paul Cezanne, vers 1875.\"\/>      <\/p>\n<p class=\"latino-100m text-grey-600\">\n            \u00ab\u00a0Portrait de l&rsquo;artiste au fond rose\u00a0\u00bb, autoportrait de Paul Cezanne, vers 1875.\u00a0AGLILEO COLLECTION\/AURIMAGES VIA AFP        <\/p>\n<p>    Lire\u00a0plus\u00a0tard  <\/p>\n<p><a aria-label=\"Nous suivre sur Google News\" href=\"https:\/\/news.google.com\/publications\/CAAqBwgKMJe4nQkw3dFs?hl=fr&amp;gl=FR&amp;ceid=FR%3Afr\" target=\"_blank\" data-piano=\"Page_Article,Sous_date_publi,Nous_suivre_sur_google_news,1er_clic,action\" class=\"btn btn--small btn--secondary\" rel=\"nofollow noopener\"><\/p>\n<p>      Google Actualit\u00e9s<br \/>\n  <\/a><\/p>\n<p>  Partager<\/p>\n<p>        Facebook<\/p>\n<p>        Bluesky<\/p>\n<p>        E-mail<\/p>\n<p>        Copier le lien<\/p>\n<p>      Envoyer<\/p>\n<p>    Offrir\u00a0cet\u00a0article<\/p>\n<p>S\u2019abonner permet d\u2019offrir les articles \u00e0 vos proches. Et pas que\u00a0: vous pouvez les consulter et les commenter.<\/p>\n<p>    Temps de lecture\u00a0:\u00a01\u00a0min.<\/p>\n<p class=\"badge badge--content-premium latino-100b\">Abonn\u00e9<\/p>\n<p class=\"article__description latino-600m mb-8 mb-lg-30 \" data-oncrawl-chapo-length=\"186\">\n<p>    L\u2019arri\u00e8re-arri\u00e8re-arri\u00e8re-petite-fille du peintre s\u2019appr\u00eate \u00e0 publier \u00ab\u00a0un r\u00e9cit sulfureux\u00a0\u00bb sur sa famille, au grand dam de son grand-p\u00e8re et de son oncle qui l\u2019ont attaqu\u00e9e en justice.<\/p>\n<p class=\"latino-500b text-grey-600\">Pour aller plus loin<\/p>\n<p class=\"node__paragraphe antonia-750r text-grey-800 pb-24 pb-md-30\">\nMis \u00e0 part l\u2019\u00e9diteur, Plon, personne n\u2019a encore lu le texte, mais le projet de livre de Tess Cezanne (1), arri\u00e8re-arri\u00e8re-arri\u00e8re-petite-fille du peintre, cr\u00e9e d\u00e9j\u00e0 des remous. La faute \u00e0 un r\u00e9sum\u00e9 tapageur envoy\u00e9 \u00e0 la presse en d\u00e9but d\u2019ann\u00e9e. \u00ab\u00a0Turpitude, perversion et app\u00e2t du gain, les membres de la famille s\u2019\u00e9touffent les uns les autres. De Meg\u00e8ve \u00e0 Paris, en passant \u00e9videmment par la Provence, les descendants du peintre aixois sont confront\u00e9s \u00e0 leurs plus terribles d\u00e9mons\u00a0\u00bb, \u00e9crivait la maison d\u2019\u00e9dition, promettant \u00ab\u00a0un r\u00e9cit sulfureux\u00a0\u00bb sur une famille emport\u00e9e \u00ab\u00a0dans les ab\u00eemes de la d\u00e9pravation\u00a0\u00bb.<\/p>\n<p class=\"node__paragraphe antonia-750r text-grey-800 pb-8\">\nIntitul\u00e9 \u00ab\u00a0la Mal\u00e9diction des Cezanne\u00a0\u00bb, l\u2019ouvrage devait para\u00eetre le 10 avril 2025, avant que Plon ne reporte la sortie au 31 d\u00e9cembre 2099. Mani\u00e8re, dans le monde de l\u2019\u00e9dition, d\u2019indiquer qu\u2019un ouvrage est repouss\u00e9 sine die. Pour quelle raison\u00a0? Quelques semaines avant la date de parution initialement pr\u00e9vue, Philippe Cezanne, d\u00e9tenteur du droit moral de l\u2019artiste, et son fils Cl\u00e9ment, respectivement grand-p\u00e8re et oncle de Tess, ont assign\u00e9 l\u2019\u2026<\/p>\n<p class=\"latino-100m text-blue-400\">Article r\u00e9serv\u00e9 aux abonn\u00e9s.<\/p>\n<p>          Se connecter<\/p>\n<p class=\"text-center antonia-1850c\" style=\"margin-bottom:4px;\">Envie de lire la suite ?<\/p>\n<p class=\"text-center antonia-800c pb-15\">Tous nos articles en int\u00e9gralit\u00e9 d\u00e8s\u00a01\u20ac<\/p>\n<p>        S&rsquo;abonner<\/p>\n<p class=\"text-grey-700 or\">ou<\/p>\n<p>            <img width=\"164\" height=\"20\" src=\"data:image\/svg+xml,%3Csvg%20xmlns%3D%27http%3A%2F%2Fwww.w3.org%2F2000%2Fsvg%27%20fill%3D%22%23e4e4e4%22%20viewBox%3D%270%200%20282%2054%27%20width%3D%22282%22%20height%3D%2254%22%3E%3Cpath%20d%3D%27M0%200h282v54H0z%27%2F%3E%3C%2Fsvg%3E\"  class=\"js-swg-placeholder\" alt=\"Subscribe with Google\" loading=\"lazy\" decoding=\"async\"\/><\/p>\n<p>          D\u00e9couvrir toutes nos offres<\/p>\n","protected":false},"excerpt":{"rendered":"\u00ab\u00a0Portrait de l&rsquo;artiste au fond rose\u00a0\u00bb, autoportrait de Paul Cezanne, vers 1875.\u00a0AGLILEO COLLECTION\/AURIMAGES VIA AFP Lire\u00a0plus\u00a0tard Google Actualit\u00e9s&hellip;\n","protected":false},"author":2,"featured_media":175341,"comment_status":"","ping_status":"","sticky":false,"template":"","format":"standard","meta":{"footnotes":""},"categories":[1357],"tags":[17,6473,1379,5649,31058,58,59,13108,1011,27,303,2003,1380,26074,22735],"class_list":{"0":"post-175340","1":"post","2":"type-post","3":"status-publish","4":"format-standard","5":"has-post-thumbnail","7":"category-livres","8":"tag-17","9":"tag-bibliobs","10":"tag-books","11":"tag-cezanne","12":"tag-discorde","13":"tag-divertissement","14":"tag-entertainment","15":"tag-familiale","16":"tag-fr","17":"tag-france","18":"tag-justice","19":"tag-livre","20":"tag-livres","21":"tag-malediction","22":"tag-vire"},"share_on_mastodon":{"url":"https:\/\/pubeurope.com\/@fr\/114680538409473779","error":""},"_links":{"self":[{"href":"https:\/\/www.europesays.com\/fr\/wp-json\/wp\/v2\/posts\/175340","targetHints":{"allow":["GET"]}}],"collection":[{"href":"https:\/\/www.europesays.com\/fr\/wp-json\/wp\/v2\/posts"}],"about":[{"href":"https:\/\/www.europesays.com\/fr\/wp-json\/wp\/v2\/types\/post"}],"author":[{"embeddable":true,"href":"https:\/\/www.europesays.com\/fr\/wp-json\/wp\/v2\/users\/2"}],"replies":[{"embeddable":true,"href":"https:\/\/www.europesays.com\/fr\/wp-json\/wp\/v2\/comments?post=175340"}],"version-history":[{"count":0,"href":"https:\/\/www.europesays.com\/fr\/wp-json\/wp\/v2\/posts\/175340\/revisions"}],"wp:featuredmedia":[{"embeddable":true,"href":"https:\/\/www.europesays.com\/fr\/wp-json\/wp\/v2\/media\/175341"}],"wp:attachment":[{"href":"https:\/\/www.europesays.com\/fr\/wp-json\/wp\/v2\/media?parent=175340"}],"wp:term":[{"taxonomy":"category","embeddable":true,"href":"https:\/\/www.europesays.com\/fr\/wp-json\/wp\/v2\/categories?post=175340"},{"taxonomy":"post_tag","embeddable":true,"href":"https:\/\/www.europesays.com\/fr\/wp-json\/wp\/v2\/tags?post=175340"}],"curies":[{"name":"wp","href":"https:\/\/api.w.org\/{rel}","templated":true}]}}