{"id":175344,"date":"2025-06-14T07:29:14","date_gmt":"2025-06-14T07:29:14","guid":{"rendered":"https:\/\/www.europesays.com\/fr\/175344\/"},"modified":"2025-06-14T07:29:14","modified_gmt":"2025-06-14T07:29:14","slug":"la-surf-music-des-beach-boys-a-participe-a-la-marchandisation-dune-pratique-des-autochtones-hawaiens","status":"publish","type":"post","link":"https:\/\/www.europesays.com\/fr\/175344\/","title":{"rendered":"\u201cLa \u201csurf music\u201d des Beach Boys a particip\u00e9 \u00e0 la marchandisation d\u2019une pratique des autochtones hawa\u00efens\u201d"},"content":{"rendered":"<p class=\"latino-300b text-grey-800\">\n<p>  Propos recueillis par<br \/>\n<a href=\"https:\/\/www.nouvelobs.com\/journalistes\/1657\/noe-megel.html\" class=\"text-decoration-none link--box d-inline\" rel=\"nofollow noopener\" target=\"_blank\">No\u00e9 Megel<\/a>                <\/p>\n<p class=\"latino-300r text-grey-600\">\n      Publi\u00e9 le<\/p>\n<p>    13 juin 2025 \u00e0 20h43<\/p>\n<p>      <img fetchpriority=\"high\" decoding=\"async\" class=\"mx-auto\" src=\"data:image\/svg+xml,%3Csvg%20xmlns%3D%27http%3A%2F%2Fwww.w3.org%2F2000%2Fsvg%27%20fill%3D%22%23e4e4e4%22%20viewBox%3D%270%200%20510%20340%27%20width%3D%22510%22%20height%3D%22340%22%3E%3Cpath%20d%3D%27M0%200h510v340H0z%27%2F%3E%3C%2Fsvg%3E\"  loading=\"eager\" width=\"510\" height=\"340\" data-oncrawl-image-size=\"510x340\" alt=\"Brian Wilson, fondateur des Beach Boys, sur la plage de Malibu, \u00e0 Los Angeles, en 1988.\"\/>      <\/p>\n<p class=\"latino-100m text-grey-600\">\n            Brian Wilson, fondateur des Beach Boys, sur la plage de Malibu, \u00e0 Los Angeles, en 1988.\u00a0SHUTTERSTOCK\/SIPA        <\/p>\n<p>    Lire\u00a0plus\u00a0tard  <\/p>\n<p><a aria-label=\"Nous suivre sur Google News\" href=\"https:\/\/news.google.com\/publications\/CAAqBwgKMJe4nQkw3dFs?hl=fr&amp;gl=FR&amp;ceid=FR%3Afr\" target=\"_blank\" data-piano=\"Page_Article,Sous_date_publi,Nous_suivre_sur_google_news,1er_clic,action\" class=\"btn btn--small btn--secondary\" rel=\"nofollow noopener\"><\/p>\n<p>      Google Actualit\u00e9s<br \/>\n  <\/a><\/p>\n<p>  Partager<\/p>\n<p>        Facebook<\/p>\n<p>        Bluesky<\/p>\n<p>        E-mail<\/p>\n<p>        Copier le lien<\/p>\n<p>      Envoyer<\/p>\n<p>    Offrir\u00a0cet\u00a0article<\/p>\n<p>S\u2019abonner permet d\u2019offrir les articles \u00e0 vos proches. Et pas que\u00a0: vous pouvez les consulter et les commenter.<\/p>\n<p>    Temps de lecture\u00a0:\u00a04\u00a0min.<\/p>\n<p class=\"badge badge--content-gift latino-100b\">Offert<\/p>\n<p class=\"article__description latino-600m mb-8 mb-lg-30 \" data-oncrawl-chapo-length=\"286\">\n  \t  Interview\u00a0<br \/>\n    Apr\u00e8s la colonisation d\u2019Hawa\u00ef par les Etats-Unis en\u00a01898, l\u2019\u00e9picentre du surf a progressivement migr\u00e9 vers la Californie au point d\u2019en cr\u00e9er tout une esth\u00e9tique de films et groupes de musiques \u00e0 la fin des ann\u00e9es 1950. Les Beach Boys de feu Brian Wilson, est l\u2019un d\u2019entre eux.<\/p>\n<p class=\"node__paragraphe antonia-750r text-grey-800 pb-24 pb-md-30\">\nParmi les nombreuses merveilles qu\u2019a apport\u00e9es au monde Brian Wilson, <a href=\"https:\/\/www.nouvelobs.com\/culture\/20250611.OBS104846\/brian-wilson-chanteur-et-cofondateur-des-beach-boys-est-mort.html\" rel=\"nofollow noopener\" target=\"_blank\">d\u00e9c\u00e9d\u00e9 mercredi 11\u00a0juin<\/a>, il peut \u00eatre difficile de faire le tri tant la t\u00eate pensante des Beach Boys a \u00e9t\u00e9 \u00e0 l\u2019origine d\u2019une multitude de chefs-d\u2019\u0153uvre.<\/p>\n<p class=\"node__paragraphe antonia-750r text-grey-800 pb-8\">\nPourtant, s\u2019il affichait volontiers avec une planche de surf sous le bras, une c\u00e9l\u00e8bre anecdote rapporte que sa seule et unique tentative s\u2019est sold\u00e9e par un \u00e9chec. Pire encore, il a failli s\u2019assommer avec. Le reste du groupe n\u2026<\/p>\n<p class=\"teaser pb-md-10\">La r\u00e9daction vous offre cet article.<\/p>\n<p class=\"benefits pb-5 pb-md-15\">Une fois inscrit, vous pouvez profiter gratuitement des articles offerts.<\/p>\n<p>    Cr\u00e9er un compte gratuit<\/p>\n<p>      Se connecter<\/p>\n","protected":false},"excerpt":{"rendered":"Propos recueillis par No\u00e9 Megel Publi\u00e9 le 13 juin 2025 \u00e0 20h43 Brian Wilson, fondateur des Beach Boys,&hellip;\n","protected":false},"author":2,"featured_media":175345,"comment_status":"","ping_status":"","sticky":false,"template":"","format":"standard","meta":{"footnotes":""},"categories":[1355],"tags":[17,31060,31061,30243,251,58,59,1011,27,18,1361,873,30372,30244],"class_list":{"0":"post-175344","1":"post","2":"type-post","3":"status-publish","4":"format-standard","5":"has-post-thumbnail","7":"category-musique","8":"tag-17","9":"tag-beach","10":"tag-boys","11":"tag-brian","12":"tag-culture","13":"tag-divertissement","14":"tag-entertainment","15":"tag-fr","16":"tag-france","17":"tag-mort","18":"tag-music","19":"tag-musique","20":"tag-surf","21":"tag-wilson"},"share_on_mastodon":{"url":"https:\/\/pubeurope.com\/@fr\/114680546252344574","error":""},"_links":{"self":[{"href":"https:\/\/www.europesays.com\/fr\/wp-json\/wp\/v2\/posts\/175344","targetHints":{"allow":["GET"]}}],"collection":[{"href":"https:\/\/www.europesays.com\/fr\/wp-json\/wp\/v2\/posts"}],"about":[{"href":"https:\/\/www.europesays.com\/fr\/wp-json\/wp\/v2\/types\/post"}],"author":[{"embeddable":true,"href":"https:\/\/www.europesays.com\/fr\/wp-json\/wp\/v2\/users\/2"}],"replies":[{"embeddable":true,"href":"https:\/\/www.europesays.com\/fr\/wp-json\/wp\/v2\/comments?post=175344"}],"version-history":[{"count":0,"href":"https:\/\/www.europesays.com\/fr\/wp-json\/wp\/v2\/posts\/175344\/revisions"}],"wp:featuredmedia":[{"embeddable":true,"href":"https:\/\/www.europesays.com\/fr\/wp-json\/wp\/v2\/media\/175345"}],"wp:attachment":[{"href":"https:\/\/www.europesays.com\/fr\/wp-json\/wp\/v2\/media?parent=175344"}],"wp:term":[{"taxonomy":"category","embeddable":true,"href":"https:\/\/www.europesays.com\/fr\/wp-json\/wp\/v2\/categories?post=175344"},{"taxonomy":"post_tag","embeddable":true,"href":"https:\/\/www.europesays.com\/fr\/wp-json\/wp\/v2\/tags?post=175344"}],"curies":[{"name":"wp","href":"https:\/\/api.w.org\/{rel}","templated":true}]}}