{"id":175370,"date":"2025-06-14T07:44:19","date_gmt":"2025-06-14T07:44:19","guid":{"rendered":"https:\/\/www.europesays.com\/fr\/175370\/"},"modified":"2025-06-14T07:44:19","modified_gmt":"2025-06-14T07:44:19","slug":"papa-champion-de-france-le-rugby-comme-therapie-5-choses-a-savoir-sur-esteban-abadie-le-cerveau-de-toulon","status":"publish","type":"post","link":"https:\/\/www.europesays.com\/fr\/175370\/","title":{"rendered":"Papa champion de France, le rugby comme th\u00e9rapie&#8230; 5 choses \u00e0 savoir sur Esteban Abadie, le cerveau de Toulon"},"content":{"rendered":"<p>D\u00e9couvrez le troisi\u00e8me-ligne du RCT Esteban Abadie, avant le barrage de Top 14 entre Toulon et Castres ce samedi (21h05).<\/p>\n<p>Ma\u00eetre de la touche<\/p>\n<p class=\"fig-paragraph\">Il ne faut pas forc\u00e9ment \u00eatre le plus grand pour r\u00e9cup\u00e9rer des ballons en touche. Esteban Abadie en est la preuve. Le troisi\u00e8me-ligne toulonnais \u00e9tait, \u00e0 la mi-avril, le deuxi\u00e8me meilleur contreur en touche avec 16 ballons vol\u00e9s. Il en est maintenant \u00e0 22. \u00abJ\u2019y ai pris go\u00fbt au centre de formation du Racing 92 gr\u00e2ce \u00e0 Florent Guichard. Je n\u2019\u00e9tais pas le genre de joueur \u00e0 traverser le terrain sur 80 m\u00e8tres en puissance et mettre tous les d\u00e9fenseurs sur le cul\u00bb, avait-il analys\u00e9 aupr\u00e8s de\u00a0<a href=\"https:\/\/www.lequipe.fr\/Rugby\/Article\/-c-est-une-guerre-mentale-esteban-abadie-l-un-des-meilleurs-chapardeur-du-top-14-livre-les-dessous-d-une-touche-parfaite\/1555254\" target=\"_blank\" rel=\"nofollow noopener\" data-gtm-custom-categorie=\"navigation\" data-gtm-custom-action=\"crossclick\" data-gtm-custom-label=\"Contextuel\" data-gtm-event=\"customEventSPE\">L\u2019\u00c9quipes<\/a> . Expert en touche mais aussi un formidable d\u00e9fenseur et un bon manieur de ballon.<\/p>\n<p>Une famille 100 % rugby<\/p>\n<p class=\"fig-paragraph\">Pour les plus connaisseurs, le nom Abadie doit s\u00fbrement vous questionner. Logique, puisque le natif du Mans est le fils de\u00a0<a href=\"https:\/\/www.lefigaro.fr\/sports\/rugby\/fil-info\/deces-de-geoffrey-abadie-753919\" data-fig-type=\"NewsFlash\" data-gtm-custom-categorie=\"navigation\" data-gtm-custom-action=\"crossclick\" data-gtm-custom-label=\"Contextuel\" data-gtm-event=\"customEventSPE\" data-fig-domain=\"LEFIGARO\" target=\"_blank\" rel=\"noopener\">Geofrey Abadie<\/a>, ancien ailier de Graulhet, du Racing et du Stade Fran\u00e7ais, jusqu\u2019en 2000. Ce dernier avait notamment \u00e9t\u00e9 champion de France avec la bande des Mesnel, Lafond, Guillard ou encore Blanc, en 1990, puis avec le Stade Fran\u00e7ais en 1998. Le Toulonnais est aussi le petit-fils d\u2019Alain Abadie, ancien joueur. Son grand-oncle, Andr\u00e9, a \u00e9galement \u00e9t\u00e9 rugbyman et s\u00e9lectionn\u00e9 \u00e0 cinq reprises avec l\u2019\u00e9quipe de France entre 1965 et 1968. Sa maman, Carole, a, elle, connu les s\u00e9lections de jeunes en \u00e9quipe de France de basket avant de jouer au club du Racing Club de France, comme l\u2019expliquait le joueur \u00e0\u00a0<a href=\"https:\/\/www.varmatin.com\/rugby\/toulon-esteban-abadie-tete-haute-950401\" target=\"_blank\" rel=\"nofollow noopener\" data-gtm-custom-categorie=\"navigation\" data-gtm-custom-action=\"crossclick\" data-gtm-custom-label=\"Contextuel\" data-gtm-event=\"customEventSPE\">Var Matin<\/a> . La fibre du sport mais surtout du rugby, jusqu\u2019au bout.<\/p>\n<p>Pas eu sa chance au Racing 92<\/p>\n<p class=\"fig-paragraph\">Esteban Abadie a go\u00fbt\u00e9 au basket, au bodyboard (il a m\u00eame \u00e9t\u00e9 champion chez les minimes en 2011), au judo, au tennis ou m\u00eame \u00e0 la natation, d\u00e9taillait-il pour le quotidien varois. Avant de toucher ses premiers ballons de rugby par la suite. Le joueur au bandeau a fait toute sa formation au Racing 92, de 2010 \u00e0 2019 mais n\u2019a jou\u00e9 qu\u2019une seule rencontre en premi\u00e8re, face \u00e0 Toulouse en 2014. \u00abJe n\u2019ai quasiment pas eu de temps de jeu. Enfin&#8230; Pas du tout\u00a0! J\u2019ai \u00e9t\u00e9 une fois sur la feuille de match. Moi, je faisais du v\u00e9lo au bord du terrain\u00bb, souriait d\u2019ailleurs ce dernier dans des propos rapport\u00e9s par\u00a0<a href=\"https:\/\/www.lamontagne.fr\/brive-la-gaillarde-19100\/sports\/esteban-abadie-ce-miracule-qui-revient-au-meilleur-moment-pour-le-ca-brive-oppose-ce-samedi-au-racing-92_14040147\/\" target=\"_blank\" rel=\"nofollow noopener\" data-gtm-custom-categorie=\"navigation\" data-gtm-custom-action=\"crossclick\" data-gtm-custom-label=\"Contextuel\" data-gtm-event=\"customEventSPE\">La Montagne<\/a> \u00a0en 2019.<\/p>\n<p>Une s\u00e9lection&#8230; en attendant d\u2019autres\u00a0?<\/p>\n<p class=\"fig-paragraph\">Joueur intelligent, dou\u00e9 techniquement, Esteban Abadie s\u2019est r\u00e9v\u00e9l\u00e9 du c\u00f4t\u00e9 de Brive (2019-2023) avant de prendre une nouvelle dimension lors de son arriv\u00e9e \u00e0 Toulon. Auteur de performances remarquables et remarqu\u00e9es, il est m\u00eame convoqu\u00e9 pour affronter l\u2019Italie lors de la troisi\u00e8me journ\u00e9e du Tournoi des six nations en 2024. Abadie jouera 15 minutes, en fin de partie. Une cons\u00e9cration pour ce joueur, malgr\u00e9 la tr\u00e8s forte concurrence \u00e0 son poste en s\u00e9lection.<\/p>\n<p>Le rugby comme th\u00e9rapie<\/p>\n<p class=\"fig-paragraph\">Sa force, Abadie l\u2019a puis\u00e9e dans son malheur. Le 6 juin 2015, alors qu\u2019il s\u2019appr\u00eatait \u00e0 passer le bac, il apprend que son p\u00e8re s\u2019est \u00f4t\u00e9 la vie. Pour Var Matin, il racontait\u00a0: \u00abEt l\u00e0, tout s\u2019\u00e9croule. C\u2019est un cauchemar. Je sais que j\u2019ai le bac \u00e0 passer, qu\u2019il faut avancer mais\u2026 Heureusement, mes amis sont l\u00e0. Ma copine \u00e9galement, que je rencontre \u00e0 cette \u00e9poque. Mais surtout, alors que nous \u00e9tions d\u00e9j\u00e0 tr\u00e8s proches, nous devenons fusionnels avec ma m\u00e8re et mon fr\u00e8re\u00bb. Le troisi\u00e8me-ligne a notamment r\u00e9v\u00e9l\u00e9 jouer avec un petit mot \u00e9crit en m\u00e9moire de son p\u00e8re sur l\u2019un de ses poignets. Le Manceau poursuivait dans le quotidien varois, expliquant que le rugby a \u00e9t\u00e9 \u2013 avec les cours \u2013 \u00absa meilleure th\u00e9rapie. Car pendant 80 minutes tu oublies tes probl\u00e8mes, tu te marres avec les copains\u00bb.<\/p>\n<p>    Esteban Abadie, debout, aux c\u00f4t\u00e9s de son papa et de son fr\u00e8re Adrien.<br \/>\n                Instagram \/ Esteban Abadie<\/p>\n","protected":false},"excerpt":{"rendered":"D\u00e9couvrez le troisi\u00e8me-ligne du RCT Esteban Abadie, avant le barrage de Top 14 entre Toulon et Castres ce&hellip;\n","protected":false},"author":2,"featured_media":175371,"comment_status":"","ping_status":"","sticky":false,"template":"","format":"standard","meta":{"footnotes":""},"categories":[9619],"tags":[1111,11,525,4590,1981,2313,814,1777,674,1011,27,955,12,4589,882,2311,5421,3461,25,1980,479,2259,478,2310,2312,513],"class_list":{"0":"post-175370","1":"post","2":"type-post","3":"status-publish","4":"format-standard","5":"has-post-thumbnail","7":"category-toulon","8":"tag-actu","9":"tag-actualites","10":"tag-calendrier","11":"tag-championnat-france","12":"tag-classement","13":"tag-clermont","14":"tag-direct","15":"tag-eu","16":"tag-europe","17":"tag-fr","18":"tag-france","19":"tag-match","20":"tag-news","21":"tag-phase-finale","22":"tag-provence-alpes-cote-dazur","23":"tag-racing","24":"tag-racing-92","25":"tag-rct","26":"tag-republique-francaise","27":"tag-resultats","28":"tag-rugby","29":"tag-score","30":"tag-top-14","31":"tag-toulon","32":"tag-toulouse","33":"tag-xv-de-france"},"share_on_mastodon":{"url":"https:\/\/pubeurope.com\/@fr\/114680605141716598","error":""},"_links":{"self":[{"href":"https:\/\/www.europesays.com\/fr\/wp-json\/wp\/v2\/posts\/175370","targetHints":{"allow":["GET"]}}],"collection":[{"href":"https:\/\/www.europesays.com\/fr\/wp-json\/wp\/v2\/posts"}],"about":[{"href":"https:\/\/www.europesays.com\/fr\/wp-json\/wp\/v2\/types\/post"}],"author":[{"embeddable":true,"href":"https:\/\/www.europesays.com\/fr\/wp-json\/wp\/v2\/users\/2"}],"replies":[{"embeddable":true,"href":"https:\/\/www.europesays.com\/fr\/wp-json\/wp\/v2\/comments?post=175370"}],"version-history":[{"count":0,"href":"https:\/\/www.europesays.com\/fr\/wp-json\/wp\/v2\/posts\/175370\/revisions"}],"wp:featuredmedia":[{"embeddable":true,"href":"https:\/\/www.europesays.com\/fr\/wp-json\/wp\/v2\/media\/175371"}],"wp:attachment":[{"href":"https:\/\/www.europesays.com\/fr\/wp-json\/wp\/v2\/media?parent=175370"}],"wp:term":[{"taxonomy":"category","embeddable":true,"href":"https:\/\/www.europesays.com\/fr\/wp-json\/wp\/v2\/categories?post=175370"},{"taxonomy":"post_tag","embeddable":true,"href":"https:\/\/www.europesays.com\/fr\/wp-json\/wp\/v2\/tags?post=175370"}],"curies":[{"name":"wp","href":"https:\/\/api.w.org\/{rel}","templated":true}]}}