{"id":175415,"date":"2025-06-14T08:08:11","date_gmt":"2025-06-14T08:08:11","guid":{"rendered":"https:\/\/www.europesays.com\/fr\/175415\/"},"modified":"2025-06-14T08:08:11","modified_gmt":"2025-06-14T08:08:11","slug":"rhone-un-ministre-en-visite-a-lyon-et-a-rillieux-la-pape-ce-16-et-17-juin","status":"publish","type":"post","link":"https:\/\/www.europesays.com\/fr\/175415\/","title":{"rendered":"Rh\u00f4ne. Un ministre en visite \u00e0 Lyon et \u00e0 Rillieux-la-Pape ce 16 et 17\u00a0juin"},"content":{"rendered":"<p><a href=\"https:\/\/www.leprogres.fr\/p\/laurent-marcangeli\" target=\"_blank\" rel=\"nofollow noopener\">Laurent Marcangeli<\/a>, ministre de l\u2019Action publique, de la Fonction publique et de la Simplification, se rendra \u00e0 Lyon puis \u00e0 Rillieux-la-Pape ces 16 et 17\u00a0juin. Son d\u00e9placement sera consacr\u00e9 \u00e0 la fonction publique territoriale. Il \u00e9voquera les avanc\u00e9es l\u00e9gislatives sur la protection sociale compl\u00e9mentaire pour les agents publics.<\/p>\n<p>Le ministre se rendra dans un premier temps \u00e0 Rillieux-la-Pape pour \u00e9changer avec les agents de la mairie sur leur quotidien, puis il visitera les locaux de la police municipale. Il se rendra ensuite au centre de gestion de la fonction publique territoriale du Rh\u00f4ne et de la M\u00e9tropole pour \u00e9voquer l\u2019extension de la protection sociale pour les agents de la fonction publique territoriale. Laurent Marcangeli annoncera les projets du gouvernement en la mati\u00e8re qui va faire l\u2019objet d\u2019une proposition de loi au S\u00e9nat d\u00e9but juillet.<\/p>\n<p>Il terminera sa visite par l\u2019inauguration des nouveaux b\u00e2timents de l\u2019institut r\u00e9gional d\u2019administration (IRA). Il prendra la parole pour r\u00e9affirmer son engagement en faveur des IRA avec la cr\u00e9ation d\u2019\u00e9tablissement unique.<\/p>\n","protected":false},"excerpt":{"rendered":"Laurent Marcangeli, ministre de l\u2019Action publique, de la Fonction publique et de la Simplification, se rendra \u00e0 Lyon&hellip;\n","protected":false},"author":2,"featured_media":175416,"comment_status":"","ping_status":"","sticky":false,"template":"","format":"standard","meta":{"footnotes":""},"categories":[1889],"tags":[1111,11,2430,2757,3153,1777,674,1011,27,2428,2756,12,316,25,2429,17092],"class_list":{"0":"post-175415","1":"post","2":"type-post","3":"status-publish","4":"format-standard","5":"has-post-thumbnail","7":"category-lyon","8":"tag-actu","9":"tag-actualites","10":"tag-auvergne-rhone-alpes","11":"tag-edition-lyon-villeurbanne","12":"tag-edition-ouest-lyonnais","13":"tag-eu","14":"tag-europe","15":"tag-fr","16":"tag-france","17":"tag-lyon","18":"tag-lyon-bassin","19":"tag-news","20":"tag-politique","21":"tag-republique-francaise","22":"tag-rhone","23":"tag-rillieux-la-pape"},"share_on_mastodon":{"url":"https:\/\/pubeurope.com\/@fr\/114680699545306501","error":""},"_links":{"self":[{"href":"https:\/\/www.europesays.com\/fr\/wp-json\/wp\/v2\/posts\/175415","targetHints":{"allow":["GET"]}}],"collection":[{"href":"https:\/\/www.europesays.com\/fr\/wp-json\/wp\/v2\/posts"}],"about":[{"href":"https:\/\/www.europesays.com\/fr\/wp-json\/wp\/v2\/types\/post"}],"author":[{"embeddable":true,"href":"https:\/\/www.europesays.com\/fr\/wp-json\/wp\/v2\/users\/2"}],"replies":[{"embeddable":true,"href":"https:\/\/www.europesays.com\/fr\/wp-json\/wp\/v2\/comments?post=175415"}],"version-history":[{"count":0,"href":"https:\/\/www.europesays.com\/fr\/wp-json\/wp\/v2\/posts\/175415\/revisions"}],"wp:featuredmedia":[{"embeddable":true,"href":"https:\/\/www.europesays.com\/fr\/wp-json\/wp\/v2\/media\/175416"}],"wp:attachment":[{"href":"https:\/\/www.europesays.com\/fr\/wp-json\/wp\/v2\/media?parent=175415"}],"wp:term":[{"taxonomy":"category","embeddable":true,"href":"https:\/\/www.europesays.com\/fr\/wp-json\/wp\/v2\/categories?post=175415"},{"taxonomy":"post_tag","embeddable":true,"href":"https:\/\/www.europesays.com\/fr\/wp-json\/wp\/v2\/tags?post=175415"}],"curies":[{"name":"wp","href":"https:\/\/api.w.org\/{rel}","templated":true}]}}