{"id":175417,"date":"2025-06-14T08:09:09","date_gmt":"2025-06-14T08:09:09","guid":{"rendered":"https:\/\/www.europesays.com\/fr\/175417\/"},"modified":"2025-06-14T08:09:09","modified_gmt":"2025-06-14T08:09:09","slug":"un-homme-tue-par-un-arbre-foudroye-dans-les-yvelines-une-femme-dans-le-coma-a-paris","status":"publish","type":"post","link":"https:\/\/www.europesays.com\/fr\/175417\/","title":{"rendered":"un homme tu\u00e9 par un arbre foudroy\u00e9 dans les Yvelines, une femme dans le coma \u00e0 Paris"},"content":{"rendered":"<p>La soir\u00e9e de vendredi 13 juin a \u00e9t\u00e9 marqu\u00e9e par de puissants orages dans plusieurs d\u00e9partements d&rsquo;\u00cele-de-France, provoquant deux drames distincts \u00e0 quelques heures d&rsquo;intervalle, <a href=\"https:\/\/www.leparisien.fr\/yvelines-78\/orages-un-homme-decede-dans-les-yvelines-apres-la-chute-dun-arbre-une-femme-en-urgence-absolue-a-paris-14-06-2025-DQFNMSEPLFDB3DTGHZULHDL4YI.php?xtor=AD-366\" target=\"_blank\" rel=\"noopener\">relate Le Parisien<\/a>.\u00a0<\/p>\n<p>\u00c0 Grandchamp, dans les Yvelines, un homme a perdu la vie aux alentours de 22 heures. Il se trouvait dans un pavillon de chasse avec six autres personnes pour se prot\u00e9ger de l&rsquo;orage, lorsqu&rsquo;un arbre s&rsquo;est effondr\u00e9. Les six autres occupants ont pu sortir \u00e0 temps, mais l&rsquo;homme, rest\u00e9 coinc\u00e9 sous les d\u00e9combres, a \u00e9t\u00e9 retrouv\u00e9 en arr\u00eat cardiorespiratoire. Il n&rsquo;a malheureusement pas pu \u00eatre r\u00e9anim\u00e9. <a href=\"https:\/\/www.bfmtv.com\/paris\/orages-un-homme-de-68-ans-est-mort-dans-les-yvelines-tue-par-un-arbre-abattu-par-la-foudre_AN-202506140141.html\" target=\"_blank\" rel=\"noopener\">Selon BFMTV<\/a>, l&rsquo;homme \u00e9tait \u00e2g\u00e9 de 68 ans.\u00a0<\/p>\n<p>Quelques heures d&rsquo;intervalle<\/p>\n<p>Peu apr\u00e8s, vers 23 heures, un autre incident s&rsquo;est produit \u00e0 Paris, quai Saint-Bernard, dans le 5\u1d49 arrondissement. Une femme, pr\u00e9sente avec un groupe d&rsquo;amis, a \u00e9t\u00e9 frapp\u00e9e \u00e0 la t\u00eate par une branche d&rsquo;arbre foudroy\u00e9.<\/p>\n<p>Gri\u00e8vement bless\u00e9e, elle a \u00e9t\u00e9 transport\u00e9e en urgence absolue \u00e0 l&rsquo;h\u00f4pital Henri-Mondor de Cr\u00e9teil. Elle se trouvait dans le coma vendredi soir.<\/p>\n<p>Ces accidents rappellent la dangerosit\u00e9 des ph\u00e9nom\u00e8nes m\u00e9t\u00e9orologiques extr\u00eames et la n\u00e9cessit\u00e9 de redoubler de vigilance en cas d&rsquo;alerte orage. Les autorit\u00e9s recommandent notamment de s&rsquo;\u00e9loigner des arbres, de ne pas se r\u00e9fugier sous des abris l\u00e9gers, et de rester \u00e0 l&rsquo;int\u00e9rieur d&rsquo;un b\u00e2timent s\u00fbr jusqu&rsquo;\u00e0 la fin de l&rsquo;alerte.<\/p>\n","protected":false},"excerpt":{"rendered":"La soir\u00e9e de vendredi 13 juin a \u00e9t\u00e9 marqu\u00e9e par de puissants orages dans plusieurs d\u00e9partements d&rsquo;\u00cele-de-France, provoquant&hellip;\n","protected":false},"author":2,"featured_media":175418,"comment_status":"","ping_status":"","sticky":false,"template":"","format":"standard","meta":{"footnotes":""},"categories":[1592],"tags":[17,1111,11,8489,1777,674,274,31069,1011,27,4933,662,12,4594,5912,626,25,5911],"class_list":{"0":"post-175417","1":"post","2":"type-post","3":"status-publish","4":"format-standard","5":"has-post-thumbnail","7":"category-ile-de-france","8":"tag-17","9":"tag-actu","10":"tag-actualites","11":"tag-arbre","12":"tag-eu","13":"tag-europe","14":"tag-faits-divers-justice","15":"tag-foudroye","16":"tag-fr","17":"tag-france","18":"tag-homme","19":"tag-ile-de-france","20":"tag-news","21":"tag-orages","22":"tag-par","23":"tag-paris","24":"tag-republique-francaise","25":"tag-tue"},"share_on_mastodon":{"url":"https:\/\/pubeurope.com\/@fr\/114680703475762476","error":""},"_links":{"self":[{"href":"https:\/\/www.europesays.com\/fr\/wp-json\/wp\/v2\/posts\/175417","targetHints":{"allow":["GET"]}}],"collection":[{"href":"https:\/\/www.europesays.com\/fr\/wp-json\/wp\/v2\/posts"}],"about":[{"href":"https:\/\/www.europesays.com\/fr\/wp-json\/wp\/v2\/types\/post"}],"author":[{"embeddable":true,"href":"https:\/\/www.europesays.com\/fr\/wp-json\/wp\/v2\/users\/2"}],"replies":[{"embeddable":true,"href":"https:\/\/www.europesays.com\/fr\/wp-json\/wp\/v2\/comments?post=175417"}],"version-history":[{"count":0,"href":"https:\/\/www.europesays.com\/fr\/wp-json\/wp\/v2\/posts\/175417\/revisions"}],"wp:featuredmedia":[{"embeddable":true,"href":"https:\/\/www.europesays.com\/fr\/wp-json\/wp\/v2\/media\/175418"}],"wp:attachment":[{"href":"https:\/\/www.europesays.com\/fr\/wp-json\/wp\/v2\/media?parent=175417"}],"wp:term":[{"taxonomy":"category","embeddable":true,"href":"https:\/\/www.europesays.com\/fr\/wp-json\/wp\/v2\/categories?post=175417"},{"taxonomy":"post_tag","embeddable":true,"href":"https:\/\/www.europesays.com\/fr\/wp-json\/wp\/v2\/tags?post=175417"}],"curies":[{"name":"wp","href":"https:\/\/api.w.org\/{rel}","templated":true}]}}