{"id":175420,"date":"2025-06-14T08:11:10","date_gmt":"2025-06-14T08:11:10","guid":{"rendered":"https:\/\/www.europesays.com\/fr\/175420\/"},"modified":"2025-06-14T08:11:10","modified_gmt":"2025-06-14T08:11:10","slug":"une-femme-gravement-blessee-apres-la-chute-dune-branche-darbre-frappe-par-la-foudre","status":"publish","type":"post","link":"https:\/\/www.europesays.com\/fr\/175420\/","title":{"rendered":"une femme gravement bless\u00e9e apr\u00e8s la chute d&rsquo;une branche d&rsquo;arbre frapp\u00e9 par la foudre"},"content":{"rendered":"<p>            Par<br \/>\n        <strong><br \/>\n            <a href=\"https:\/\/actu.fr\/auteur\/thomas-martin\" title=\"Consulter tous les articles de Thomas Martin\" target=\"_blank\" rel=\"noopener\">Thomas Martin<\/a><br \/>\n        <\/strong><\/p>\n<p>        Publi\u00e9 le<\/p>\n<p>            14 juin 2025 \u00e0 10h00        <\/p>\n<p>Les <a href=\"https:\/\/actu.fr\/tag\/orages\" target=\"_blank\" rel=\"noopener\">orages<\/a> \u00e0 Paris ont fait une victime. Dans la nuit du vendredi 13 au samedi 14 juin, une femme a \u00e9t\u00e9 gravement bless\u00e9e apr\u00e8s la <strong>chute d\u2019une branche d\u2019arbre<\/strong>, alors qu\u2019elle se trouvait quai Saint-Bernard dans le 5e arrondissement de Paris. Une information de <a href=\"https:\/\/www.francebleu.fr\/infos\/faits-divers-justice\/orages-un-homme-de-68-ans-est-mort-dans-un-pavillon-de-chasse-dans-les-yvelines-7944906\" target=\"_blank\" rel=\"noopener\">France Info<\/a>, confirm\u00e9e par les pompiers de Paris \u00e0 actuParis.\u00a0<\/p>\n<p>La victime fait un arr\u00eat cardiaque<\/p>\n<p class=\" wall-content\">Selon nos confr\u00e8res, la victime passait la soir\u00e9e avec des amis quand <a href=\"https:\/\/actu.fr\/ile-de-france\/paris_75056\/orages-a-paris-les-magnifiques-images-des-eclairs-pres-de-la-tour-eiffel-la-foudre-est-passee-tout-pres_62773165.html\" target=\"_blank\" rel=\"noopener\">la foudre<\/a> a frapp\u00e9 l\u2019arbre sous lequel elle se trouvait.\u00a0<\/p>\n<p class=\" wall-content\">Elle a \u00e9t\u00e9 plong\u00e9e dans le coma et a fait un arr\u00eat cardio-respiratoire avant d\u2019\u00eatre r\u00e9anim\u00e9e. Elle a \u00e9t\u00e9 transport\u00e9e en urgence absolue \u00e0 l\u2019h\u00f4pital Henri-Mondor de Cr\u00e9teil.\u00a0<\/p>\n<p class=\" wall-content\">Sur les r\u00e9seaux sociaux, des passants ont \u00e9galement film\u00e9 la chute d\u2019un arbre, boulevard Magenta, dans le 10e arrondissement.\u00a0<\/p>\n<p class=\" wall-content\">\n<p class=\" wall-content\"><a href=\"https:\/\/www.lemonde.fr\/les-decodeurs\/article\/2025\/06\/03\/orages-le-vrai-du-faux-sur-les-comportements-a-adopter-en-cas-de-foudre_6138475_4355771.html#:~:text=Dans%20une%20for%C3%AAt%2C%20le%20risque,en%20dur%20%C2%BB%20ou%20une%20voiture.\" target=\"_blank\" rel=\"noopener\">Le Monde <\/a>rappelait r\u00e9cemment les comportements \u00e0 adopter en cas d\u2019orages. A cette occasion, nos confr\u00e8res indiquaient que dans un quart des 215 accidents analys\u00e9s , les victimes de la foudre avaient \u00e9t\u00e9 touch\u00e9es alors qu\u2019elles se trouvaient \u00ab sous ou \u00e0 proximit\u00e9 d\u2019arbres \u00bb ou dans \u00ab un abri de fortune (cabane en bois, hangar, etc.) \u00bb.<\/p>\n<p>Vid\u00e9os : en ce moment sur Actu<\/p>\n<p class=\" wall-content\">Et concluaient : \u00ab\u00a0l\u2019\u00e9clair cherche toujours le chemin le plus court entre le nuage et le sol. M\u00eame s\u2019il pleut tr\u00e8s fort, il ne faut pas s\u2019abriter sous un arbre isol\u00e9\u00a0\u00bb.<\/p>\n<p class=\" wall-content\">Suivez toute l\u2019actualit\u00e9 de vos villes et m\u00e9dias favoris en vous inscrivant \u00e0 <a href=\"https:\/\/moncompte.actu.fr\" title=\"D\u00e9couvez Mon Actu\" rel=\"nofollow noopener\" data-trk=\"{&quot;cta&quot;:{&quot;action&quot;:&quot;https:\\\/\\\/moncompte.actu.fr&quot;,&quot;category&quot;:&quot;mon compte&quot;,&quot;from&quot;:&quot;article footer&quot;,&quot;name&quot;:&quot;Mon actu&quot;,&quot;type&quot;:&quot;cta&quot;}}\" target=\"_blank\">Mon Actu<\/a>.<\/p>\n<ul class=\"ac-article-tag wall-content\">\n<li><a href=\"https:\/\/actu.fr\/tag\/brigade-de-sapeurs-pompiers-de-paris\" data-trk=\"{&quot;cta&quot;:{&quot;action&quot;:&quot;Brigade de sapeurs-pompiers de Paris&quot;,&quot;category&quot;:&quot;tag&quot;,&quot;from&quot;:&quot;article footer&quot;,&quot;name&quot;:&quot;Brigade de sapeurs-pompiers de Paris&quot;,&quot;type&quot;:&quot;cta&quot;}}\" target=\"_blank\" rel=\"noopener\">#Brigade de sapeurs-pompiers de Paris<\/a><\/li>\n<li><a href=\"https:\/\/actu.fr\/tag\/orages\" data-trk=\"{&quot;cta&quot;:{&quot;action&quot;:&quot;Orages&quot;,&quot;category&quot;:&quot;tag&quot;,&quot;from&quot;:&quot;article footer&quot;,&quot;name&quot;:&quot;Orages&quot;,&quot;type&quot;:&quot;cta&quot;}}\" target=\"_blank\" rel=\"noopener\">#Orages<\/a><\/li>\n<\/ul>\n","protected":false},"excerpt":{"rendered":"Par Thomas Martin Publi\u00e9 le 14 juin 2025 \u00e0 10h00 Les orages \u00e0 Paris ont fait une victime.&hellip;\n","protected":false},"author":2,"featured_media":175421,"comment_status":"","ping_status":"","sticky":false,"template":"","format":"standard","meta":{"footnotes":""},"categories":[1888],"tags":[1111,1928,11,1927,3056,1777,674,118,1011,27,12,1926,4594,626,1925,25],"class_list":{"0":"post-175420","1":"post","2":"type-post","3":"status-publish","4":"format-standard","5":"has-post-thumbnail","7":"category-paris","8":"tag-actu","9":"tag-actu-paris","10":"tag-actualites","11":"tag-actualites-paris","12":"tag-brigade-de-sapeurs-pompiers-de-paris","13":"tag-eu","14":"tag-europe","15":"tag-faits-divers","16":"tag-fr","17":"tag-france","18":"tag-news","19":"tag-news-paris","20":"tag-orages","21":"tag-paris","22":"tag-paris-news","23":"tag-republique-francaise"},"share_on_mastodon":{"url":"https:\/\/pubeurope.com\/@fr\/114680711471080041","error":""},"_links":{"self":[{"href":"https:\/\/www.europesays.com\/fr\/wp-json\/wp\/v2\/posts\/175420","targetHints":{"allow":["GET"]}}],"collection":[{"href":"https:\/\/www.europesays.com\/fr\/wp-json\/wp\/v2\/posts"}],"about":[{"href":"https:\/\/www.europesays.com\/fr\/wp-json\/wp\/v2\/types\/post"}],"author":[{"embeddable":true,"href":"https:\/\/www.europesays.com\/fr\/wp-json\/wp\/v2\/users\/2"}],"replies":[{"embeddable":true,"href":"https:\/\/www.europesays.com\/fr\/wp-json\/wp\/v2\/comments?post=175420"}],"version-history":[{"count":0,"href":"https:\/\/www.europesays.com\/fr\/wp-json\/wp\/v2\/posts\/175420\/revisions"}],"wp:featuredmedia":[{"embeddable":true,"href":"https:\/\/www.europesays.com\/fr\/wp-json\/wp\/v2\/media\/175421"}],"wp:attachment":[{"href":"https:\/\/www.europesays.com\/fr\/wp-json\/wp\/v2\/media?parent=175420"}],"wp:term":[{"taxonomy":"category","embeddable":true,"href":"https:\/\/www.europesays.com\/fr\/wp-json\/wp\/v2\/categories?post=175420"},{"taxonomy":"post_tag","embeddable":true,"href":"https:\/\/www.europesays.com\/fr\/wp-json\/wp\/v2\/tags?post=175420"}],"curies":[{"name":"wp","href":"https:\/\/api.w.org\/{rel}","templated":true}]}}