{"id":175426,"date":"2025-06-14T08:14:14","date_gmt":"2025-06-14T08:14:14","guid":{"rendered":"https:\/\/www.europesays.com\/fr\/175426\/"},"modified":"2025-06-14T08:14:14","modified_gmt":"2025-06-14T08:14:14","slug":"orages-une-personne-decede-dans-les-yvelines-apres-la-chute-dun-arbre-une-femme-en-urgence-absolue-a-paris","status":"publish","type":"post","link":"https:\/\/www.europesays.com\/fr\/175426\/","title":{"rendered":"Orages\u00a0: une personne d\u00e9c\u00e8de dans les Yvelines apr\u00e8s la chute d\u2019un arbre, une femme en urgence absolue \u00e0 Paris"},"content":{"rendered":"<p class=\"paragraph text_align_left\">Deux drames, apr\u00e8s <a href=\"https:\/\/www.leparisien.fr\/meteo\/orages-11-departements-du-centre-et-de-lest-places-en-vigilance-orange-quatre-autres-concernes-dans-lapres-midi-14-06-2025-JGJKJ2BVABEONPKS7MDAKOZAUA.php\" target=\"_self\" rel=\"nofollow noopener\">les violents orages<\/a> qui ont touch\u00e9 l\u2019\u00cele-de-France notamment vendredi soir. \u00c0 Grandchamp, dans les Yvelines, un homme est d\u00e9c\u00e9d\u00e9 apr\u00e8s la chute d\u2019un arbre, vers 22 heures. Son identification est toujours en cours ce samedi. Selon les premi\u00e8res informations, un arbre frapp\u00e9 par la foudre se serait abattu sur une construction l\u00e9g\u00e8re \u00ab de type cabanon \u00bb install\u00e9e route de la Hauteville, \u00e0 Grandchamp.<\/p>\n<p class=\"paragraph text_align_left\">Ce village de 400 habitants est situ\u00e9 au sud-ouest des Yvelines, en limite de l\u2019Eure-et-Loir et du massif forestier de Rambouillet. Sept personnes se trouvaient \u00e0 l\u2019int\u00e9rieur de l\u2019habitation au moment de l\u2019accident, survenu vers 21h45. La structure s\u2019est compl\u00e8tement effondr\u00e9e. Six des occupants sont parvenus \u00e0 s\u2019en extraire sans blessures.<\/p>\n<p>Une femme dans le coma \u00e0 Paris<\/p>\n<p class=\"paragraph text_align_left\">Le septi\u00e8me a \u00e9t\u00e9 retrouv\u00e9 en arr\u00eat cardiorespiratoire, \u00e9cras\u00e9 sous les d\u00e9combres. L\u2019intervention a mobilis\u00e9 une trentaine de sapeurs-pompiers pendant pr\u00e8s de 4 heures, dont les sp\u00e9cialistes de la cellule sauvetage et d\u00e9blaiement. L\u2019enqu\u00eate a \u00e9t\u00e9 confi\u00e9e aux gendarmes de la brigade territoriale de Houdan.<\/p>\n<p class=\"paragraph text_align_left\">\u00c0 Paris, une heure plus tard, c\u2019est une femme qui a re\u00e7u la branche d\u2019un arbre foudroy\u00e9 sur la t\u00eate, alors qu\u2019elle se trouvait avec des amis quai Saint-Bernard, dans le Ve arrondissement de la capitale. Cette derni\u00e8re se trouvait dans le coma vendredi soir et a \u00e9t\u00e9 transf\u00e9r\u00e9e en urgence absolue \u00e0 l\u2019H\u00f4pital Henri-Mondor de Cr\u00e9teil.<\/p>\n","protected":false},"excerpt":{"rendered":"Deux drames, apr\u00e8s les violents orages qui ont touch\u00e9 l\u2019\u00cele-de-France notamment vendredi soir. \u00c0 Grandchamp, dans les Yvelines,&hellip;\n","protected":false},"author":2,"featured_media":175427,"comment_status":"","ping_status":"","sticky":false,"template":"","format":"standard","meta":{"footnotes":""},"categories":[1888],"tags":[11,1777,674,118,1011,27,1944,12,626,25,1938],"class_list":{"0":"post-175426","1":"post","2":"type-post","3":"status-publish","4":"format-standard","5":"has-post-thumbnail","7":"category-paris","8":"tag-actualites","9":"tag-eu","10":"tag-europe","11":"tag-faits-divers","12":"tag-fr","13":"tag-france","14":"tag-ma-ville","15":"tag-news","16":"tag-paris","17":"tag-republique-francaise","18":"tag-yvelines"},"share_on_mastodon":{"url":"https:\/\/pubeurope.com\/@fr\/114680723187483962","error":""},"_links":{"self":[{"href":"https:\/\/www.europesays.com\/fr\/wp-json\/wp\/v2\/posts\/175426","targetHints":{"allow":["GET"]}}],"collection":[{"href":"https:\/\/www.europesays.com\/fr\/wp-json\/wp\/v2\/posts"}],"about":[{"href":"https:\/\/www.europesays.com\/fr\/wp-json\/wp\/v2\/types\/post"}],"author":[{"embeddable":true,"href":"https:\/\/www.europesays.com\/fr\/wp-json\/wp\/v2\/users\/2"}],"replies":[{"embeddable":true,"href":"https:\/\/www.europesays.com\/fr\/wp-json\/wp\/v2\/comments?post=175426"}],"version-history":[{"count":0,"href":"https:\/\/www.europesays.com\/fr\/wp-json\/wp\/v2\/posts\/175426\/revisions"}],"wp:featuredmedia":[{"embeddable":true,"href":"https:\/\/www.europesays.com\/fr\/wp-json\/wp\/v2\/media\/175427"}],"wp:attachment":[{"href":"https:\/\/www.europesays.com\/fr\/wp-json\/wp\/v2\/media?parent=175426"}],"wp:term":[{"taxonomy":"category","embeddable":true,"href":"https:\/\/www.europesays.com\/fr\/wp-json\/wp\/v2\/categories?post=175426"},{"taxonomy":"post_tag","embeddable":true,"href":"https:\/\/www.europesays.com\/fr\/wp-json\/wp\/v2\/tags?post=175426"}],"curies":[{"name":"wp","href":"https:\/\/api.w.org\/{rel}","templated":true}]}}