{"id":175430,"date":"2025-06-14T08:16:12","date_gmt":"2025-06-14T08:16:12","guid":{"rendered":"https:\/\/www.europesays.com\/fr\/175430\/"},"modified":"2025-06-14T08:16:12","modified_gmt":"2025-06-14T08:16:12","slug":"quatre-artistes-exposent-ukraine-en-depit-des-tenebres-a-coulaines","status":"publish","type":"post","link":"https:\/\/www.europesays.com\/fr\/175430\/","title":{"rendered":"Quatre\u00a0artistes exposent \u00ab\u00a0Ukraine en d\u00e9pit des t\u00e9n\u00e8bres\u00a0\u00bb \u00e0 Coulaines"},"content":{"rendered":"<p>Jeudi 12\u00a0juin 2025, en soir\u00e9e, \u00e0 l\u2019Herberie, \u00e0 Coulaines (Sarthe), Katherina Lebreton, copr\u00e9sidente d\u2019Ukraine au Mans, a pr\u00e9sent\u00e9 l\u2019exposition \u00ab\u00a0Ukraine en d\u00e9pit des t\u00e9n\u00e8bres\u00a0\u00bb visible jusqu\u2019au 30\u00a0juin. Deux artistes ukrainiennes sont venues sp\u00e9cialement de Kiev.<\/p>\n<p><strong>\u00ab\u00a0Anna Kisima est une calligraphe tr\u00e8s connue en Ukraine. Elle a appris l\u2019\u00e9criture utilis\u00e9e par les cosaques au XVIIIe\u00a0si\u00e8cle. Elle pr\u00e9sente Le chant de la for\u00eat, une s\u00e9rie de six tableaux\u00a0\u00bb<\/strong>, pr\u00e9cise la copr\u00e9sidente.<\/p>\n<p>Dipl\u00f4m\u00e9e de l\u2019acad\u00e9mie d\u2019art et d\u2019architecture de Kiev, Darina Shykhnenko s\u2019est r\u00e9fugi\u00e9e au Mans pendant six mois, en 2022. Elle montre 16\u00a0tableaux intitul\u00e9s Journal de guerre repr\u00e9sentant son ressenti au d\u00e9but du conflit. Elle a lu son po\u00e8me intitul\u00e9 vyshyvanka, la chemise brod\u00e9e ukrainienne.<\/p>\n<p><strong>LIRE AUSSI:<\/strong> <a href=\"https:\/\/caen.maville.com\/actu\/actudet_-maisoncelles-pelvey.-jacky-lebas-realisateur-presente-retour-d-ukraine-_4-6769997_actu.Htm\" target=\"_blank\" rel=\"noopener\">Jacky Lebas, r\u00e9alisateur, pr\u00e9sente \u00abRetour d\u2019Ukraine\u00bb<\/a><\/p>\n<p>Form\u00e9e aux Beaux-Arts de Rennes, Fanny Le Chevalier pr\u00e9sente plusieurs photomontages surprenants r\u00e9alis\u00e9s \u00e0 partir de photographies de guerre auxquelles elle ajoute des \u00e9l\u00e9ments de peintures occidentales c\u00e9l\u00e8bres. Elle tente ainsi de r\u00e9unir l\u2019occident au drame ukrainien. Ces \u0153uvres sont \u00e0 vendre au profit d\u2019associations caritatives ukrainiennes.<\/p>\n<p><strong>\u00ab\u00a0J\u00e9r\u00f4me Barbosa, photographe fran\u00e7ais, livre des clich\u00e9s sur la vie quotidienne pendant la guerre. J\u2019aime celle de l\u2019\u00e9vacuation des livres ukrainiens, car les Russes les br\u00fblent d\u00e8s qu\u2019ils les trouvent\u00a0\u00bb<\/strong>, poursuit la copr\u00e9sidente. La chorale de l\u2019association a interpr\u00e9t\u00e9 des chants ukrainiens.<\/p>\n<p><strong>\u00ab\u00a0Les inscriptions \u00e0 l\u2019Herberie sont ouvertes pour la saison 2025-2026. Fin juin, les expositions seront suspendues pour six mois a minima pendant les travaux d\u2019isolation\u00a0\u00bb<\/strong>, annonce Jo\u00ebl Delahaye, administrateur.<\/p>\n<p><strong>Jusqu\u2019au 30\u00a0juin 2025<\/strong>, du lundi au jeudi, de 9\u00a0h \u00e0 12\u00a0h et de 13\u00a0h\u00a030 \u00e0 18\u00a0h\u00a0; vendredi, 9\u00a0h \u00e0 12\u00a0h. Herberie, 6\u00a0bis, boulevard Saint-Michel, \u00e0 Coulaines. Entr\u00e9e gratuite. Tout public. Contact. T\u00e9l. 02\u00a043\u00a082\u00a028\u00a042.<\/p>\n<p>\u00a0<\/p>\n","protected":false},"excerpt":{"rendered":"Jeudi 12\u00a0juin 2025, en soir\u00e9e, \u00e0 l\u2019Herberie, \u00e0 Coulaines (Sarthe), Katherina Lebreton, copr\u00e9sidente d\u2019Ukraine au Mans, a pr\u00e9sent\u00e9&hellip;\n","protected":false},"author":2,"featured_media":175431,"comment_status":"","ping_status":"","sticky":false,"template":"","format":"standard","meta":{"footnotes":""},"categories":[1590],"tags":[11,2937,31072,31070,1777,674,11541,2047,12,31071,220],"class_list":{"0":"post-175430","1":"post","2":"type-post","3":"status-publish","4":"format-standard","5":"has-post-thumbnail","7":"category-ukraine","8":"tag-actualites","9":"tag-artistes","10":"tag-coulaines","11":"tag-depit","12":"tag-eu","13":"tag-europe","14":"tag-exposent","15":"tag-mans","16":"tag-news","17":"tag-tenebres","18":"tag-ukraine"},"share_on_mastodon":{"url":"https:\/\/pubeurope.com\/@fr\/114680731021368387","error":""},"_links":{"self":[{"href":"https:\/\/www.europesays.com\/fr\/wp-json\/wp\/v2\/posts\/175430","targetHints":{"allow":["GET"]}}],"collection":[{"href":"https:\/\/www.europesays.com\/fr\/wp-json\/wp\/v2\/posts"}],"about":[{"href":"https:\/\/www.europesays.com\/fr\/wp-json\/wp\/v2\/types\/post"}],"author":[{"embeddable":true,"href":"https:\/\/www.europesays.com\/fr\/wp-json\/wp\/v2\/users\/2"}],"replies":[{"embeddable":true,"href":"https:\/\/www.europesays.com\/fr\/wp-json\/wp\/v2\/comments?post=175430"}],"version-history":[{"count":0,"href":"https:\/\/www.europesays.com\/fr\/wp-json\/wp\/v2\/posts\/175430\/revisions"}],"wp:featuredmedia":[{"embeddable":true,"href":"https:\/\/www.europesays.com\/fr\/wp-json\/wp\/v2\/media\/175431"}],"wp:attachment":[{"href":"https:\/\/www.europesays.com\/fr\/wp-json\/wp\/v2\/media?parent=175430"}],"wp:term":[{"taxonomy":"category","embeddable":true,"href":"https:\/\/www.europesays.com\/fr\/wp-json\/wp\/v2\/categories?post=175430"},{"taxonomy":"post_tag","embeddable":true,"href":"https:\/\/www.europesays.com\/fr\/wp-json\/wp\/v2\/tags?post=175430"}],"curies":[{"name":"wp","href":"https:\/\/api.w.org\/{rel}","templated":true}]}}