{"id":175432,"date":"2025-06-14T08:17:22","date_gmt":"2025-06-14T08:17:22","guid":{"rendered":"https:\/\/www.europesays.com\/fr\/175432\/"},"modified":"2025-06-14T08:17:22","modified_gmt":"2025-06-14T08:17:22","slug":"cest-la-serie-la-plus-regardee-aux-etats-unis-et-bonne-nouvelle-2-saisons-sont-deja-disponibles-en-france","status":"publish","type":"post","link":"https:\/\/www.europesays.com\/fr\/175432\/","title":{"rendered":"C&rsquo;est la s\u00e9rie la plus regard\u00e9e aux Etats-Unis et, bonne nouvelle, 2 saisons sont d\u00e9j\u00e0 disponibles en France"},"content":{"rendered":"<p>Si vous n&rsquo;avez pas encore commenc\u00e9 cette s\u00e9rie, qui est actuellement la plus regard\u00e9e aux \u00c9tats-Unis, c\u2019est le moment\u202fde vous y mettre ! Ses deux saisons sont actuellement disponibles en France.<\/p>\n<p>Envie de d\u00e9couvrir ce qui se cache derri\u00e8re la s\u00e9rie actuellement la plus regard\u00e9e aux \u00c9tats-Unis depuis son lancement le 11 f\u00e9vrier 2024 ? Ne vous en faites pas, vous pouvez la d\u00e9couvrir sur <a href=\"https:\/\/www.programme-tv.net\/evenements\/disney\/\" rel=\"nofollow noopener\" target=\"_blank\">la plateforme de streaming Disney+<\/a>. Justin Hartley, vu notamment dans This Is Us, joue dans <b>Tracker<\/b> le r\u00f4le de Colter Shaw, un survivaliste devenu traqueur de personnes disparues. La s\u00e9rie s\u2019inspire du roman The Never Game, sorti en 2019, de Jeffery Deaver, auteur am\u00e9ricain de thrillers \u00e0 succ\u00e8s. Le showrunner Ben H. Winters a repens\u00e9 l\u2019histoire pour la t\u00e9l\u00e9vision, centrant Tracker autour du personnage de Colter Shaw. En \u00e0 peine deux saisons, la s\u00e9rie est devenue un incontournable puisqu\u2019<a href=\"https:\/\/www.programme-tv.net\/news\/evenement\/disney-plus-streaming\/354005-plus-forte-que-ncis-avez-vous-vu-cette-serie-meconnue-en-france-devenue-la-plus-vue-des-etats-unis\/\" data-api-deeplink=\"teleloisirs:\/\/news\/354005\" rel=\"nofollow noopener\" target=\"_blank\">elle n\u2019a cess\u00e9 de gagner en popularit\u00e9<\/a>. D\u00e8s sa deuxi\u00e8me saison, elle a rassembl\u00e9 en moyenne 11\u202fmillions de t\u00e9l\u00e9spectateurs par \u00e9pisode selon TVLine, un chiffre qui grimpe \u00e0 14,7 millions en comptant les replays, pr\u00e9cise The Hollywood Reporter. La s\u00e9rie a imm\u00e9diatement captiv\u00e9 les t\u00e9l\u00e9spectateurs entre son protagoniste en qu\u00eate de r\u00e9ponses sur son propre pass\u00e9 familial, et la galerie de personnages qui \u00e9pouse les codes des grands thrillers. Le casting est familier pour les fans de s\u00e9ries puisque <a href=\"https:\/\/www.programme-tv.net\/news\/evenement\/disney-plus-streaming\/369071-tracker-saison-2-un-personnage-s-en-va-un-autre-revient-pour-notre-plus-grand-plaisir\/\" data-api-deeplink=\"teleloisirs:\/\/news\/369071\" rel=\"nofollow noopener\" target=\"_blank\">Jensen Ackles, vu notamment dans Supernatural, incarne Russell Shaw, le fr\u00e8re de Colter<\/a>.<\/p>\n<p>                        <b>Tracker<\/b><b> : la saison 2 est en cours de diffusion en France sur Disney+<\/b><\/p>\n<p>Bonne nouvelle pour les abonn\u00e9s \u00e0 la plateforme de streaming Disney+\u202f: les saisons\u202f1 et\u202f 2 de Tracker sont d\u00e8s \u00e0 pr\u00e9sent disponibles. Aux \u00c9tats\u2011Unis, c\u2019est CBS qui diffuse la s\u00e9rie, et en France, c&rsquo;est Disney+ qui la propose \u00e0 raison d\u2019un \u00e9pisode hebdomadaire. \u00c0 ce jour, seuls dix \u00e9pisodes de la saison 2 sont disponibles. Si les fans attendent avec impatience la suite de Tracker, ils vont devoir faire preuve de patience car le dernier \u00e9pisode de cette saison n\u2019a \u00e9t\u00e9 diffus\u00e9 que mi-mai aux \u00c9tats-Unis.<\/p>\n<p><b>Tracker<\/b><b> : une saison 3 d\u00e9j\u00e0 command\u00e9e<\/b><\/p>\n<p>Bien que l\u2019action de Tracker se d\u00e9roule aux \u00c9tats\u2011Unis, la s\u00e9rie est tourn\u00e9e en Colombie\u2011Britannique, notamment dans les studios de Vancouver, ce qui n\u2019emp\u00eache pas les fans de se croire en Oregon, dans le Montana ou encore en Arkansas. D\u00e9but f\u00e9vrier 2025, <a href=\"https:\/\/www.programme-tv.net\/news\/evenement\/disney-plus-streaming\/379942-tracker-une-saison-3-est-elle-prevue\/\" data-api-deeplink=\"teleloisirs:\/\/news\/379942\" rel=\"nofollow noopener\" target=\"_blank\">CBS a command\u00e9 une troisi\u00e8me saison<\/a>, pr\u00e9vue pour 2026. <a href=\"https:\/\/www.programme-tv.net\/news\/evenement\/disney-plus-streaming\/372949-tracker-il-va-se-passer-quelque-chose-denorme-justin-hartley-tease-la-suite-de-la-serie-et-les-retrouvailles-avec-billie-jouee-par-sa-femme-sofia-pernas\/\" data-api-deeplink=\"teleloisirs:\/\/news\/372949\" rel=\"nofollow noopener\" target=\"_blank\">Justin Hartley a m\u00eame partag\u00e9 son enthousiasme<\/a> sur Instagram, promettant une nouvelle saison dans laquelle Colter Shaw \u00ab\u00a0pourrait se retrouver traqu\u00e9 \u00e0 son tour\u00a0\u00bb.<\/p>\n<p>  <a class=\"cta\" href=\"https:\/\/fliz.ly\/WPQ71_w\" rel=\"nofollow noopener\" target=\"_blank\"><br \/>\n    Abonnez-vous \u00e0 Disney+ pour d\u00e9couvrir ce programme<br \/>\n  <\/a><\/p>\n<p>Article \u00e9crit avec la collaboration de 6Medias<\/p>\n","protected":false},"excerpt":{"rendered":"Si vous n&rsquo;avez pas encore commenc\u00e9 cette s\u00e9rie, qui est actuellement la plus regard\u00e9e aux \u00c9tats-Unis, c\u2019est le&hellip;\n","protected":false},"author":2,"featured_media":175433,"comment_status":"","ping_status":"","sticky":false,"template":"","format":"standard","meta":{"footnotes":""},"categories":[1589],"tags":[11,244,10451,73,1866,31073,12,10450,129,31074,1864,1865,1863,308],"class_list":{"0":"post-175432","1":"post","2":"type-post","3":"status-publish","4":"format-standard","5":"has-post-thumbnail","7":"category-etats-unis","8":"tag-actualites","9":"tag-commentaire","10":"tag-disney-plus","11":"tag-etats-unis","12":"tag-etats-unis-damerique","13":"tag-justin-hartley","14":"tag-news","15":"tag-pub-streaming-disney-plus","16":"tag-svod","17":"tag-tracker","18":"tag-united-states","19":"tag-united-states-of-america","20":"tag-us","21":"tag-usa"},"share_on_mastodon":{"url":"https:\/\/pubeurope.com\/@fr\/114680734977144241","error":""},"_links":{"self":[{"href":"https:\/\/www.europesays.com\/fr\/wp-json\/wp\/v2\/posts\/175432","targetHints":{"allow":["GET"]}}],"collection":[{"href":"https:\/\/www.europesays.com\/fr\/wp-json\/wp\/v2\/posts"}],"about":[{"href":"https:\/\/www.europesays.com\/fr\/wp-json\/wp\/v2\/types\/post"}],"author":[{"embeddable":true,"href":"https:\/\/www.europesays.com\/fr\/wp-json\/wp\/v2\/users\/2"}],"replies":[{"embeddable":true,"href":"https:\/\/www.europesays.com\/fr\/wp-json\/wp\/v2\/comments?post=175432"}],"version-history":[{"count":0,"href":"https:\/\/www.europesays.com\/fr\/wp-json\/wp\/v2\/posts\/175432\/revisions"}],"wp:featuredmedia":[{"embeddable":true,"href":"https:\/\/www.europesays.com\/fr\/wp-json\/wp\/v2\/media\/175433"}],"wp:attachment":[{"href":"https:\/\/www.europesays.com\/fr\/wp-json\/wp\/v2\/media?parent=175432"}],"wp:term":[{"taxonomy":"category","embeddable":true,"href":"https:\/\/www.europesays.com\/fr\/wp-json\/wp\/v2\/categories?post=175432"},{"taxonomy":"post_tag","embeddable":true,"href":"https:\/\/www.europesays.com\/fr\/wp-json\/wp\/v2\/tags?post=175432"}],"curies":[{"name":"wp","href":"https:\/\/api.w.org\/{rel}","templated":true}]}}