{"id":175435,"date":"2025-06-14T08:19:12","date_gmt":"2025-06-14T08:19:12","guid":{"rendered":"https:\/\/www.europesays.com\/fr\/175435\/"},"modified":"2025-06-14T08:19:12","modified_gmt":"2025-06-14T08:19:12","slug":"allemagne-linflation-harmonisee-en-ligne-avec-les-attentes-en-mai-boursorama","status":"publish","type":"post","link":"https:\/\/www.europesays.com\/fr\/175435\/","title":{"rendered":"Allemagne : l&#039;inflation harmonis\u00e9e en ligne avec les attentes en mai &#8211; Boursorama"},"content":{"rendered":"<ol>\n<li><a href=\"https:\/\/news.google.com\/rss\/articles\/CBMi3AFBVV95cUxOMldWRUZXZUM2UmpreDdKc2ZvUXBGNkFwTWZHLWFLWUN5ZGNEanE3cDg2REtkWjcwU1JxZ2hGRmFoUVA1Mm1PMF83VVBkNWk2LUdiX1l2WjY1bk1pOG85VllMOWJMNTVnV2lZZ3o0WDlKV2J4RGNhUXFMblJjcXFJVHBtWDI5WE5CQXd3NlZLY1NmS2VQYjhzaTlmb3JySHZuLWJZalNvcjNSc0pEQ0VKOThEaE5Sd1QzUmNoMTk3ZWJaRmU4NlM5MEJoNGFVVmtCWGtWWFlqc1hxYlhz0gHiAUFVX3lxTE0yalFZanhBa3NDTDVtMDV6MXppYVJPNlo3eDZTR0dRMF90MzRWQkdxTG1kQ1lwcGE2eUlIV2NKTGtTdXhuTmFHS1VjcTZUbEVxMGJUNW1tUkVQQlRUY3hIOW5rbldIRWJNNEFnbW9PWHRTWVl0cXZoRkIyTUJ2cGo0WVRrUDFlWnRSY1FYV2xqS2NvcWtuRXdOdjAtQmhqQXVBM1NaREpVTHloUkNtYzRmN3E4c2ROUnlWc25OYTZlYVlWQmMwd2NKSmktZzlQendmX20ySTVnRXZOTTJjTWFOd3c?oc=5\" target=\"_blank\" rel=\"nofollow noopener\">Allemagne : l&rsquo;inflation harmonis\u00e9e en ligne avec les attentes en mai<\/a>&nbsp;&nbsp;Boursorama<\/li>\n<li><a href=\"https:\/\/news.google.com\/rss\/articles\/CBMipgFBVV95cUxQV3ZldVlUQmdrclFmSE5vQ2ZVMmJIVkdPN3BxOU0td3kzZDM4TjdCOFluQ2JyTlRHRGhRNmpNMHVHYnJwRXR5M0pOdXB6RVpQc25EeWpIbGlIR0lpcTNxN0FZdnFJTTd1ZUduTk4xOE81aERpaWZxQUt0eC03LVVDaEU0Zjl5ZjJ2bW1fOGJhQkk2X0pXalBCYVpGTXVRaE0wZmM4Qi1R?oc=5\" target=\"_blank\" rel=\"nofollow noopener\">Allemagne-L&rsquo;inflation IPCH confirm\u00e9e \u00e0 2,1% sur un en mai<\/a>&nbsp;&nbsp;L&rsquo;Usine Nouvelle<\/li>\n<li><a href=\"https:\/\/news.google.com\/rss\/articles\/CBMipwFBVV95cUxOazJTTHRFQjh2SVd4R2dub09JbUVScnc0M0dqQ3dIdWhmV0Z5SzFRZjVYYXVXN0pDQWdiMW8zX3I2RDhZVkRNNWt0MTRlVmFhazRZTTQ2Q1Q4dkZnS3ZqNXJkS3NHdDBHZE9DZ2VEclM2eHVWRWNINkw2bG5KQ0YzSWR6VVdETWhIRnJyS2twMFFpMmtlbEl5MDVYQllkc2o1ZDZsTldrOA?oc=5\" target=\"_blank\" rel=\"nofollow noopener\">Les prix de gros allemands augmentent de 0,4 % en mai<\/a>&nbsp;&nbsp;Zonebourse Suisse<\/li>\n<li><a href=\"https:\/\/news.google.com\/rss\/articles\/CBMioAFBVV95cUxNYjdPeTZrd3hfbUt5Q2g0NjNDVHVENTZCQVFzeFdOOHg4cmYteUpYMFZ3Q25LZDNTQXhjQ0padXRocmdoQWthT3h0aHpvS0hLaDBpRmtMZlplV1RMdE5Od2dZSGlzN3o1NFphQ1B5a2ZqMVVlU1pyOXlkdFY1Q01oWDJ2OXh1RDBGX2NtZ2JkckppcWdOM09DRFF2UjhZc05J?oc=5\" target=\"_blank\" rel=\"nofollow noopener\">L\u2019inflation allemande ralentit \u00e0 2,1% en mai<\/a>&nbsp;&nbsp;Investing.com France<\/li>\n<li><a href=\"https:\/\/news.google.com\/rss\/articles\/CBMimwFBVV95cUxPVDlDZnM2Zml5eHRBeVd1TTNEbUNZV1ctMF9Xd2VqVjFnc3pyOTcya1NKcHN4TUpzeDluVEJzR1NId3duOEpLaUFPTlJ5NV9fSjQyYXg1N0JraS12VG9obGczanYxYlRJaGhoS1JkaDMtVU84NVo4c0dHZU5xMkxlUUNQQTl2RFBtMkY3Y0V0cTR6cWxrTk45aWItQdIBoAFBVV95cUxQQk9iczRxQjIxdE1QellvZHpjdm4tTjJWQVJQZmduOGJvV2VZMHdYWGhmRHh5ZDE3cC0wZVQxYWhQTEpvWXBkc01JeGd3U3NvdzlPbERPS0dLeklOUkg3TVZsR056S1RTcDVvT3ZTMHc5VF90UVU4a0pFZUtYRVVJakhKd1FOd1ZxXzV4UUxrYU02Z0xmc2pMYzNpaXM3R1N0?oc=5\" target=\"_blank\" rel=\"nofollow noopener\">Allemagne: l&rsquo;inflation confirm\u00e9e \u00e0 2,1% sur un an en mai<\/a>&nbsp;&nbsp;ABC Bourse<\/li>\n<\/ol>\n","protected":false},"excerpt":{"rendered":"Allemagne : l&rsquo;inflation harmonis\u00e9e en ligne avec les attentes en mai&nbsp;&nbsp;Boursorama Allemagne-L&rsquo;inflation IPCH confirm\u00e9e \u00e0 2,1% sur un&hellip;\n","protected":false},"author":2,"featured_media":17400,"comment_status":"","ping_status":"","sticky":false,"template":"","format":"standard","meta":{"footnotes":""},"categories":[1587],"tags":[400,11,672,398,408,1804,405,1805,1803,1777,674,1801,403,402,399,404,12,1802,401,406,407],"class_list":{"0":"post-175435","1":"post","2":"type-post","3":"status-publish","4":"format-standard","5":"has-post-thumbnail","7":"category-allemagne","8":"tag-action-cac-40","9":"tag-actualites","10":"tag-allemagne","11":"tag-bourse-de-paris","12":"tag-boursorama","13":"tag-bundesrepublik-deutschland","14":"tag-cotations","15":"tag-de","16":"tag-deutschland","17":"tag-eu","18":"tag-europe","19":"tag-germany","20":"tag-indices-devises","21":"tag-investir","22":"tag-investissement","23":"tag-marche-boursier","24":"tag-news","25":"tag-republique-federale-dallemagne","26":"tag-sicav","27":"tag-trackers","28":"tag-warrants"},"share_on_mastodon":{"url":"https:\/\/pubeurope.com\/@fr\/114680742800439885","error":""},"_links":{"self":[{"href":"https:\/\/www.europesays.com\/fr\/wp-json\/wp\/v2\/posts\/175435","targetHints":{"allow":["GET"]}}],"collection":[{"href":"https:\/\/www.europesays.com\/fr\/wp-json\/wp\/v2\/posts"}],"about":[{"href":"https:\/\/www.europesays.com\/fr\/wp-json\/wp\/v2\/types\/post"}],"author":[{"embeddable":true,"href":"https:\/\/www.europesays.com\/fr\/wp-json\/wp\/v2\/users\/2"}],"replies":[{"embeddable":true,"href":"https:\/\/www.europesays.com\/fr\/wp-json\/wp\/v2\/comments?post=175435"}],"version-history":[{"count":0,"href":"https:\/\/www.europesays.com\/fr\/wp-json\/wp\/v2\/posts\/175435\/revisions"}],"wp:featuredmedia":[{"embeddable":true,"href":"https:\/\/www.europesays.com\/fr\/wp-json\/wp\/v2\/media\/17400"}],"wp:attachment":[{"href":"https:\/\/www.europesays.com\/fr\/wp-json\/wp\/v2\/media?parent=175435"}],"wp:term":[{"taxonomy":"category","embeddable":true,"href":"https:\/\/www.europesays.com\/fr\/wp-json\/wp\/v2\/categories?post=175435"},{"taxonomy":"post_tag","embeddable":true,"href":"https:\/\/www.europesays.com\/fr\/wp-json\/wp\/v2\/tags?post=175435"}],"curies":[{"name":"wp","href":"https:\/\/api.w.org\/{rel}","templated":true}]}}