{"id":175438,"date":"2025-06-14T08:21:12","date_gmt":"2025-06-14T08:21:12","guid":{"rendered":"https:\/\/www.europesays.com\/fr\/175438\/"},"modified":"2025-06-14T08:21:12","modified_gmt":"2025-06-14T08:21:12","slug":"bruxelles-je-taime-politique-migratoire-de-lue","status":"publish","type":"post","link":"https:\/\/www.europesays.com\/fr\/175438\/","title":{"rendered":"Bruxelles, je t&rsquo;aime ? : Politique migratoire de l&rsquo;UE"},"content":{"rendered":"<p>Nos invit\u00e9s cette semaine sont Charles Goerens, eurod\u00e9put\u00e9 pour le groupe centriste Renew Europe, Annalisa Buscaini, politologue au European Policy Centre, et Fabrice Leggeri, eurod\u00e9put\u00e9 du groupe eurosceptique Patriotes pour l\u2019Europe.<\/p>\n<p>Dans la seconde partie de l&rsquo;\u00e9mission, nous examinons \u00e9galement la situation des r\u00e9fugi\u00e9s ukrainiens en Europe et du renouvellement par l&rsquo;UE de leur statut de protection temporaire.<\/p>\n<p>Enfin, lors d&rsquo;un troisi\u00e8me d\u00e9bat, nous parlons de la crise du logement qui fait rage en Europe, au moment m\u00eame o\u00f9 la Commission europ\u00e9enne travaille sur des propositions pour tenter d\u2019am\u00e9liorer la situation.<\/p>\n","protected":false},"excerpt":{"rendered":"Nos invit\u00e9s cette semaine sont Charles Goerens, eurod\u00e9put\u00e9 pour le groupe centriste Renew Europe, Annalisa Buscaini, politologue au&hellip;\n","protected":false},"author":2,"featured_media":175439,"comment_status":"","ping_status":"","sticky":false,"template":"","format":"standard","meta":{"footnotes":""},"categories":[1586],"tags":[11,31077,31076,1777,674,31075,1779,1011,27,31078,1808,12,25,1778,364],"class_list":{"0":"post-175438","1":"post","2":"type-post","3":"status-publish","4":"format-standard","5":"has-post-thumbnail","7":"category-europe","8":"tag-actualites","9":"tag-annalisa-buscaini","10":"tag-charles-goerens","11":"tag-eu","12":"tag-europe","13":"tag-european-policy-centre","14":"tag-european-union","15":"tag-fr","16":"tag-france","17":"tag-groupe-centriste","18":"tag-leurope","19":"tag-news","20":"tag-republique-francaise","21":"tag-ue","22":"tag-union-europeenne"},"share_on_mastodon":{"url":"https:\/\/pubeurope.com\/@fr\/114680750772445016","error":""},"_links":{"self":[{"href":"https:\/\/www.europesays.com\/fr\/wp-json\/wp\/v2\/posts\/175438","targetHints":{"allow":["GET"]}}],"collection":[{"href":"https:\/\/www.europesays.com\/fr\/wp-json\/wp\/v2\/posts"}],"about":[{"href":"https:\/\/www.europesays.com\/fr\/wp-json\/wp\/v2\/types\/post"}],"author":[{"embeddable":true,"href":"https:\/\/www.europesays.com\/fr\/wp-json\/wp\/v2\/users\/2"}],"replies":[{"embeddable":true,"href":"https:\/\/www.europesays.com\/fr\/wp-json\/wp\/v2\/comments?post=175438"}],"version-history":[{"count":0,"href":"https:\/\/www.europesays.com\/fr\/wp-json\/wp\/v2\/posts\/175438\/revisions"}],"wp:featuredmedia":[{"embeddable":true,"href":"https:\/\/www.europesays.com\/fr\/wp-json\/wp\/v2\/media\/175439"}],"wp:attachment":[{"href":"https:\/\/www.europesays.com\/fr\/wp-json\/wp\/v2\/media?parent=175438"}],"wp:term":[{"taxonomy":"category","embeddable":true,"href":"https:\/\/www.europesays.com\/fr\/wp-json\/wp\/v2\/categories?post=175438"},{"taxonomy":"post_tag","embeddable":true,"href":"https:\/\/www.europesays.com\/fr\/wp-json\/wp\/v2\/tags?post=175438"}],"curies":[{"name":"wp","href":"https:\/\/api.w.org\/{rel}","templated":true}]}}