{"id":175440,"date":"2025-06-14T08:22:08","date_gmt":"2025-06-14T08:22:08","guid":{"rendered":"https:\/\/www.europesays.com\/fr\/175440\/"},"modified":"2025-06-14T08:22:08","modified_gmt":"2025-06-14T08:22:08","slug":"incendies-trains-stoppes-facade-effondree-les-orages-ont-fait-des-degats-en-seine-maritime","status":"publish","type":"post","link":"https:\/\/www.europesays.com\/fr\/175440\/","title":{"rendered":"Incendies, trains stopp\u00e9s, fa\u00e7ade effondr\u00e9e&#8230; Les orages ont fait des d\u00e9g\u00e2ts en Seine-Maritime"},"content":{"rendered":"<p>            Par<br \/>\n        <strong><br \/>\n            <a href=\"https:\/\/actu.fr\/auteur\/adrien-filoche\" title=\"Consulter tous les articles de Adrien Filoche\" target=\"_blank\" rel=\"noopener\">Adrien Filoche<\/a><br \/>\n        <\/strong><\/p>\n<p>        Publi\u00e9 le<\/p>\n<p>            14 juin 2025 \u00e0 9h26        <\/p>\n<p><strong>Les orages ont frapp\u00e9, et ils ont frapp\u00e9 fort.\u00a0<\/strong>Ce vendredi 13\u00a0juin 2025, la <a href=\"https:\/\/actu.fr\/normandie\/seine-maritime_76\" target=\"_blank\" rel=\"noopener\">Seine-Maritime<\/a> ainsi que l\u2019ensemble de la r\u00e9gion Normandie avaient \u00e9t\u00e9 plac\u00e9s en <a href=\"https:\/\/actu.fr\/meteo\/rafales-grele-de-violents-orages-vont-frapper-la-seine-maritime-le-departement-en-vigilance-orange_62766747.html\" target=\"_blank\" rel=\"noopener\">vigilance orange par M\u00e9t\u00e9o France<\/a> en raison des orages. De nombreux coups de tonnerre ont retenti le long de la soir\u00e9e, tandis que certains territoires ont m\u00eame \u00e9t\u00e9 touch\u00e9s par la gr\u00eale.<\/p>\n<p>141 interventions des pompiers<\/p>\n<p class=\" wall-content\">Les pompiers, sollicit\u00e9s \u00e0 de nombreuses reprises, sont intervenus pour plusieurs <strong>incendies<\/strong>, ainsi que des <strong>inondations<\/strong> dans des sous-sols. La <strong>fa\u00e7ade d\u2019une habitation s\u2019est \u00e9galement effondr\u00e9e<\/strong>. Au total, le Sdis76 d\u00e9nombre \u00ab\u2009141 interventions r\u00e9alis\u00e9es, majoritairement sur l\u2019agglom\u00e9ration rouennaise et le sud-est du d\u00e9partement\u2009\u00bb.<\/p>\n<blockquote class=\"ac-article-quote wall-content\">\n<p>Des cellules orageuses violentes ont travers\u00e9 le d\u00e9partement avec une activit\u00e9 \u00e9lectrique intense donnant des impacts plus importants sur la moiti\u00e9 Est du d\u00e9partement. <\/p>\n<p>    <strong>Sdis76<\/strong><br \/>\n        Service d\u00e9partemental d&rsquo;incendie et de secours de la Seine-Maritime    <\/p><\/blockquote>\n<p class=\" wall-content\">Toutefois, les pompiers indiquent que \u00ab\u2009l\u2019impact sur la population a \u00e9t\u00e9 limit\u00e9 par rapport \u00e0 la virulence des intemp\u00e9ries\u2009\u00bb.<\/p>\n<p class=\" wall-content\">\n<p class=\" wall-content\">Les pompiers sont notamment intervenus pour un<strong> feu de b\u00e2timent agricole<\/strong> \u00e0 La Fert\u00e9-Saint-Samson, \u00e0 l\u2019est de Rouen. La grange a \u00e9t\u00e9 enti\u00e8rement d\u00e9truite, six veaux ont \u00e9t\u00e9 sauv\u00e9s, tandis que trois sont d\u00e9c\u00e9d\u00e9s. Un incendie a \u00e9galement touch\u00e9 un autre b\u00e2timent agricole \u00e0 Haussez.<\/p>\n<p class=\" wall-content\">Les secours font \u00e9galement \u00e9tat d\u2019un <strong>feu dans une long\u00e8re \u00e0 Pr\u00e9aux<\/strong>, lors duquel un\u00a0pompier a \u00e9t\u00e9 l\u00e9g\u00e8rement bless\u00e9, d\u2019inondations dans des pavillons \u00e0 Bois d\u2019Ennebourg, ainsi que dans un Novotel \u00e0 Saint-Etienne-du-Rouvray.<\/p>\n<p>Vid\u00e9os : en ce moment sur Actu<\/p>\n<p class=\" wall-content\">De plus, trois v\u00e9hicules avec huit personnes \u00e0 l\u2019int\u00e9rieur, dont deux enfants, se sont <strong>retrouv\u00e9s bloqu\u00e9s par de l\u2019eau<\/strong> \u00e0 La Neuville-Chant-d\u2019Oisel. \u00ab\u00a0Aucune victime ou bless\u00e9 ne sont \u00e0 d\u00e9plorer\u00a0\u00bb, pr\u00e9cise la pr\u00e9fecture. Enfin, la fa\u00e7ade d\u2019une maison s\u2019est effondr\u00e9e apr\u00e8s la chute d\u2019un arbre au Havre.\u00a0<\/p>\n<p class=\" wall-content\">Par ailleurs, <a href=\"https:\/\/actu.fr\/faits-divers\/meteo-orages-en-seine-maritime-la-circulation-des-trains-est-arretee-en-normandie_62772973.html\" target=\"_blank\" rel=\"noopener\">le r\u00e9seau ferroviaire de la SNCF a \u00e9t\u00e9 lourdement impact\u00e9<\/a> par les orages. De nombreux <strong>trains normands ont ainsi \u00e9t\u00e9 immobilis\u00e9s dans la soir\u00e9e.<\/strong>\u00a0Ce samedi 14\u00a0juin, la vigilance est lev\u00e9e en Seine-Maritime, mais la SNCF indique que \u00ab\u2009le trafic reste perturb\u00e9 ce samedi jusqu\u2019\u00e0 12h\u2009\u00bb.<\/p>\n<p class=\" wall-content\">\n<p>Suivez l\u2019actualit\u00e9 de <a href=\"https:\/\/www.whatsapp.com\/channel\/0029VaKfnf99hXF2ddApFB1D\" target=\"_blank\" rel=\"noopener\">Rouen<\/a> et du\u00a0<a href=\"https:\/\/www.whatsapp.com\/channel\/0029VaFqJYE8aKvLBwVrEe0o\" target=\"_blank\" rel=\"noopener\">Havre<\/a> sur nos cha\u00eenes WhatsApp et sur <a href=\"https:\/\/www.tiktok.com\/@76actu.fr?lang=fr\" target=\"_blank\" rel=\"noopener\">notre compte TikTok<\/a><\/p>\n<p class=\" wall-content\">Suivez toute l\u2019actualit\u00e9 de vos villes et m\u00e9dias favoris en vous inscrivant \u00e0 <a href=\"https:\/\/moncompte.actu.fr\" title=\"D\u00e9couvez Mon Actu\" rel=\"nofollow noopener\" data-trk=\"{&quot;cta&quot;:{&quot;action&quot;:&quot;https:\\\/\\\/moncompte.actu.fr&quot;,&quot;category&quot;:&quot;mon compte&quot;,&quot;from&quot;:&quot;article footer&quot;,&quot;name&quot;:&quot;Mon actu&quot;,&quot;type&quot;:&quot;cta&quot;}}\" target=\"_blank\">Mon Actu<\/a>.<\/p>\n<p>                    <script async src=\"\/\/www.tiktok.com\/embed.js\"><\/script><\/p>\n","protected":false},"excerpt":{"rendered":"Par Adrien Filoche Publi\u00e9 le 14 juin 2025 \u00e0 9h26 Les orages ont frapp\u00e9, et ils ont frapp\u00e9&hellip;\n","protected":false},"author":2,"featured_media":175441,"comment_status":"","ping_status":"","sticky":false,"template":"","format":"standard","meta":{"footnotes":""},"categories":[2],"tags":[11,1011,27,2357,12,4594,25,104],"class_list":{"0":"post-175440","1":"post","2":"type-post","3":"status-publish","4":"format-standard","5":"has-post-thumbnail","7":"category-actualites","8":"tag-actualites","9":"tag-fr","10":"tag-france","11":"tag-meteo-france","12":"tag-news","13":"tag-orages","14":"tag-republique-francaise","15":"tag-societe"},"share_on_mastodon":{"url":"https:\/\/pubeurope.com\/@fr\/114680754570406085","error":""},"_links":{"self":[{"href":"https:\/\/www.europesays.com\/fr\/wp-json\/wp\/v2\/posts\/175440","targetHints":{"allow":["GET"]}}],"collection":[{"href":"https:\/\/www.europesays.com\/fr\/wp-json\/wp\/v2\/posts"}],"about":[{"href":"https:\/\/www.europesays.com\/fr\/wp-json\/wp\/v2\/types\/post"}],"author":[{"embeddable":true,"href":"https:\/\/www.europesays.com\/fr\/wp-json\/wp\/v2\/users\/2"}],"replies":[{"embeddable":true,"href":"https:\/\/www.europesays.com\/fr\/wp-json\/wp\/v2\/comments?post=175440"}],"version-history":[{"count":0,"href":"https:\/\/www.europesays.com\/fr\/wp-json\/wp\/v2\/posts\/175440\/revisions"}],"wp:featuredmedia":[{"embeddable":true,"href":"https:\/\/www.europesays.com\/fr\/wp-json\/wp\/v2\/media\/175441"}],"wp:attachment":[{"href":"https:\/\/www.europesays.com\/fr\/wp-json\/wp\/v2\/media?parent=175440"}],"wp:term":[{"taxonomy":"category","embeddable":true,"href":"https:\/\/www.europesays.com\/fr\/wp-json\/wp\/v2\/categories?post=175440"},{"taxonomy":"post_tag","embeddable":true,"href":"https:\/\/www.europesays.com\/fr\/wp-json\/wp\/v2\/tags?post=175440"}],"curies":[{"name":"wp","href":"https:\/\/api.w.org\/{rel}","templated":true}]}}