{"id":175450,"date":"2025-06-14T08:28:12","date_gmt":"2025-06-14T08:28:12","guid":{"rendered":"https:\/\/www.europesays.com\/fr\/175450\/"},"modified":"2025-06-14T08:28:12","modified_gmt":"2025-06-14T08:28:12","slug":"roland-garros-atp-wilander-sur-sinner-cest-le-meilleur-de-tous-les-temps-dans-domaine-de-la-frappe-de-balle-je-nai-jamais-vu-ca","status":"publish","type":"post","link":"https:\/\/www.europesays.com\/fr\/175450\/","title":{"rendered":"Roland Garros, ATP > Wilander sur Sinner : \u00ab\u00a0C&rsquo;est le meilleur de tous les temps dans domaine de la frappe de balle. Je n&rsquo;ai jamais vu \u00e7a\u00a0\u00bb"},"content":{"rendered":"<p>Lors d\u2019une inter\u00adview accord\u00e9e \u00e0 <a href=\"https:\/\/www.tennis365.com\/tennis-news\/jannik-sinner-carlos-alcaraz-comparison-federer-nada-djokovic\" data-wpel-link=\"external\" target=\"_blank\" rel=\"nofollow external noopener\">Tennis365<\/a>, apr\u00e8s la finale d\u2019an\u00adtho\u00adlogie entre Carlos Alcaraz et Jannik Sinner \u00e0 Roland\u2010Garros, le septuple laur\u00e9at en Grand Chelem Mats Wilander a expliqu\u00e9 ce qui l\u2019im\u00adpres\u00adsion\u00adnait le plus chez l\u2019Italien.<\/p>\n<p><strong>\u00ab\u202fJ\u2019ai vu des joueurs frapper la balle plus fort que Jannik, mais aucun ne la frappe aussi fort et aussi t\u00f4t. Sinner est un joueur excep\u00adtionnel, cela ne fait aucun doute. Il est beau\u00adcoup plus diffi\u00adcile de frapper aussi fort et avec autant de r\u00e9gu\u00adla\u00adrit\u00e9 quand on prend la balle aussi t\u00f4t. Nous avons vu beau\u00adcoup de joueurs se tenir \u00e0 trois m\u00e8tres derri\u00e8re la ligne de fond sur une terre battue et frapper fort, car ils ont le temps d\u2019ali\u00adgner la balle et d\u2019ob\u00adtenir cette connexion. Sinner ne fait pas cela. Il se tient debout sur la ligne de fond, il frappe la balle tr\u00e8s fort et je n\u2019ai jamais vu quel\u00adqu\u2019un, dans toute ma carri\u00e8re dans le tennis, qui combine aussi bien ces deux choses frapper la balle aussi fort et la prendre aussi\u00a0t\u00f4t.\u202f\u00bb<\/strong><\/p>\n<p class=\"post-published-date\" style=\"color: silver; font-size: 75%; text-align: left;\">Publi\u00e9 le vendredi 13 juin 2025 \u00e0 18:17<\/p>\n","protected":false},"excerpt":{"rendered":"Lors d\u2019une inter\u00adview accord\u00e9e \u00e0 Tennis365, apr\u00e8s la finale d\u2019an\u00adtho\u00adlogie entre Carlos Alcaraz et Jannik Sinner \u00e0 Roland\u2010Garros,&hellip;\n","protected":false},"author":2,"featured_media":175451,"comment_status":"","ping_status":"","sticky":false,"template":"","format":"standard","meta":{"footnotes":""},"categories":[1415],"tags":[1744,1011,27,2127,60,1467],"class_list":{"0":"post-175450","1":"post","2":"type-post","3":"status-publish","4":"format-standard","5":"has-post-thumbnail","7":"category-tennis","8":"tag-alcaraz","9":"tag-fr","10":"tag-france","11":"tag-sinner","12":"tag-sports","13":"tag-tennis"},"share_on_mastodon":{"url":"https:\/\/pubeurope.com\/@fr\/114680778132598658","error":""},"_links":{"self":[{"href":"https:\/\/www.europesays.com\/fr\/wp-json\/wp\/v2\/posts\/175450","targetHints":{"allow":["GET"]}}],"collection":[{"href":"https:\/\/www.europesays.com\/fr\/wp-json\/wp\/v2\/posts"}],"about":[{"href":"https:\/\/www.europesays.com\/fr\/wp-json\/wp\/v2\/types\/post"}],"author":[{"embeddable":true,"href":"https:\/\/www.europesays.com\/fr\/wp-json\/wp\/v2\/users\/2"}],"replies":[{"embeddable":true,"href":"https:\/\/www.europesays.com\/fr\/wp-json\/wp\/v2\/comments?post=175450"}],"version-history":[{"count":0,"href":"https:\/\/www.europesays.com\/fr\/wp-json\/wp\/v2\/posts\/175450\/revisions"}],"wp:featuredmedia":[{"embeddable":true,"href":"https:\/\/www.europesays.com\/fr\/wp-json\/wp\/v2\/media\/175451"}],"wp:attachment":[{"href":"https:\/\/www.europesays.com\/fr\/wp-json\/wp\/v2\/media?parent=175450"}],"wp:term":[{"taxonomy":"category","embeddable":true,"href":"https:\/\/www.europesays.com\/fr\/wp-json\/wp\/v2\/categories?post=175450"},{"taxonomy":"post_tag","embeddable":true,"href":"https:\/\/www.europesays.com\/fr\/wp-json\/wp\/v2\/tags?post=175450"}],"curies":[{"name":"wp","href":"https:\/\/api.w.org\/{rel}","templated":true}]}}