{"id":175465,"date":"2025-06-14T08:38:09","date_gmt":"2025-06-14T08:38:09","guid":{"rendered":"https:\/\/www.europesays.com\/fr\/175465\/"},"modified":"2025-06-14T08:38:09","modified_gmt":"2025-06-14T08:38:09","slug":"cinq-choses-a-savoir-sur-le-retour-du-groupe-de-k-pop-bts-a-la-vie-civile","status":"publish","type":"post","link":"https:\/\/www.europesays.com\/fr\/175465\/","title":{"rendered":"Cinq choses \u00e0 savoir sur le retour du groupe de K-pop BTS \u00e0 la vie civile"},"content":{"rendered":"<p>Les sept membres du boys band sud-cor\u00e9en auront termin\u00e9, en ce mois de juin, leur service militaire obligatoire, qui a dur\u00e9 18 mois. Une reprise entour\u00e9e de nombreuses sp\u00e9culations.<\/p>\n<p class=\"fig-paragraph\">Les sept membres du groupe ph\u00e9nom\u00e8ne de K-pop, BTS, auront tous termin\u00e9 fin juin\u00a0<a href=\"http:\/\/www.lefigaro.fr\/musique\/k-pop-rm-et-v-membres-du-groupe-sud-coreen-bts-vont-etre-liberes-de-leur-service-militaire-20250609\" data-fig-type=\"NewsFlash\" data-gtm-custom-categorie=\"navigation\" data-gtm-custom-action=\"crossclick\" data-gtm-custom-label=\"Contextuel\" data-gtm-event=\"customEventSPE\" data-fig-domain=\"LEFIGARO\" target=\"_blank\" rel=\"noopener\">leur service militaire obligatoire en Cor\u00e9e du Sud<\/a>, \u00e9tape cruciale avant de reprendre ensemble le chemin des studios. \u00c0 l&rsquo;approche de cette \u00e9ch\u00e9ance, les fans de BTS sp\u00e9culent d\u00e9j\u00e0 sur les prochains projets du boys band, alors m\u00eame que leur agence HYBE reste tr\u00e8s discr\u00e8te sur la reprise de ses activit\u00e9s. Le dernier membre de BTS \u00e0 terminer son service militaire est SUGA, qui sera lib\u00e9r\u00e9 le 21 juin.<\/p>\n<p>BTS, c\u2019est quoi\u00a0?<\/p>\n<p class=\"fig-paragraph\">Le groupe de sept jeunes hommes, qui a fait ses d\u00e9buts le 13 juin 2013, est devenu la premi\u00e8re formation sud-cor\u00e9enne \u00e0\u00a0<a href=\"http:\/\/www.lefigaro.fr\/musique\/en-liesse-seoul-celebre-les-10-ans-du-groupe-bts-20230612\" data-fig-type=\"NewsFlash\" data-gtm-custom-categorie=\"navigation\" data-gtm-custom-action=\"crossclick\" data-gtm-custom-label=\"Contextuel\" data-gtm-event=\"customEventSPE\" data-fig-domain=\"LEFIGARO\" target=\"_blank\" rel=\"noopener\">dominer les classements musicaux<\/a>\u00a0am\u00e9ricains et britanniques, engrangeant des milliards de dollars en se constituant une communaut\u00e9 mondiale de fans, appel\u00e9e \u00ab\u00a0ARMY\u00a0\u00bb. Des hits sud-cor\u00e9ens comme l&rsquo;ent\u00eatant\u00a0<a href=\"http:\/\/www.lefigaro.fr\/musique\/dix-ans-apres-avoir-explose-sur-internet-l-impact-de-gangnam-style-perdure-20220712\" data-fig-type=\"NewsFlash\" data-gtm-custom-categorie=\"navigation\" data-gtm-custom-action=\"crossclick\" data-gtm-custom-label=\"Contextuel\" data-gtm-event=\"customEventSPE\" data-fig-domain=\"LEFIGARO\" target=\"_blank\" rel=\"noopener\">Gangnam Style<\/a> \u00a0de Psy avaient certes d\u00e9j\u00e0 connu un succ\u00e8s international, mais il est g\u00e9n\u00e9ralement admis que BTS a permis de faire entrer la K-pop dans la culture grand public am\u00e9ricaine, au point de s&rsquo;\u00e9riger au rang de boys band le plus influent de la plan\u00e8te.<\/p>\n<p class=\"fig-paragraph\">En dehors de la musique, le groupe soutient depuis longtemps des causes progressistes, qu&rsquo;il s&rsquo;agisse des manifestations\u00a0<a href=\"http:\/\/www.lefigaro.fr\/international\/cinq-ans-apres-la-mort-de-george-floyd-le-reflux-de-black-lives-matter-20250526\" data-fig-type=\"Article\" data-gtm-custom-categorie=\"navigation\" data-gtm-custom-action=\"crossclick\" data-gtm-custom-label=\"Contextuel\" data-gtm-event=\"customEventSPE\" data-fig-domain=\"LEFIGARO\" target=\"_blank\" rel=\"noopener\">Black Lives Matter<\/a>\u00a0ou du combat contre le racisme anti-asiatique aux \u00c9tats-Unis. Ses membres\u00a0&#8211;\u00a0RM, Jin, V, J-Hope, Jungkook, Jimin et SUGA\u00a0&#8211;\u00a0se sont exprim\u00e9s aux Nations unies et ont \u00e9t\u00e9 re\u00e7us \u00e0 la Maison-Blanche, tout en restant l&rsquo;un des groupes les plus populaires du monde sur les r\u00e9seaux sociaux.<\/p>\n<p>Lass\u00e9s de la K-pop\u00a0?<\/p>\n<p class=\"fig-paragraph\">Le groupe avait \u00e9voqu\u00e9 l&rsquo;\u00e9puisement et la pression caus\u00e9s par son succ\u00e8s stratosph\u00e9rique lors de l&rsquo;annonce d&rsquo;un hiatus en 2022, expliquant que chacun des membres allait prendre une pause pour se concentrer sur sa carri\u00e8re solo. Certains y ont vu une mesure prise en pr\u00e9vision du service militaire obligatoire qui se profilait pour chacun d&rsquo;entre eux. Le leader du groupe, RM, avait affirm\u00e9 que le secteur de la K-pop, connu pour sa concurrence acharn\u00e9e, ne lui permettait pas de m\u00fbrir en tant qu&rsquo;artiste. Le groupe \u00ab\u00a0doit sans cesse produire de la musique et faire quelque chose\u00a0\u00bb, avait-il d\u00e9crit, expliquant avoir \u00ab\u00a0besoin de r\u00e9fl\u00e9chir et d&rsquo;avoir du temps personnel\u00a0\u00bb.<\/p>\n<p class=\"fig-body-link\">\n            \u00c0 lire aussi<br \/>\n        <a class=\"fig-body-link__link\" href=\"http:\/\/www.lefigaro.fr\/musique\/avec-les-fans-de-bts-pour-la-sortie-de-beyond-the-story-l-histoire-officielle-du-groupe-de-k-pop-20230717\" data-fig-type=\"Article\" data-gtm-custom-categorie=\"navigation\" data-gtm-custom-action=\"crossclick\" data-gtm-custom-label=\"Contextuel\" data-gtm-event=\"customEventSPE\" data-fig-domain=\"LEFIGARO\" target=\"_blank\" rel=\"noopener\">Avec les fans de BTS pour la sortie de Beyond the story, l\u2019histoire officielle du groupe de k-pop<br \/>\n    <\/a>\n<\/p>\n<p class=\"fig-paragraph\">L&rsquo;a\u00een\u00e9 du groupe, Jin, avait de son c\u00f4t\u00e9 confi\u00e9 qu&rsquo;il commen\u00e7ait \u00e0 se \u00ab\u00a0sentir comme une machine\u00a0\u00bb. Six mois apr\u00e8s l&rsquo;annonce de ce hiatus, Jin a entam\u00e9 son service militaire, mettant fin \u00e0 plusieurs ann\u00e9es de d\u00e9bat au sujet d&rsquo;une \u00e9ventuelle exemption. Il a progressivement \u00e9t\u00e9 suivi sous les drapeaux par les six autres membres de BTS.<\/p>\n<p>Un retour imminent\u00a0?<\/p>\n<p class=\"fig-paragraph\">Alors que le groupe doit faire son retour au complet dans la vie civile fin juin, les fans de BTS esp\u00e8rent les voir rapidement reprendre le chemin des studios. Tout juste apr\u00e8s avoir \u00e9t\u00e9 lib\u00e9r\u00e9s de leur service militaire mardi, RM et V ont dit esp\u00e9rer \u00eatre de retour sur sc\u00e8ne \u00ab\u00a0d\u00e8s que possible\u00a0\u00bb. Lors d&rsquo;une r\u00e9union des actionnaires de HYBE en mars, le PDG de l&rsquo;agence Lee Jae-sang s&rsquo;\u00e9tait exprim\u00e9 au sujet d&rsquo;un retour du boys band, soulignant que ses membres allaient avoir \u00ab\u00a0besoin de temps pour r\u00e9fl\u00e9chir et se pr\u00e9parer\u00a0\u00bb. Le groupe devrait probablement prendre une pause post-service militaire \u00ab\u00a0d&rsquo;environ trois mois\u00a0\u00bb, estime Yoo Sung-man, analyste chez Leading Investment and Securities.<\/p>\n<p>    Le groupe BTS a \u00e9t\u00e9 form\u00e9 en juin 2013.<br \/>\n                NOAM GALAI \/ Getty Images via AFP<\/p>\n<p>0,2\u00a0% du PIB de la Cor\u00e9e du Sud<\/p>\n<p class=\"fig-paragraph\">Le retour de BTS est une excellente nouvelle pour l&rsquo;industrie de la K-pop, notamment pour leur agence HYBE, dont le cours de l&rsquo;action a d\u00e9j\u00e0 grimp\u00e9 de 3\u00a0% apr\u00e8s la d\u00e9mobilisation de RM et V. Selon Lee Ki-hoon, chercheur chez Hana Securities, une tourn\u00e9e mondiale de BTS devrait attirer \u00ab\u00a0plus de trois millions de spectateurs par an et g\u00e9n\u00e9rer environ 700 milliards de wons (quelque 450 millions d&rsquo;euros) d&rsquo;ici 2026\u00a0\u00bb. \u00c0 son apog\u00e9e, le groupe repr\u00e9sentait 0,2% du PIB de la Cor\u00e9e du Sud.<\/p>\n<p class=\"fig-body-link\">\n            \u00c0 lire aussi<br \/>\n        <a class=\"fig-body-link__link\" href=\"http:\/\/www.lefigaro.fr\/musique\/quatre-mois-apres-avoir-annonce-une-pause-bts-en-concert-a-busan-20221015\" data-fig-type=\"NewsFlash\" data-gtm-custom-categorie=\"navigation\" data-gtm-custom-action=\"crossclick\" data-gtm-custom-label=\"Contextuel\" data-gtm-event=\"customEventSPE\" data-fig-domain=\"LEFIGARO\" target=\"_blank\" rel=\"noopener\">Quatre mois apr\u00e8s avoir annonc\u00e9 une pause, BTS en concert \u00e0 Busan<br \/>\n    <\/a>\n<\/p>\n<p>Une d\u00e9livrance pour les fans<\/p>\n<p class=\"fig-paragraph\">Leurs fans exultent de voir le boys band revenir au complet. Certains esp\u00e8rent apercevoir vendredi \u00e0 S\u00e9oul les membres ayant d\u00e9j\u00e0 \u00e9t\u00e9 lib\u00e9r\u00e9s de leur service militaire \u00e0 l&rsquo;occasion du 12e anniversaire des d\u00e9buts du groupe. Des milliers de fans sont attendus \u00e0 cette \u00ab\u00a0BTS FESTA\u00a0\u00bb. \u00ab\u00a0J&rsquo;ai planifi\u00e9 mon voyage il y a deux ans en fonction de la FESTA, car je savais que les membres seraient sortis \u00e0 ce moment-l\u00e0\u00a0\u00bb, explique Hannah Chung. \u00ab\u00a0J&rsquo;esp\u00e8re que nous pourrons les voir\u00a0\u00bb, dit cette femme de 28 ans qui vit \u00e0 Londres.<\/p>\n<p>    Des fans inconditionnels de la formation sud-cor\u00e9enne se sont rassembl\u00e9s devant la base de V, ce mardi.<br \/>\n                SHIN YONG-JU\/AFP<\/p>\n","protected":false},"excerpt":{"rendered":"Les sept membres du boys band sud-cor\u00e9en auront termin\u00e9, en ce mois de juin, leur service militaire obligatoire,&hellip;\n","protected":false},"author":2,"featured_media":175466,"comment_status":"","ping_status":"","sticky":false,"template":"","format":"standard","meta":{"footnotes":""},"categories":[1355],"tags":[2937,29687,2932,2935,1696,2934,5640,58,2933,59,1011,27,7594,1361,873,2936,1698],"class_list":{"0":"post-175465","1":"post","2":"type-post","3":"status-publish","4":"format-standard","5":"has-post-thumbnail","7":"category-musique","8":"tag-artistes","9":"tag-bts","10":"tag-cd","11":"tag-chansons","12":"tag-chanteur","13":"tag-chason","14":"tag-coree-du-sud","15":"tag-divertissement","16":"tag-dvd","17":"tag-entertainment","18":"tag-fr","19":"tag-france","20":"tag-k-pop","21":"tag-music","22":"tag-musique","23":"tag-musique-classique","24":"tag-musiques"},"share_on_mastodon":{"url":"https:\/\/pubeurope.com\/@fr\/114680817579671226","error":""},"_links":{"self":[{"href":"https:\/\/www.europesays.com\/fr\/wp-json\/wp\/v2\/posts\/175465","targetHints":{"allow":["GET"]}}],"collection":[{"href":"https:\/\/www.europesays.com\/fr\/wp-json\/wp\/v2\/posts"}],"about":[{"href":"https:\/\/www.europesays.com\/fr\/wp-json\/wp\/v2\/types\/post"}],"author":[{"embeddable":true,"href":"https:\/\/www.europesays.com\/fr\/wp-json\/wp\/v2\/users\/2"}],"replies":[{"embeddable":true,"href":"https:\/\/www.europesays.com\/fr\/wp-json\/wp\/v2\/comments?post=175465"}],"version-history":[{"count":0,"href":"https:\/\/www.europesays.com\/fr\/wp-json\/wp\/v2\/posts\/175465\/revisions"}],"wp:featuredmedia":[{"embeddable":true,"href":"https:\/\/www.europesays.com\/fr\/wp-json\/wp\/v2\/media\/175466"}],"wp:attachment":[{"href":"https:\/\/www.europesays.com\/fr\/wp-json\/wp\/v2\/media?parent=175465"}],"wp:term":[{"taxonomy":"category","embeddable":true,"href":"https:\/\/www.europesays.com\/fr\/wp-json\/wp\/v2\/categories?post=175465"},{"taxonomy":"post_tag","embeddable":true,"href":"https:\/\/www.europesays.com\/fr\/wp-json\/wp\/v2\/tags?post=175465"}],"curies":[{"name":"wp","href":"https:\/\/api.w.org\/{rel}","templated":true}]}}