{"id":175469,"date":"2025-06-14T08:40:13","date_gmt":"2025-06-14T08:40:13","guid":{"rendered":"https:\/\/www.europesays.com\/fr\/175469\/"},"modified":"2025-06-14T08:40:13","modified_gmt":"2025-06-14T08:40:13","slug":"marne-ses-resultats-danalyse-sont-inverses-avec-ceux-dune-autre-patiente-on-lui-retire-son-uterus-par-erreur","status":"publish","type":"post","link":"https:\/\/www.europesays.com\/fr\/175469\/","title":{"rendered":"Marne. Ses r\u00e9sultats d&rsquo;analyse sont invers\u00e9s avec ceux d&rsquo;une autre patiente, on lui retire son ut\u00e9rus par erreur"},"content":{"rendered":"<p>\u00ab Je trouve \u00e7a tellement \u00e9norme. Impossible. Et pourtant, \u00e7a m&rsquo;est arriv\u00e9.\u00a0\u00bb Interrog\u00e9e par le journal <a href=\"https:\/\/www.lunion.fr\/id723819\/article\/2025-06-13\/info-lunion-une-patiente-operee-dun-cancer-par-erreur-reims\" target=\"_blank\" rel=\"nofollow noopener\">L\u2019Union<\/a>, cette R\u00e9moise peine encore \u00e0 r\u00e9aliser ce qui lui est arriv\u00e9e. Apr\u00e8s avoir eu un cancer diagnostiqu\u00e9 et avoir subi une hyst\u00e9rectomie, \u00e0 savoir une ablation de l\u2019ut\u00e9rus, cette quadrag\u00e9naire dit avoir d\u00e9couvert, six mois plus tard, qu&rsquo;elle n&rsquo;avait jamais \u00e9t\u00e9 malade.<\/p>\n<p>R\u00e9sultats intervertis<\/p>\n<p>En juin 2022, la femme se rend chez sa gyn\u00e9cologue habituelle qui lui prescrit une biopsie. C&rsquo;est sa rempla\u00e7ante qui envoie l&rsquo;\u00e9chantillon \u00e0 un laboratoire d&rsquo;analyses. La patiente apprend alors qu&rsquo;elle souffre d&rsquo;un cancer de l&rsquo;ut\u00e9rus. \u00ab Pour moi, il n&rsquo;y avait pas d&rsquo;avenir. J&rsquo;ai seulement pens\u00e9 \u00e0 mes quatre enfants, je me demandais comment ils allaient vivre sans moi \u00bb, t\u00e9moigne-t-elle aupr\u00e8s de L\u2019Union. L&rsquo;hyst\u00e9rectomie a lieu quelques semaines plus tard.<\/p>\n<p>En janvier 2023, sa gyn\u00e9cologue la convoque. \u00ab Elle m&rsquo;a annonc\u00e9 que je n&rsquo;avais jamais eu de cancer \u00bb, raconte la R\u00e9moise qui apprend \u00e0 ce moment-l\u00e0 que le laboratoire qui a analys\u00e9 sa biopsie a interverti les r\u00e9sultats de deux patientes.<\/p>\n<p>  \u00ab On a camoufl\u00e9 la v\u00e9rit\u00e9 \u00bb<\/p>\n<p>Ma\u00eetre Emmanuel Ludot, avocat au barreau de Reims (Marne), se saisit de l\u2019affaire et affirme qu\u2019\u00ab on a camoufl\u00e9 la v\u00e9rit\u00e9 \u00bb.<\/p>\n<p>\u00ab La gyn\u00e9cologue qui a op\u00e9r\u00e9 ma cliente aurait d\u00fb s&rsquo;apercevoir qu&rsquo;il y avait un probl\u00e8me entre les r\u00e9sultats des analyses et ceux de l&rsquo;IRM qui ne r\u00e9v\u00e9laient en r\u00e9alit\u00e9 rien de suspect. Aucune v\u00e9rification compl\u00e9mentaire n&rsquo;a \u00e9t\u00e9 faite \u00bb, d\u00e9nonce l\u2019avocat, qui consid\u00e8re que l\u2019erreur a \u00e9t\u00e9 dissimul\u00e9e. Le 12 mars dernier, l\u2019avocat a donc assign\u00e9 en justice la gyn\u00e9cologue rempla\u00e7ante et le laboratoire. Une expertise m\u00e9dicale doit \u00eatre mise en place dans les prochaines semaines pour apporter davantage d\u2019\u00e9l\u00e9ments dans cette affaire.<\/p>\n<p>&gt;&gt; Lire l&rsquo;article de <a href=\"https:\/\/www.lunion.fr\/id723819\/article\/2025-06-13\/info-lunion-une-patiente-operee-dun-cancer-par-erreur-reims\" target=\"_blank\" rel=\"nofollow noopener\">L\u2019Union<\/a>.<\/p>\n","protected":false},"excerpt":{"rendered":"\u00ab Je trouve \u00e7a tellement \u00e9norme. Impossible. Et pourtant, \u00e7a m&rsquo;est arriv\u00e9.\u00a0\u00bb Interrog\u00e9e par le journal L\u2019Union, cette&hellip;\n","protected":false},"author":2,"featured_media":175470,"comment_status":"","ping_status":"","sticky":false,"template":"","format":"standard","meta":{"footnotes":""},"categories":[10],"tags":[274,107,1011,27,329,72,71],"class_list":{"0":"post-175469","1":"post","2":"type-post","3":"status-publish","4":"format-standard","5":"has-post-thumbnail","7":"category-sante","8":"tag-faits-divers-justice","9":"tag-fil-info","10":"tag-fr","11":"tag-france","12":"tag-france-monde","13":"tag-health","14":"tag-sante"},"share_on_mastodon":{"url":"https:\/\/pubeurope.com\/@fr\/114680825323228055","error":""},"_links":{"self":[{"href":"https:\/\/www.europesays.com\/fr\/wp-json\/wp\/v2\/posts\/175469","targetHints":{"allow":["GET"]}}],"collection":[{"href":"https:\/\/www.europesays.com\/fr\/wp-json\/wp\/v2\/posts"}],"about":[{"href":"https:\/\/www.europesays.com\/fr\/wp-json\/wp\/v2\/types\/post"}],"author":[{"embeddable":true,"href":"https:\/\/www.europesays.com\/fr\/wp-json\/wp\/v2\/users\/2"}],"replies":[{"embeddable":true,"href":"https:\/\/www.europesays.com\/fr\/wp-json\/wp\/v2\/comments?post=175469"}],"version-history":[{"count":0,"href":"https:\/\/www.europesays.com\/fr\/wp-json\/wp\/v2\/posts\/175469\/revisions"}],"wp:featuredmedia":[{"embeddable":true,"href":"https:\/\/www.europesays.com\/fr\/wp-json\/wp\/v2\/media\/175470"}],"wp:attachment":[{"href":"https:\/\/www.europesays.com\/fr\/wp-json\/wp\/v2\/media?parent=175469"}],"wp:term":[{"taxonomy":"category","embeddable":true,"href":"https:\/\/www.europesays.com\/fr\/wp-json\/wp\/v2\/categories?post=175469"},{"taxonomy":"post_tag","embeddable":true,"href":"https:\/\/www.europesays.com\/fr\/wp-json\/wp\/v2\/tags?post=175469"}],"curies":[{"name":"wp","href":"https:\/\/api.w.org\/{rel}","templated":true}]}}