{"id":1755,"date":"2025-04-04T00:58:10","date_gmt":"2025-04-04T00:58:10","guid":{"rendered":"https:\/\/www.europesays.com\/fr\/1755\/"},"modified":"2025-04-04T00:58:10","modified_gmt":"2025-04-04T00:58:10","slug":"il-farcit-un-cou-de-canard-pas-cuit-mais-il-est-qualifie-dans-top-chef-le-grand-nimporte-quoi-des-reseaux-sociaux-konbini","status":"publish","type":"post","link":"https:\/\/www.europesays.com\/fr\/1755\/","title":{"rendered":"Il farcit un cou de canard pas cuit mais il est qualifi\u00e9 dans Top Chef : le grand n\u2019importe quoi des r\u00e9seaux sociaux &#8211; Konbini"},"content":{"rendered":"<ol>\n<li><a href=\"https:\/\/news.google.com\/rss\/articles\/CBMi4gFBVV95cUxNRjJPZTdURzVQN1RyelB6bTBLZEl0T0QzM0FycmthMHpFVlNmRFRMa0h5YXpBdHZnNzdveFkxd1E0RzlyT2lETlFWMXIyTjVlV2FJQWUtV09pNkcySlI2WUhNQ2NsOVhQOEljUlhWOUwzb3RGNGtsS1ZhSmF3QnZmMnFGdzdkUzNONTBhbXBBcXFnVE0xbnJRTUhrdk5pSFRXeGlmeE8yVmt1OXE1VnhoS3lsNjFka1Vya2k4Z2k3N3V2NUVzXy1TOWFzZnBCcl9nSWM0SUluT3lPY1JZRDFiTzR3?oc=5\" target=\"_blank\" rel=\"nofollow noopener\">Il farcit un cou de canard pas cuit mais il est qualifi\u00e9 dans Top Chef : le grand n\u2019importe quoi des r\u00e9seaux sociaux<\/a>&nbsp;&nbsp;Konbini<\/li>\n<li><a href=\"https:\/\/news.google.com\/rss\/articles\/CBMiqAFBVV95cUxNQzBqZ3pFR3MxUkg2NzcwMlB2X3puUVItUW5DRU9leVg5cTBOUHVVRzNNYnp2ME9EVDUzSHRQRHlTUWhBdnYtNTRBejhfOVVDb3FmZVREYlcwV0xNbVdtenJLa2pucXQxSU91N0NmNnMwRDBKemVXZlljd1F1bk56S0w1X0xDZlBDNDZ4Ql9odlAtUmt0V3pFSS1PVWJfbExxM0NfZ296QlE?oc=5\" target=\"_blank\" rel=\"nofollow noopener\">\u00ab Top Chef \u00bb 2025 : le Landais R\u00e9mi Blanpoil \u00e9limin\u00e9<\/a>&nbsp;&nbsp;Sud Ouest<\/li>\n<li><a href=\"https:\/\/news.google.com\/rss\/articles\/CBMi1wFBVV95cUxNMlBMeS1CXzVneXdHUEc3c0MtWTh0SlN4NGZrM0E4dHlCaXJUdVpYSVMzRm1sY3RubFE2RmxlRC0yZ1ZvYnJFNGtQQm50QXRtVGJUX1lidnJTRFZrdndack1mYWo5NDMybDZpRUJzazJ2NkR0S0VhNTR6RHlxcHFfeHc5SFpXRXhNMWVVUXdCXzZjZUNCb3ZSN2lpNUNCUTZIRE5NYjBxRUxLRjdrbUFRcURDZ2QzYkdvU01sQ2pzd0doWXdkNmRiUFdMWTBicTFsWTNId3piSQ?oc=5\" target=\"_blank\" rel=\"nofollow noopener\">Ce candidat de \u00ab Top Chef \u00bb parvient \u00e0 se qualifier avec un plat immangeable<\/a>&nbsp;&nbsp;Le HuffPost<\/li>\n<li><a href=\"https:\/\/news.google.com\/rss\/articles\/CBMiugFBVV95cUxNaEpXQXhVdEE0ZDVRZTR4cTIxeHlXanlyTFFhTWNTXzE3U3pwUXc0Y1BkUTN4cGZ0UURzUm50WnJyQUsxSmp2UmpiM2tyU3RyVGdwS3hsdmxxQUoxN3N6UjBaNjI3eVdGY01yalFMb01qcEcyVWo3NXp1LTZPN3c5OFFMZDBybHJ6ZGcyQ09EWXB1S2o5MjdCbHEwRk5zWFpmMUpwNjN3VzhyYlozamVnSjFSdTRJM2I5dHc?oc=5\" target=\"_blank\" rel=\"nofollow noopener\">\u00ab Top Chef \u00bb : les chefs refusent de go\u00fbter un plat \u00abloup\u00e9\u00bb, une \u00abpremi\u00e8re\u00bb dans l\u2019\u00e9mission<\/a>&nbsp;&nbsp;La Voix du Nord<\/li>\n<li><a href=\"https:\/\/news.google.com\/rss\/articles\/CBMitAFBVV95cUxNYzhnc1ctaTZSRkpHNXpvQnB1NDRKRk50RmVkc2JSVjFfVENjNVhOeGVCZmlXaE9zUlA3VWNiOU5TUUE2Vmp4V3V5cGVZcTk5c2V6V0xDcmdiYkNhdzV0U0VMRVNhZTJYVDI3QVZJOXNqTTJDOE1fMzRHX09jLWpSYk9tdWUtdUxvMnpUX0FMSlh3SF90bDZ6dFRPTnpuSHZaczV2MVpkdnJua1F3LTE3MTdGU24?oc=5\" target=\"_blank\" rel=\"nofollow noopener\">Top Chef \u00e9pisode 2 : le d\u00e9brief des Inspecteurs du Guide MICHELIN<\/a>&nbsp;&nbsp;MICHELIN Guide<\/li>\n<\/ol>\n","protected":false},"excerpt":{"rendered":"Il farcit un cou de canard pas cuit mais il est qualifi\u00e9 dans Top Chef : le grand&hellip;\n","protected":false},"author":2,"featured_media":1756,"comment_status":"","ping_status":"","sticky":false,"template":"","format":"standard","meta":{"footnotes":""},"categories":[8],"tags":[58,59,1011,27,1305],"class_list":{"0":"post-1755","1":"post","2":"type-post","3":"status-publish","4":"format-standard","5":"has-post-thumbnail","7":"category-divertissement","8":"tag-divertissement","9":"tag-entertainment","10":"tag-fr","11":"tag-france","12":"tag-lifestyle"},"share_on_mastodon":{"url":"https:\/\/pubeurope.com\/@fr\/114276984624497285","error":""},"_links":{"self":[{"href":"https:\/\/www.europesays.com\/fr\/wp-json\/wp\/v2\/posts\/1755","targetHints":{"allow":["GET"]}}],"collection":[{"href":"https:\/\/www.europesays.com\/fr\/wp-json\/wp\/v2\/posts"}],"about":[{"href":"https:\/\/www.europesays.com\/fr\/wp-json\/wp\/v2\/types\/post"}],"author":[{"embeddable":true,"href":"https:\/\/www.europesays.com\/fr\/wp-json\/wp\/v2\/users\/2"}],"replies":[{"embeddable":true,"href":"https:\/\/www.europesays.com\/fr\/wp-json\/wp\/v2\/comments?post=1755"}],"version-history":[{"count":0,"href":"https:\/\/www.europesays.com\/fr\/wp-json\/wp\/v2\/posts\/1755\/revisions"}],"wp:featuredmedia":[{"embeddable":true,"href":"https:\/\/www.europesays.com\/fr\/wp-json\/wp\/v2\/media\/1756"}],"wp:attachment":[{"href":"https:\/\/www.europesays.com\/fr\/wp-json\/wp\/v2\/media?parent=1755"}],"wp:term":[{"taxonomy":"category","embeddable":true,"href":"https:\/\/www.europesays.com\/fr\/wp-json\/wp\/v2\/categories?post=1755"},{"taxonomy":"post_tag","embeddable":true,"href":"https:\/\/www.europesays.com\/fr\/wp-json\/wp\/v2\/tags?post=1755"}],"curies":[{"name":"wp","href":"https:\/\/api.w.org\/{rel}","templated":true}]}}