{"id":175500,"date":"2025-06-14T08:56:09","date_gmt":"2025-06-14T08:56:09","guid":{"rendered":"https:\/\/www.europesays.com\/fr\/175500\/"},"modified":"2025-06-14T08:56:09","modified_gmt":"2025-06-14T08:56:09","slug":"pourquoi-on-ne-connait-toujours-pas-sa-date-douverture","status":"publish","type":"post","link":"https:\/\/www.europesays.com\/fr\/175500\/","title":{"rendered":"pourquoi on ne conna\u00eet toujours pas sa date d&rsquo;ouverture\u00a0?"},"content":{"rendered":"<p>            Par<br \/>\n        <strong><br \/>\n            <a href=\"https:\/\/actu.fr\/auteur\/laredaction\" title=\"Consulter tous les articles de R\u00e9daction Normandie\" target=\"_blank\" rel=\"noopener\">R\u00e9daction Normandie<\/a><br \/>\n        <\/strong><\/p>\n<p>        Publi\u00e9 le<\/p>\n<p>            14 juin 2025 \u00e0 10h51        <\/p>\n<p>Lors du conseil municipal du Mesnil-Esnard pr\u00e8s de <a href=\"https:\/\/actu.fr\/normandie\/rouen_76540\" target=\"_blank\" rel=\"noopener\">Rouen<\/a>, le 13 mai 2025, la date d\u2019ouverture de la <strong>piscine du plateau Est<\/strong> a \u00e9t\u00e9 abord\u00e9e. Si une <a href=\"https:\/\/actu.fr\/normandie\/rouen_76540\" target=\"_blank\" rel=\"noopener\">ouverture en juillet 2025<\/a> avait \u00e9t\u00e9 annonc\u00e9e, ce d\u00e9lai sera-t-il maintenu ?\u00a0<\/p>\n<p>Le nom du d\u00e9l\u00e9gataire sera connu le 17 juin<\/p>\n<p class=\" wall-content\">Le premier adjoint en charge des finances, Xavier Jean, a comment\u00e9 ce sujet de la piscine en affirmant que \u00ab les travaux avancent tr\u00e8s bien \u00bb, et fait le point sur l\u2019\u00e9tape en cours, \u00e0 savoir le choix du d\u00e9l\u00e9gataire (DSP, D\u00e9l\u00e9gation de service public). \u00ab Sept dossiers ont \u00e9t\u00e9 pris, cinq ont \u00e9t\u00e9 d\u00e9pos\u00e9s et quatre ont \u00e9t\u00e9 retenus. Le 5\u00a0juin, la commission fera son choix et le 17\u00a0juin, le d\u00e9l\u00e9gataire annonc\u00e9 officiellement \u00bb, annonce Xavier Jean.<\/p>\n<p class=\" wall-content\">La suite du calendrier se pr\u00e9sente ainsi : le 24\u00a0juin, <strong>une commission de s\u00e9curit\u00e9<\/strong> aura lieu avec le nouveau d\u00e9l\u00e9gataire qui acceptera ou pas la piscine dans l\u2019\u00e9tat o\u00f9 elle est. \u00ab Il pourra demander des modifications. Il aura ensuite un mois pour pr\u00e9parer l\u2019ouverture pr\u00e9vue dans la premi\u00e8re dizaine de\u2026 \u00bb\u2026 on ne saura pas la date exacte, le maire du Mesnil-Esnard, Jean-Marc Vennin coupant la parole de son adjoint avant qu\u2019il ne r\u00e9v\u00e8le la date.<\/p>\n<p class=\" wall-content\">Un <strong>myst\u00e8re<\/strong> qui semble d\u00e9sormais \u00eatre entretenu par de nombreux maires concern\u00e9s par la piscine, qui ne veulent peut-\u00eatre plus trop s\u2019avancer sur des dates pr\u00e9cises.\u00a0Il faut dire que ce sujet du bassin aquatique du plateau Est n\u2019en finit plus\u2026 d\u2019arriver \u00e0 son terme. \u00ab Chat \u00e9chaud\u00e9 craint l\u2019eau froide \u00bb, affirme l\u2019expression populaire.<\/p>\n<p class=\" wall-content\">Quoi qu\u2019il en soit, le maire du Mesnil-Esnard a tenu \u00e0 indiquer que \u00ab tous les mat\u00e9riaux, m\u00eame ceux en provenance des Etats-Unis, sont arriv\u00e9s et une bonne partie d\u2019entre eux est install\u00e9e. On a encore un bon mois et demi avant que le syst\u00e8me fonctionne \u00bb, pr\u00e9voit-il.<\/p>\n<p>Vid\u00e9os : en ce moment sur ActuObligation pour les entreprises de finir pour le 1er\u00a0septembre<\/p>\n<p class=\" wall-content\">Ceci \u00e9tant, les \u00e9lus ont l\u2019intention dans les jours et semaines qui viennent de se polariser sur les contr\u00f4les techniques et la s\u00e9curit\u00e9. \u00ab De toute fa\u00e7on, selon le march\u00e9, les entreprises ont l\u2019obligation d\u2019avoir termin\u00e9 pour le 1er\u00a0septembre. On leur a demand\u00e9 de fournir des efforts sur l\u2019installation. On esp\u00e8re gagner des semaines \u00bb, assure Jean-Marc Vennin.<\/p>\n<p>Changement de filtration : l\u2019addition s\u2019\u00e9l\u00e8ve \u00e0 plus d\u2019un million d\u2019euros<\/p>\n<p class=\" wall-content\">Apr\u00e8s l\u2019abandon (contraint) du syst\u00e8me de filtration biomin\u00e9rale, Xavier Jean a bien insist\u00e9 sur le fait que ce syst\u00e8me \u00ab est interdit. Les deux piscines qui sont \u00e9quip\u00e9es avec cela sont bien dans la m****\u00bb, a conclu l\u2019adjoint au maire.<\/p>\n<p class=\" wall-content\">Le maire, de son c\u00f4t\u00e9, estime que les \u00e9lus peuvent \u00ab se f\u00e9liciter d\u2019avoir agi dans ce sens, pour changer le syst\u00e8me de filtration \u00bb.\u00a0Un argument qui n\u2019a pas manqu\u00e9 de faire sourire l\u2019opposant Fabrice Louvet : \u00ab Cela vous a quand m\u00eame co\u00fbt\u00e9 500 000\u00a0euros ! \u00bb, a-t-il fait remarquer. L\u2019addition est plus sal\u00e9e que cela, car \u00ab c\u2019est plus d\u2019un million (800 000 euros HT) \u00bb, a s\u00e8chement r\u00e9pondu Jean-Marc Vennin.<\/p>\n<p>Suivez l\u2019actualit\u00e9 de Rouen sur notre<a href=\"https:\/\/www.whatsapp.com\/channel\/0029VaKfnf99hXF2ddApFB1D\" target=\"_blank\" rel=\"noopener\"> cha\u00eene WhatsApp<\/a> et sur notre <a href=\"https:\/\/www.tiktok.com\/@76actu.fr?lang=fr\" target=\"_blank\" rel=\"noopener\">compte TikTok<\/a><\/p>\n<p class=\" wall-content\">Suivez toute l\u2019actualit\u00e9 de vos villes et m\u00e9dias favoris en vous inscrivant \u00e0 <a href=\"https:\/\/moncompte.actu.fr\" title=\"D\u00e9couvez Mon Actu\" rel=\"nofollow noopener\" data-trk=\"{&quot;cta&quot;:{&quot;action&quot;:&quot;https:\\\/\\\/moncompte.actu.fr&quot;,&quot;category&quot;:&quot;mon compte&quot;,&quot;from&quot;:&quot;article footer&quot;,&quot;name&quot;:&quot;Mon actu&quot;,&quot;type&quot;:&quot;cta&quot;}}\" target=\"_blank\">Mon Actu<\/a>.<\/p>\n<p>                    <script async src=\"\/\/www.tiktok.com\/embed.js\"><\/script><\/p>\n","protected":false},"excerpt":{"rendered":"Par R\u00e9daction Normandie Publi\u00e9 le 14 juin 2025 \u00e0 10h51 Lors du conseil municipal du Mesnil-Esnard pr\u00e8s de&hellip;\n","protected":false},"author":2,"featured_media":175501,"comment_status":"","ping_status":"","sticky":false,"template":"","format":"standard","meta":{"footnotes":""},"categories":[9587],"tags":[1111,11,1261,1777,674,1011,27,12,5161,31081,25,9590,104,2086],"class_list":{"0":"post-175500","1":"post","2":"type-post","3":"status-publish","4":"format-standard","5":"has-post-thumbnail","7":"category-rouen","8":"tag-actu","9":"tag-actualites","10":"tag-argent","11":"tag-eu","12":"tag-europe","13":"tag-fr","14":"tag-france","15":"tag-news","16":"tag-normandie","17":"tag-plateau-est-rouen","18":"tag-republique-francaise","19":"tag-rouen","20":"tag-societe","21":"tag-travaux"},"share_on_mastodon":{"url":"https:\/\/pubeurope.com\/@fr\/114680888292360827","error":""},"_links":{"self":[{"href":"https:\/\/www.europesays.com\/fr\/wp-json\/wp\/v2\/posts\/175500","targetHints":{"allow":["GET"]}}],"collection":[{"href":"https:\/\/www.europesays.com\/fr\/wp-json\/wp\/v2\/posts"}],"about":[{"href":"https:\/\/www.europesays.com\/fr\/wp-json\/wp\/v2\/types\/post"}],"author":[{"embeddable":true,"href":"https:\/\/www.europesays.com\/fr\/wp-json\/wp\/v2\/users\/2"}],"replies":[{"embeddable":true,"href":"https:\/\/www.europesays.com\/fr\/wp-json\/wp\/v2\/comments?post=175500"}],"version-history":[{"count":0,"href":"https:\/\/www.europesays.com\/fr\/wp-json\/wp\/v2\/posts\/175500\/revisions"}],"wp:featuredmedia":[{"embeddable":true,"href":"https:\/\/www.europesays.com\/fr\/wp-json\/wp\/v2\/media\/175501"}],"wp:attachment":[{"href":"https:\/\/www.europesays.com\/fr\/wp-json\/wp\/v2\/media?parent=175500"}],"wp:term":[{"taxonomy":"category","embeddable":true,"href":"https:\/\/www.europesays.com\/fr\/wp-json\/wp\/v2\/categories?post=175500"},{"taxonomy":"post_tag","embeddable":true,"href":"https:\/\/www.europesays.com\/fr\/wp-json\/wp\/v2\/tags?post=175500"}],"curies":[{"name":"wp","href":"https:\/\/api.w.org\/{rel}","templated":true}]}}