{"id":175518,"date":"2025-06-14T09:05:09","date_gmt":"2025-06-14T09:05:09","guid":{"rendered":"https:\/\/www.europesays.com\/fr\/175518\/"},"modified":"2025-06-14T09:05:09","modified_gmt":"2025-06-14T09:05:09","slug":"11-expositions-pour-plonger-dans-limaginaire-de-la-mer","status":"publish","type":"post","link":"https:\/\/www.europesays.com\/fr\/175518\/","title":{"rendered":"11\u00a0expositions pour plonger dans l\u2019imaginaire de la mer"},"content":{"rendered":"<p>      <img fetchpriority=\"high\" decoding=\"async\" class=\"mx-auto\" src=\"data:image\/svg+xml,%3Csvg%20xmlns%3D%27http%3A%2F%2Fwww.w3.org%2F2000%2Fsvg%27%20fill%3D%22%23e4e4e4%22%20viewBox%3D%270%200%20510%20340%27%20width%3D%22510%22%20height%3D%22340%22%3E%3Cpath%20d%3D%27M0%200h510v340H0z%27%2F%3E%3C%2Fsvg%3E\"  loading=\"eager\" width=\"510\" height=\"340\" data-oncrawl-image-size=\"510x340\" alt=\"\u00ab Landed Here to Sea You, With All Our Very Breasts\u00bb, une \u0153uvre de Laure Prouvost, sur la promenade du Paillon, \u00e0 Nice.\"\/>      <\/p>\n<p class=\"latino-100m text-grey-600\">\n            \u00ab Landed Here to Sea You, With All Our Very Breasts\u00bb, une \u0153uvre de Laure Prouvost, sur la promenade du Paillon, \u00e0 Nice.\u00a0JEAN CHRISTOPHE LETT        <\/p>\n<p>    Lire\u00a0plus\u00a0tard  <\/p>\n<p><a aria-label=\"Nous suivre sur Google News\" href=\"https:\/\/news.google.com\/publications\/CAAqBwgKMJe4nQkw3dFs?hl=fr&amp;gl=FR&amp;ceid=FR%3Afr\" target=\"_blank\" data-piano=\"Page_Article,Sous_date_publi,Nous_suivre_sur_google_news,1er_clic,action\" class=\"btn btn--small btn--secondary\" rel=\"nofollow noopener\"><\/p>\n<p>      Google Actualit\u00e9s<br \/>\n  <\/a><\/p>\n<p>  Partager<\/p>\n<p>        Facebook<\/p>\n<p>        Bluesky<\/p>\n<p>        E-mail<\/p>\n<p>        Copier le lien<\/p>\n<p>      Envoyer<\/p>\n<p>    Offrir\u00a0cet\u00a0article<\/p>\n<p>S\u2019abonner permet d\u2019offrir les articles \u00e0 vos proches. Et pas que\u00a0: vous pouvez les consulter et les commenter.<\/p>\n<p>    Temps de lecture\u00a0:\u00a01\u00a0min.<\/p>\n<p class=\"badge badge--content-premium latino-100b\">Abonn\u00e9<\/p>\n<p class=\"article__description latino-600m mb-8 mb-lg-30 \" data-oncrawl-chapo-length=\"251\">\n  \t  Critique\u00a0<br \/>\n    Photographes, plasticiens\u2026 A l\u2019occasion de la Conf\u00e9rence des Nations unies pour l\u2019Oc\u00e9an, la manifestation plonge en eaux profondes avec des \u00e9v\u00e9nements et installations d\u00e9ploy\u00e9s dans les mus\u00e9es et les centres d\u2019arts de la cit\u00e9 m\u00e9diterran\u00e9enne.<\/p>\n<p class=\"latino-500b text-grey-600\">Pour aller plus loin<\/p>\n<p class=\"node__paragraphe antonia-750r text-grey-800 pb-24 pb-md-30\">\nUne gigantesque pieuvre surgit de la pelouse de la promenade du Paillon, en plein c\u0153ur de Nice. \u00ab\u00a0Landed Here to Sea you\u00a0\u00bb, clame le c\u00e9phalopode. L\u2019\u00e9trange cr\u00e9ature de la plasticienne Laure Prouvost, l\u2019une des six installations artistiques d\u00e9ploy\u00e9es dans la ville \u00e0 l\u2019occasion de la Biennale des Arts, incite avec fantaisie les humains \u00e0 pr\u00eater davantage attention aux mondes sous-marins.<\/p>\n<p class=\"node__paragraphe antonia-750r text-grey-800 pb-24 pb-md-30\">\nApr\u00e8s les \u00ab\u00a0Fleurs\u00a0\u00bb, en 2022, la manifestation plonge en 2025 en eaux profondes \u00e0 l\u2019occasion de <a href=\"https:\/\/www.nouvelobs.com\/ecologie\/20250608.OBS104738\/l-unoc-un-sommet-pour-l-ocean.html\" rel=\"nofollow noopener\" target=\"_blank\">la troisi\u00e8me Conf\u00e9rence des Nations unies pour l\u2019Oc\u00e9an<\/a> (Unoc-3), qui se tient \u00e0 Nice jusqu\u2019au 13\u00a0juin. La Biennale mobilise les consciences en explorant les imaginaires de la mer \u00e0 travers 11\u00a0expositions dans les mus\u00e9es et les centres d\u2019arts de la ville.<\/p>\n<p class=\"node__paragraphe antonia-750r text-grey-800 pb-8\">\nA la Villa Mass\u00e9na, \u00ab\u00a0Nice, du rivage \u00e0 la mer\u00a0\u00bb passe en revue les liens mat\u00e9riels et spirituels \u2026<\/p>\n<p class=\"latino-100m text-blue-400\">Article r\u00e9serv\u00e9 aux abonn\u00e9s.<\/p>\n<p>          Se connecter<\/p>\n<p class=\"text-center antonia-1850c\" style=\"margin-bottom:4px;\">Envie de lire la suite ?<\/p>\n<p class=\"text-center antonia-800c pb-15\">Tous nos articles en int\u00e9gralit\u00e9 d\u00e8s\u00a01\u20ac<\/p>\n<p>        S&rsquo;abonner<\/p>\n<p class=\"text-grey-700 or\">ou<\/p>\n<p>            <img width=\"164\" height=\"20\" src=\"data:image\/svg+xml,%3Csvg%20xmlns%3D%27http%3A%2F%2Fwww.w3.org%2F2000%2Fsvg%27%20fill%3D%22%23e4e4e4%22%20viewBox%3D%270%200%20282%2054%27%20width%3D%22282%22%20height%3D%2254%22%3E%3Cpath%20d%3D%27M0%200h282v54H0z%27%2F%3E%3C%2Fsvg%3E\"  class=\"js-swg-placeholder\" alt=\"Subscribe with Google\" loading=\"lazy\" decoding=\"async\"\/><\/p>\n<p>          D\u00e9couvrir toutes nos offres<\/p>\n","protected":false},"excerpt":{"rendered":"\u00ab Landed Here to Sea You, With All Our Very Breasts\u00bb, une \u0153uvre de Laure Prouvost, sur la&hellip;\n","protected":false},"author":2,"featured_media":175519,"comment_status":"","ping_status":"","sticky":false,"template":"","format":"standard","meta":{"footnotes":""},"categories":[2819],"tags":[7560,17,1111,11,1348,24436,251,1777,674,1349,1011,27,31082,12,2401,12517,28190,882,25],"class_list":{"0":"post-175518","1":"post","2":"type-post","3":"status-publish","4":"format-standard","5":"has-post-thumbnail","7":"category-nice","8":"tag-7560","9":"tag-17","10":"tag-actu","11":"tag-actualites","12":"tag-arts","13":"tag-biennale","14":"tag-culture","15":"tag-eu","16":"tag-europe","17":"tag-expositions","18":"tag-fr","19":"tag-france","20":"tag-imaginaire","21":"tag-news","22":"tag-nice","23":"tag-ocean","24":"tag-plonger","25":"tag-provence-alpes-cote-dazur","26":"tag-republique-francaise"},"share_on_mastodon":{"url":"https:\/\/pubeurope.com\/@fr\/114680923836728497","error":""},"_links":{"self":[{"href":"https:\/\/www.europesays.com\/fr\/wp-json\/wp\/v2\/posts\/175518","targetHints":{"allow":["GET"]}}],"collection":[{"href":"https:\/\/www.europesays.com\/fr\/wp-json\/wp\/v2\/posts"}],"about":[{"href":"https:\/\/www.europesays.com\/fr\/wp-json\/wp\/v2\/types\/post"}],"author":[{"embeddable":true,"href":"https:\/\/www.europesays.com\/fr\/wp-json\/wp\/v2\/users\/2"}],"replies":[{"embeddable":true,"href":"https:\/\/www.europesays.com\/fr\/wp-json\/wp\/v2\/comments?post=175518"}],"version-history":[{"count":0,"href":"https:\/\/www.europesays.com\/fr\/wp-json\/wp\/v2\/posts\/175518\/revisions"}],"wp:featuredmedia":[{"embeddable":true,"href":"https:\/\/www.europesays.com\/fr\/wp-json\/wp\/v2\/media\/175519"}],"wp:attachment":[{"href":"https:\/\/www.europesays.com\/fr\/wp-json\/wp\/v2\/media?parent=175518"}],"wp:term":[{"taxonomy":"category","embeddable":true,"href":"https:\/\/www.europesays.com\/fr\/wp-json\/wp\/v2\/categories?post=175518"},{"taxonomy":"post_tag","embeddable":true,"href":"https:\/\/www.europesays.com\/fr\/wp-json\/wp\/v2\/tags?post=175518"}],"curies":[{"name":"wp","href":"https:\/\/api.w.org\/{rel}","templated":true}]}}