{"id":175520,"date":"2025-06-14T09:06:08","date_gmt":"2025-06-14T09:06:08","guid":{"rendered":"https:\/\/www.europesays.com\/fr\/175520\/"},"modified":"2025-06-14T09:06:08","modified_gmt":"2025-06-14T09:06:08","slug":"des-lignes-de-bus-et-de-tramway-coupees-en-centre-ville","status":"publish","type":"post","link":"https:\/\/www.europesays.com\/fr\/175520\/","title":{"rendered":"des lignes de bus et de tramway coup\u00e9es en centre-ville"},"content":{"rendered":"<p>            Par<br \/>\n        <strong><br \/>\n            <a href=\"https:\/\/actu.fr\/auteur\/redaction-nantes\" title=\"Consulter tous les articles de R\u00e9daction Nantes\" target=\"_blank\" rel=\"noopener\">R\u00e9daction Nantes<\/a><br \/>\n        <\/strong><\/p>\n<p>        Publi\u00e9 le<\/p>\n<p>            14 juin 2025 \u00e0 11h02        <\/p>\n<p>\u00ab\u2009Toutes nos couleurs et origines brillent contre l\u2019obscurantisme\u2009\u00bb, c\u2019est le th\u00e8me de l\u2019\u00e9dition de la Pride 2025. \u00c0 <strong>Nantes<\/strong>, plusieurs animations sont organis\u00e9es depuis d\u00e9but juin \u00e0 l\u2019occasion du \u00ab\u2009Mois des fiert\u00e9s\u2009\u00bb.<\/p>\n<p class=\" wall-content\">Un \u00e9v\u00e9nement organis\u00e9 par<strong> NOSIG<\/strong>,<a href=\"https:\/\/www.nosig.fr\/page\/2393804-agenda-de-la-semaine\" target=\"_blank\" rel=\"noopener\"> centre LGBTQIA +\u00a0de Nantes<\/a>, et en collaboration avec la Ville de Nantes. Ce samedi 14\u00a0juin 2025 aura lieu la traditionnelle Marche des fiert\u00e9s en centre-ville.<\/p>\n<p class=\" wall-content\">Le d\u00e9part du d\u00e9fil\u00e9 est pr\u00e9vu pour <strong>14h depuis la place du Mar\u00e9chal Foch<\/strong>. Le cort\u00e8ge d\u00e9ambulera ensuite dans les rues du centre-ville tout au long de l\u2019apr\u00e8s-midi. En pr\u00e9vision de cette manifestation <strong>le r\u00e9seau de transports en commun Naolib sera modifi\u00e9<\/strong>. La r\u00e9daction d\u2019<a href=\"https:\/\/actu.fr\/nantes\" target=\"_blank\" rel=\"noopener\">actu Nantes<\/a> fait le point.<\/p>\n<p>Lignes coup\u00e9es et terminus anticip\u00e9s<\/p>\n<p class=\" wall-content\">Le parcours de la ligne 4 du busway et quatre bus du centre-ville\u00a0seront modifi\u00e9s de <strong>13h \u00e0 20\u2009h<\/strong>\u2009:<\/p>\n<ul class=\" wall-content\">\n<li>Ligne 4 effectue un terminus anticip\u00e9 \u00e0 Duchesse Anne\u2009: ne circule pas entre Duchesse Anne et Foch-Cath\u00e9drale.<\/li>\n<li>Ligne C1 d\u00e9vi\u00e9e entre Desaix et Bonde puis coup\u00e9e entre Bonde et Copernic.<\/li>\n<li>Ligne C6 coup\u00e9e entre Bonde et Delorme\u2009: arr\u00eat Bonde plac\u00e9 rue Pitre Chevalier.<\/li>\n<li>Ligne 11 coup\u00e9e entre Bouteillerie et Copernic-Mus\u00e9es.<\/li>\n<li>Ligne 12 coup\u00e9e entre Bouteillerie et Talensac.<\/li>\n<\/ul>\n<p>Vid\u00e9os : en ce moment sur Actu<\/p>\n<p class=\" wall-content\">Les lignes 2 et 3 du tramway et cinq lignes de bus (C2, C3, 23, 26, 54) seront coup\u00e9es de <strong>14\u2009h \u00e0 18\u2009h<\/strong>\u2009:<\/p>\n<ul class=\" wall-content\">\n<li>Ligne 2 ne circule pas entre 50 Otages et Gare de Pont-Rousseau. Entre H\u00f4tel-Dieu et Pont-Rousseau Martyrs\u2009: veuillez emprunter la ligne 3.<\/li>\n<li>Ligne 3 coup\u00e9e entre Bretagne et H\u00f4tel Dieu.<\/li>\n<li>Ligne C2 ne circule pas entre Talensac et Gare Sud\u2009: terminus anticip\u00e9 \u00e0 Talensac.<\/li>\n<li>Ligne C3 coup\u00e9e entre H\u00f4tel-Dieu et Copernic-Mus\u00e9es.<\/li>\n<li>Ligne 23 coup\u00e9e entre Talensac et Copernic-Mus\u00e9es.<\/li>\n<li>Ligne 26 coup\u00e9e entre Delorme et H\u00f4tel Dieu.<\/li>\n<li>Ligne 54 ne circule pas entre Delorme et Saupin\u2009: terminus anticip\u00e9 \u00e0 Saupin.<\/li>\n<\/ul>\n<p class=\" wall-content\">Suivez toute l\u2019actualit\u00e9 de vos villes et m\u00e9dias favoris en vous inscrivant \u00e0 <a href=\"https:\/\/moncompte.actu.fr\" title=\"D\u00e9couvez Mon Actu\" rel=\"nofollow noopener\" data-trk=\"{&quot;cta&quot;:{&quot;action&quot;:&quot;https:\\\/\\\/moncompte.actu.fr&quot;,&quot;category&quot;:&quot;mon compte&quot;,&quot;from&quot;:&quot;article footer&quot;,&quot;name&quot;:&quot;Mon actu&quot;,&quot;type&quot;:&quot;cta&quot;}}\" target=\"_blank\">Mon Actu<\/a>.<\/p>\n","protected":false},"excerpt":{"rendered":"Par R\u00e9daction Nantes Publi\u00e9 le 14 juin 2025 \u00e0 11h02 \u00ab\u2009Toutes nos couleurs et origines brillent contre l\u2019obscurantisme\u2009\u00bb,&hellip;\n","protected":false},"author":2,"featured_media":144210,"comment_status":"","ping_status":"","sticky":false,"template":"","format":"standard","meta":{"footnotes":""},"categories":[2818],"tags":[1111,11,1777,674,1011,27,9087,766,12,2636,25,104,2803],"class_list":{"0":"post-175520","1":"post","2":"type-post","3":"status-publish","4":"format-standard","5":"has-post-thumbnail","7":"category-nantes","8":"tag-actu","9":"tag-actualites","10":"tag-eu","11":"tag-europe","12":"tag-fr","13":"tag-france","14":"tag-lgbt","15":"tag-nantes","16":"tag-news","17":"tag-pays-de-la-loire","18":"tag-republique-francaise","19":"tag-societe","20":"tag-transport"},"share_on_mastodon":{"url":"https:\/\/pubeurope.com\/@fr\/114680927623088907","error":""},"_links":{"self":[{"href":"https:\/\/www.europesays.com\/fr\/wp-json\/wp\/v2\/posts\/175520","targetHints":{"allow":["GET"]}}],"collection":[{"href":"https:\/\/www.europesays.com\/fr\/wp-json\/wp\/v2\/posts"}],"about":[{"href":"https:\/\/www.europesays.com\/fr\/wp-json\/wp\/v2\/types\/post"}],"author":[{"embeddable":true,"href":"https:\/\/www.europesays.com\/fr\/wp-json\/wp\/v2\/users\/2"}],"replies":[{"embeddable":true,"href":"https:\/\/www.europesays.com\/fr\/wp-json\/wp\/v2\/comments?post=175520"}],"version-history":[{"count":0,"href":"https:\/\/www.europesays.com\/fr\/wp-json\/wp\/v2\/posts\/175520\/revisions"}],"wp:featuredmedia":[{"embeddable":true,"href":"https:\/\/www.europesays.com\/fr\/wp-json\/wp\/v2\/media\/144210"}],"wp:attachment":[{"href":"https:\/\/www.europesays.com\/fr\/wp-json\/wp\/v2\/media?parent=175520"}],"wp:term":[{"taxonomy":"category","embeddable":true,"href":"https:\/\/www.europesays.com\/fr\/wp-json\/wp\/v2\/categories?post=175520"},{"taxonomy":"post_tag","embeddable":true,"href":"https:\/\/www.europesays.com\/fr\/wp-json\/wp\/v2\/tags?post=175520"}],"curies":[{"name":"wp","href":"https:\/\/api.w.org\/{rel}","templated":true}]}}