{"id":175525,"date":"2025-06-14T09:09:14","date_gmt":"2025-06-14T09:09:14","guid":{"rendered":"https:\/\/www.europesays.com\/fr\/175525\/"},"modified":"2025-06-14T09:09:14","modified_gmt":"2025-06-14T09:09:14","slug":"girondins-de-bordeaux-trois-investisseurs-locaux-prets-a-entrer-au-capital","status":"publish","type":"post","link":"https:\/\/www.europesays.com\/fr\/175525\/","title":{"rendered":"Girondins de Bordeaux : Trois investisseurs locaux pr\u00eats \u00e0 entrer au capital"},"content":{"rendered":"<p><img decoding=\"async\" src=\"https:\/\/www.europesays.com\/fr\/wp-content\/uploads\/2025\/04\/671_1b97d82097da55304948339a3e0feb92.jpg\" alt=\"Girondins de Bordeaux : Trois investisseurs locaux pr\u00eats \u00e0 entrer au capital\" class=\"img-responsive mt-3\"\/><\/p>\n<p class=\"text-center mb-3\" style=\"font-size: 14px\">\u00a9 Iconsport<\/p>\n<p style=\"text-align: justify;\">Depuis sa prise de contr\u00f4le des Girondins de Bordeaux, G\u00e9rard Lopez \u00e9voque l\u2019arriv\u00e9e d&rsquo;investisseurs. Du club scapulaire \u00e0 l&rsquo;investisseur minoritaire \u00e9tranger, de nombreuses pistes ont \u00e9t\u00e9 cit\u00e9es pourtant, \u00e0 ce jour, personne n&rsquo;est venu depuis 4 ans. Aujourd&rsquo;hui, nous apprenons que des investisseurs ont sign\u00e9 des lettres d&rsquo;intention afin d&rsquo;\u00e9tayer le projet d&rsquo;ancrage local devant le tribunal de commerce.<\/p>\n<p><strong>Soutien de l&rsquo;association<\/strong><\/p>\n<p style=\"text-align: justify;\">Ici Gironde d\u00e9voile que trois investisseurs bordelais ont r\u00e9dig\u00e9 une lettre d&rsquo;intention pour investir et entrer au capital des Girondins de Bordeaux. Il s&rsquo;agit des soci\u00e9t\u00e9s Mat In Mat (Artigues-pr\u00e8s-Bordeaux), Act\u00e9a (Talence) et VDLV (Cestas). Certaines d&rsquo;entre elles \u00e9taient d\u00e9j\u00e0 \u00ab\u00a0partenaire maillot\u00a0\u00bb des \u00e9quipes de la N3, des f\u00e9minines, en passant par les cat\u00e9gories jeunes depuis plusieurs saisons. Le montant de leur investissement, serait de moins d&rsquo;un million d&rsquo;euros selon nos informations, avec des fonds fl\u00e9ch\u00e9s pour soutenir l&rsquo;association du club.<\/p>\n<p style=\"text-align: justify;\">Cette intention d&rsquo;investissement vise \u00e0 \u00e9tayer le projet d&rsquo;ancrage local du plan de continuation des Girondins de Bordeaux et de G\u00e9rard Lopez face au tribunal de commerce. L&rsquo;entr\u00e9e au capital de ces 3 soci\u00e9t\u00e9s de la r\u00e9gion bordelaise s&rsquo;il se confirme, serait une premi\u00e8re aux Girondins de Bordeaux. Le pourcentage d&rsquo;entr\u00e9e reste encore \u00e0 d\u00e9finir, selon nos sources.<\/p>\n<p style=\"text-align: justify;\">Apr\u00e8s avoir \u00e9voqu\u00e9 l\u2019\u00e9t\u00e9 dernier dans sa lettre aux Bordelais l&rsquo;arriv\u00e9e d&rsquo;investisseurs locaux, G\u00e9rard Lopez va-t-il aller au bout de cette d\u00e9marche ?<\/p>\n<p style=\"text-align: justify;\">\u00c0 lire &gt;&gt; <strong><a href=\"https:\/\/www.webgirondins.com\/actualite-girondins-girondins-la-saga-des-investisseurs-avec-gerard-lopez-a-bordeaux-129399\" target=\"_blank\" rel=\"noopener\">La \u201cSaga des investisseurs\u201d avec G\u00e9rard Lopez \u00e0 Bordeaux<\/a><\/strong><\/p>\n<p>Notre podcast court :<\/p>\n<p>\u00a0<\/p>\n","protected":false},"excerpt":{"rendered":"\u00a9 Iconsport Depuis sa prise de contr\u00f4le des Girondins de Bordeaux, G\u00e9rard Lopez \u00e9voque l\u2019arriv\u00e9e d&rsquo;investisseurs. Du club&hellip;\n","protected":false},"author":2,"featured_media":45376,"comment_status":"","ping_status":"","sticky":false,"template":"","format":"standard","meta":{"footnotes":""},"categories":[2817],"tags":[31085,1111,11,1997,30861,17362,1446,313,18507,1777,674,1011,27,2905,1987,31088,402,2805,31087,14917,31084,12,2219,471,31083,25,7932,3789,1100,31086],"class_list":{"0":"post-175525","1":"post","2":"type-post","3":"status-publish","4":"format-standard","5":"has-post-thumbnail","7":"category-bordeaux","8":"tag-actea","9":"tag-actu","10":"tag-actualites","11":"tag-bordeaux","12":"tag-bordelaises","13":"tag-capital","14":"tag-dans","15":"tag-entreprises","16":"tag-entrer","17":"tag-eu","18":"tag-europe","19":"tag-fr","20":"tag-france","21":"tag-gironde","22":"tag-girondins","23":"tag-intention","24":"tag-investir","25":"tag-investisseurs","26":"tag-lettres","27":"tag-locaux","28":"tag-mat","29":"tag-news","30":"tag-nouvelle-aquitaine","31":"tag-pour","32":"tag-prets","33":"tag-republique-francaise","34":"tag-revele","35":"tag-signe","36":"tag-trois","37":"tag-vdlv"},"share_on_mastodon":{"url":"https:\/\/pubeurope.com\/@fr\/114680939471458406","error":""},"_links":{"self":[{"href":"https:\/\/www.europesays.com\/fr\/wp-json\/wp\/v2\/posts\/175525","targetHints":{"allow":["GET"]}}],"collection":[{"href":"https:\/\/www.europesays.com\/fr\/wp-json\/wp\/v2\/posts"}],"about":[{"href":"https:\/\/www.europesays.com\/fr\/wp-json\/wp\/v2\/types\/post"}],"author":[{"embeddable":true,"href":"https:\/\/www.europesays.com\/fr\/wp-json\/wp\/v2\/users\/2"}],"replies":[{"embeddable":true,"href":"https:\/\/www.europesays.com\/fr\/wp-json\/wp\/v2\/comments?post=175525"}],"version-history":[{"count":0,"href":"https:\/\/www.europesays.com\/fr\/wp-json\/wp\/v2\/posts\/175525\/revisions"}],"wp:featuredmedia":[{"embeddable":true,"href":"https:\/\/www.europesays.com\/fr\/wp-json\/wp\/v2\/media\/45376"}],"wp:attachment":[{"href":"https:\/\/www.europesays.com\/fr\/wp-json\/wp\/v2\/media?parent=175525"}],"wp:term":[{"taxonomy":"category","embeddable":true,"href":"https:\/\/www.europesays.com\/fr\/wp-json\/wp\/v2\/categories?post=175525"},{"taxonomy":"post_tag","embeddable":true,"href":"https:\/\/www.europesays.com\/fr\/wp-json\/wp\/v2\/tags?post=175525"}],"curies":[{"name":"wp","href":"https:\/\/api.w.org\/{rel}","templated":true}]}}