{"id":175546,"date":"2025-06-14T09:21:12","date_gmt":"2025-06-14T09:21:12","guid":{"rendered":"https:\/\/www.europesays.com\/fr\/175546\/"},"modified":"2025-06-14T09:21:12","modified_gmt":"2025-06-14T09:21:12","slug":"un-homme-meurt-dans-les-yvelines-une-femme-gravement-blessee-a-paris","status":"publish","type":"post","link":"https:\/\/www.europesays.com\/fr\/175546\/","title":{"rendered":"un homme meurt dans les Yvelines, une femme gravement bless\u00e9e \u00e0 Paris"},"content":{"rendered":"<p>AFP Videos &#8211; France<\/p>\n<p><a class=\"Td(n) C($inherit) LineClamp(2,45px) D(f) rapidnofollow\" data-uuid=\"587943e1-fb06-3466-96d1-449a1057d439\" href=\"https:\/\/fr.news.yahoo.com\/inde-boeing-dair-india-s%C3%A9crase-162902800.html\" data-ylk=\"elm:hdln;itc:0;pos:1;sec:strm;subsec:moreforyou;cpos:13;ct:video;g:587943e1-fb06-3466-96d1-449a1057d439\" data-hosted-type=\"HOSTED\" rel=\"nofollow noopener\" target=\"_blank\">Inde: un Boeing d&rsquo;Air India s&rsquo;\u00e9crase sur une zone r\u00e9sidentielle avec 242 personnes \u00e0 bord<\/a><\/p>\n<p class=\"M(0) C($summaryColor) Fz(14px) Lh(1.43em) LineClamp(3,60px)\">Un Boeing 787 d&rsquo;Air India s&rsquo;est \u00e9cras\u00e9 jeudi sur des immeubles d&rsquo;Ahmedabad\u00a0\u00a0dans le nord-ouest de l&rsquo;Inde\u00a0peu apr\u00e8s son d\u00e9collage \u00e0 destination de Londres, ne laissant qu&rsquo;un survivant connu sur les 242 personnes \u00e0 bord et faisant un nombre ind\u00e9termin\u00e9 de victimes au sol.\u00a0Un journaliste de l&rsquo;AFP \u00e0 Ahmedabad a vu des personnes r\u00e9cup\u00e9rer des corps et des pompiers tenter d&rsquo;\u00e9teindre l&rsquo;\u00e9pave en flammes apr\u00e8s que le Boeing 787-8 Dreamliner a percut\u00e9 des b\u00e2timent \u00e0 l&rsquo;heure du d\u00e9jeuner, entre l&rsquo;h\u00f4pital public de la ville et le quartier Ghoda Camp.\u00a0\u00bbNous confirmons qu&rsquo;il y a un survivant\u00a0\u00bb, a d\u00e9clar\u00e9 \u00e0 l&rsquo;AFP Dhananjay Dwivedi, secr\u00e9taire principal du d\u00e9partement de la sant\u00e9 de l&rsquo;Etat du Gujarat, dans le nord-ouest de l&rsquo;Inde, indiquant que cette personne avait \u00e9t\u00e9 hospitalis\u00e9e.\u00a0\u00a0Quelques heures auparavant, le chef de la police de la ville, GS Malik, avait fait \u00e9tat de \u00a0victimes parmi les personnes vivant dans les immeubles sur lequel l&rsquo;appareil s&rsquo;est \u00e9cras\u00e9.\u00a0\u00ab\u00a0Nous avons retrouv\u00e9 204 corps et 41 personnes sont soign\u00e9es\u00a0\u00bb, avait-il d\u00e9taill\u00e9.Selon l&rsquo;aviation civile, le vol 171 d&rsquo;Air India avait embarqu\u00e9 230 passagers &#8211; 169 Indiens, 53 Britanniques, 7 Portugais et un Canadien &#8211; et douze membres d&rsquo;\u00e9quipage.\u00a0\u00bbNotre bureau est situ\u00e9 juste \u00e0 c\u00f4t\u00e9 de l&rsquo;endroit o\u00f9 l&rsquo;avion s&rsquo;est \u00e9cras\u00e9\u00a0\u00bb, a t\u00e9moign\u00e9 sous couvert d&rsquo;anonymat aupr\u00e8s de l&rsquo;AFP un habitant. \u00ab\u00a0Nous avons vu des personnes sauter du 2e et du 3e \u00e9tage. L&rsquo;avion \u00e9tait en feu\u00a0\u00bb.\u00a0\u00bbNous avons vu environ 15 \u00e0 20 corps br\u00fbl\u00e9s dans les d\u00e9bris de l&rsquo;avion\u00a0\u00bb, a pour sa part rapport\u00e9 \u00e0 l&rsquo;AFP le Dr Krishna, intervenu aupr\u00e8s des bless\u00e9s.- \u00ab\u00a0Trag\u00e9die\u00a0\u00bb -\u00ab\u00a0Une moiti\u00e9 de l&rsquo;appareil s&rsquo;est \u00e9cras\u00e9e sur une r\u00e9sidence o\u00f9 vivaient des m\u00e9decins avec leurs familles\u00a0\u00bb, a-t-il poursuivi, \u00ab\u00a0le nez de l&rsquo;avion et la roue avant ont atterri sur la cantine o\u00f9 les \u00e9tudiants d\u00e9jeunaient\u00a0\u00bb.Sur d&rsquo;autres vid\u00e9os partag\u00e9es sur les r\u00e9seaux sociaux, des pompiers tentent de ma\u00eetriser l&rsquo;incendie provoqu\u00e9 par les d\u00e9bris de l&rsquo;avion, en feu, non loin d&rsquo;un b\u00e2timent.L&rsquo;appareil, un long-courrier de type Boeing 787-8 Dreamliner, avait d\u00e9coll\u00e9 \u00e0 13h39 locales (08h09 GMT) pour l&rsquo;a\u00e9roport de Gatwick, au Royaume-Uni, selon les premiers d\u00e9tails livr\u00e9s par la direction g\u00e9n\u00e9rale de l&rsquo;aviation civile indienne.Il a presqu&rsquo;aussit\u00f4t \u00e9mis un appel de d\u00e9tresse avant de s&rsquo;\u00e9craser \u00ab\u00a0hors du p\u00e9rim\u00e8tre de l&rsquo;a\u00e9roport\u00a0\u00bb, a-t-elle pr\u00e9cis\u00e9, sans donner d&rsquo;autres d\u00e9tails.Des vid\u00e9os publi\u00e9es sur les r\u00e9seaux sociaux montrent l&rsquo;avion qui perd rapidement de l&rsquo;altitude juste apr\u00e8s son d\u00e9collage, semblant manquer de puissance, avant de tomber sur des immeubles et d&rsquo;exploser en une boule de feu orange.\u00a0\u00bbLa trag\u00e9die d&rsquo;Ahmedabad nous a tous abasourdis et attrist\u00e9s. Cela nous brise le c\u0153ur au-del\u00e0 des mots\u00a0\u00bb, a d\u00e9clar\u00e9 le Premier ministre indien Narendra Modi sur son compte X.Son homologue britannique Keir Starmer a exprim\u00e9 ses \u00ab\u00a0pens\u00e9es\u00a0\u00bb pour les \u00ab\u00a0passagers et leurs familles dans ce moment profond\u00e9ment \u00e9prouvant\u00a0\u00bb. Quant au roi Charles III, il s&rsquo;est dit \u00ab\u00a0extr\u00eamement choqu\u00e9\u00a0\u00bb.Le constructeur a\u00e9ronautique am\u00e9ricain Boeing a d\u00e9clar\u00e9 \u00eatre en en contact avec Air India et \u00eatre \u00ab\u00a0pr\u00eat \u00e0 les soutenir\u00a0\u00bb.\u00a0Selon une source proche du dossier, ce crash est le premier d&rsquo;un B-787, un long-courrier entr\u00e9 en service en 2011. Le titre Boeing a perdu 5,02% \u00e0 Wall Street apr\u00e8s le crash.Les bureaux d&rsquo;enqu\u00eate Britannique et Am\u00e9ricain ont annonc\u00e9 qu&rsquo;ils d\u00e9p\u00eachaient chacun des \u00e9quipes pour soutenir leurs homologues indiens.\u00a0Le pr\u00e9sident de la compagnie a\u00e9rienne, Natarajan Chandrasekaran, a d\u00e9clar\u00e9 qu&rsquo;une cellule d&rsquo;urgence a \u00e9t\u00e9 mise en \u00a0place pour soutenir les familles \u00e0 la recherche d&rsquo;informations.\u00a0Le gouvernement du Gujarat a appel\u00e9 les familles de victimes \u00e0 fournir des \u00e9chantillons d&rsquo;ADN pour aider \u00e0 identifier les corps.Le groupe Tata, propri\u00e9taire d&rsquo;Air India, a indiqu\u00e9 pr\u00e9voir 110 millions d&rsquo;euros pour les proches \u00ab\u00a0de chaque personne qui a perdu la vie dans cette trag\u00e9die\u00a0\u00bb, s&rsquo;engageant par ailleurs \u00e0 couvrir les frais m\u00e9dicaux des bless\u00e9s.- \u00ab\u00a0Corps calcin\u00e9s\u00a0\u00bb -Un t\u00e9moin, Poonam Patni, a d\u00e9clar\u00e9 que trois immeubles avaient \u00e9t\u00e9 endommag\u00e9s.\u00a0\u00bbLorsque nous sommes arriv\u00e9s sur place, il y avait des corps \u00e9parpill\u00e9s et les pompiers tentaient d&rsquo;\u00e9teindre le feu\u00a0\u00bb, a-t-il rapport\u00e9, \u00ab\u00a0beaucoup \u00e9taient calcin\u00e9s\u00a0\u00bb. \u00a0Une photo diffus\u00e9e par la police indienne sur X montre l&#8217;empennage de l&rsquo;appareil comme pos\u00e9 sur le toit d&rsquo;un b\u00e2timent.\u00a0Ahmedabad, la principale ville de l&rsquo;Etat du Gujarat, frontalier du Pakistan, compte environ 8 millions d&rsquo;habitants.\u00a0Son a\u00e9roport international, le septi\u00e8me plus fr\u00e9quent\u00e9 du pays,\u00a0est situ\u00e9 au milieu d&rsquo;un quartier r\u00e9sidentiel dens\u00e9ment peupl\u00e9. Le trafic y a \u00e9t\u00e9 suspendu apr\u00e8s l&rsquo;accident.Cette catastrophe a\u00e9rienne intervient trois jours avant l&rsquo;ouverture en France du salon du Bourget, le grand rassemblement bisannuel du secteur de l&rsquo;a\u00e9ronautique, pr\u00e8s de Paris.Le nouveau patron du constructeur am\u00e9ricain, Kelly Ortberg, y \u00e9tait attendu.La derni\u00e8re catastrophe a\u00e9rienne en Inde remonte \u00e0 2010. Un avion d&rsquo;Air India en provenance de Duba\u00ef s&rsquo;\u00e9tait \u00e9cras\u00e9\u00a0\u00e0 l&rsquo;atterrissage \u00e0 Bangalore, dans le sud de l&rsquo;Inde, faisant 158 morts.En 1996, un vol 763 de la Saudi Arabian Airlines \u00e9tait entr\u00e9 en collision en plein vol pr\u00e8s de New Delhi avec le vol 1907 de Kazakhstan Airlines. \u00a0Les 349 personnes \u00e0 bord des deux avions avaient \u00e9t\u00e9 tu\u00e9es,\u00a0faisant de cet \u00e9v\u00e9nement la collision a\u00e9rienne la plus meurtri\u00e8re de l&rsquo;histoire.Depuis 2000, dans le monde, six catastrophes a\u00e9riennes ont fait plus de 200 morts.L&rsquo;accident de jeudi intervient dans un pays o\u00f9 le trafic a\u00e9rien a explos\u00e9 ces derni\u00e8res ann\u00e9es.\u00a0bur-bb-juf\/pa\/ib\/lpt<\/p>\n","protected":false},"excerpt":{"rendered":"AFP Videos &#8211; France Inde: un Boeing d&rsquo;Air India s&rsquo;\u00e9crase sur une zone r\u00e9sidentielle avec 242 personnes \u00e0&hellip;\n","protected":false},"author":2,"featured_media":175547,"comment_status":"","ping_status":"","sticky":false,"template":"","format":"standard","meta":{"footnotes":""},"categories":[1888],"tags":[31089,1111,1928,11,1927,31090,1777,674,1011,27,12,1926,626,1925,31091,25,30629],"class_list":{"0":"post-175546","1":"post","2":"type-post","3":"status-publish","4":"format-standard","5":"has-post-thumbnail","7":"category-paris","8":"tag-5e-arrondissement-de-paris","9":"tag-actu","10":"tag-actu-paris","11":"tag-actualites","12":"tag-actualites-paris","13":"tag-branche-darbre","14":"tag-eu","15":"tag-europe","16":"tag-fr","17":"tag-france","18":"tag-news","19":"tag-news-paris","20":"tag-paris","21":"tag-paris-news","22":"tag-pavillon-de-chasse","23":"tag-republique-francaise","24":"tag-violents-orages"},"share_on_mastodon":{"url":"https:\/\/pubeurope.com\/@fr\/114680986608146770","error":""},"_links":{"self":[{"href":"https:\/\/www.europesays.com\/fr\/wp-json\/wp\/v2\/posts\/175546","targetHints":{"allow":["GET"]}}],"collection":[{"href":"https:\/\/www.europesays.com\/fr\/wp-json\/wp\/v2\/posts"}],"about":[{"href":"https:\/\/www.europesays.com\/fr\/wp-json\/wp\/v2\/types\/post"}],"author":[{"embeddable":true,"href":"https:\/\/www.europesays.com\/fr\/wp-json\/wp\/v2\/users\/2"}],"replies":[{"embeddable":true,"href":"https:\/\/www.europesays.com\/fr\/wp-json\/wp\/v2\/comments?post=175546"}],"version-history":[{"count":0,"href":"https:\/\/www.europesays.com\/fr\/wp-json\/wp\/v2\/posts\/175546\/revisions"}],"wp:featuredmedia":[{"embeddable":true,"href":"https:\/\/www.europesays.com\/fr\/wp-json\/wp\/v2\/media\/175547"}],"wp:attachment":[{"href":"https:\/\/www.europesays.com\/fr\/wp-json\/wp\/v2\/media?parent=175546"}],"wp:term":[{"taxonomy":"category","embeddable":true,"href":"https:\/\/www.europesays.com\/fr\/wp-json\/wp\/v2\/categories?post=175546"},{"taxonomy":"post_tag","embeddable":true,"href":"https:\/\/www.europesays.com\/fr\/wp-json\/wp\/v2\/tags?post=175546"}],"curies":[{"name":"wp","href":"https:\/\/api.w.org\/{rel}","templated":true}]}}