{"id":175548,"date":"2025-06-14T09:22:09","date_gmt":"2025-06-14T09:22:09","guid":{"rendered":"https:\/\/www.europesays.com\/fr\/175548\/"},"modified":"2025-06-14T09:22:09","modified_gmt":"2025-06-14T09:22:09","slug":"notre-selection-dadresses-parisiennes-pour-aller-au-resto-en-solo","status":"publish","type":"post","link":"https:\/\/www.europesays.com\/fr\/175548\/","title":{"rendered":"Notre s\u00e9lection d\u2019adresses parisiennes pour aller au resto en solo"},"content":{"rendered":"<p class=\"paragraph text_align_left\">\u00ab En France, on se m\u00e9fie encore de celui qui d\u00eene seul. L\u2019individu solitaire est jug\u00e9 suspect ou \u00e9go\u00efste, note le psychosociologue R\u00e9my Lucas. Certains profitent de cette parenth\u00e8se pour d\u00e9connecter, loin des \u00e9crans et des sollicitations. En d\u00e9placement, pour souffler, saisir l\u2019opportunit\u00e9 d\u2019une rencontre ou, tout simplement, profiter pleinement de leur repas et de leurs choix culinaires. \u00bb<\/p>\n","protected":false},"excerpt":{"rendered":"\u00ab En France, on se m\u00e9fie encore de celui qui d\u00eene seul. L\u2019individu solitaire est jug\u00e9 suspect ou&hellip;\n","protected":false},"author":2,"featured_media":175549,"comment_status":"","ping_status":"","sticky":false,"template":"","format":"standard","meta":{"footnotes":""},"categories":[1888],"tags":[11,3013,1777,674,1011,27,12,626,25,104],"class_list":{"0":"post-175548","1":"post","2":"type-post","3":"status-publish","4":"format-standard","5":"has-post-thumbnail","7":"category-paris","8":"tag-actualites","9":"tag-bien-manger","10":"tag-eu","11":"tag-europe","12":"tag-fr","13":"tag-france","14":"tag-news","15":"tag-paris","16":"tag-republique-francaise","17":"tag-societe"},"share_on_mastodon":{"url":"https:\/\/pubeurope.com\/@fr\/114680990505944656","error":""},"_links":{"self":[{"href":"https:\/\/www.europesays.com\/fr\/wp-json\/wp\/v2\/posts\/175548","targetHints":{"allow":["GET"]}}],"collection":[{"href":"https:\/\/www.europesays.com\/fr\/wp-json\/wp\/v2\/posts"}],"about":[{"href":"https:\/\/www.europesays.com\/fr\/wp-json\/wp\/v2\/types\/post"}],"author":[{"embeddable":true,"href":"https:\/\/www.europesays.com\/fr\/wp-json\/wp\/v2\/users\/2"}],"replies":[{"embeddable":true,"href":"https:\/\/www.europesays.com\/fr\/wp-json\/wp\/v2\/comments?post=175548"}],"version-history":[{"count":0,"href":"https:\/\/www.europesays.com\/fr\/wp-json\/wp\/v2\/posts\/175548\/revisions"}],"wp:featuredmedia":[{"embeddable":true,"href":"https:\/\/www.europesays.com\/fr\/wp-json\/wp\/v2\/media\/175549"}],"wp:attachment":[{"href":"https:\/\/www.europesays.com\/fr\/wp-json\/wp\/v2\/media?parent=175548"}],"wp:term":[{"taxonomy":"category","embeddable":true,"href":"https:\/\/www.europesays.com\/fr\/wp-json\/wp\/v2\/categories?post=175548"},{"taxonomy":"post_tag","embeddable":true,"href":"https:\/\/www.europesays.com\/fr\/wp-json\/wp\/v2\/tags?post=175548"}],"curies":[{"name":"wp","href":"https:\/\/api.w.org\/{rel}","templated":true}]}}