{"id":175560,"date":"2025-06-14T09:28:11","date_gmt":"2025-06-14T09:28:11","guid":{"rendered":"https:\/\/www.europesays.com\/fr\/175560\/"},"modified":"2025-06-14T09:28:11","modified_gmt":"2025-06-14T09:28:11","slug":"niveau-record-des-naturalisations-en-allemagne-en-2024","status":"publish","type":"post","link":"https:\/\/www.europesays.com\/fr\/175560\/","title":{"rendered":"Niveau record des naturalisations en Allemagne en 2024"},"content":{"rendered":"<p>AFP Videos &#8211; France<\/p>\n<p><a class=\"Td(n) C($inherit) LineClamp(2,45px) D(f) rapidnofollow\" data-uuid=\"c6f8ad15-6700-3eea-a18c-284a71129e10\" href=\"https:\/\/fr.news.yahoo.com\/isra%C3%ABl-bombarde-d%C3%A9fenses-a%C3%A9riennes-lanceurs-082705820.html\" data-ylk=\"elm:hdln;itc:0;pos:1;sec:strm;subsec:moreforyou;cpos:16;ct:video;g:c6f8ad15-6700-3eea-a18c-284a71129e10\" data-hosted-type=\"HOSTED\" target=\"_blank\" rel=\"noopener\">Isra\u00ebl bombarde des d\u00e9fenses a\u00e9riennes et des lanceurs de missiles en Iran<\/a><\/p>\n<p class=\"M(0) C($summaryColor) Fz(14px) Lh(1.43em) LineClamp(3,60px)\">Isra\u00ebl a bombard\u00e9 samedi les d\u00e9fenses a\u00e9riennes et des lanceurs de missiles en Iran, intensifiant ses op\u00e9rations qui visent \u00e0 d\u00e9manteler les capacit\u00e9s militaires de son ennemi jur\u00e9, apr\u00e8s un engrenage de violences nocturnes.Vendredi, Isra\u00ebl, disant disposer de renseignements prouvant que l&rsquo;Iran s&rsquo;approchait du \u00ab\u00a0point de non-retour\u00a0\u00bb vers la bombe atomique, a lanc\u00e9 une attaque d&rsquo;une ampleur sans pr\u00e9c\u00e9dent sur le sol iranien, touchant plus de 200 sites militaires et nucl\u00e9aires et tuant les plus hauts grad\u00e9s du pays.L&rsquo;Iran, qui d\u00e9ment fabriquer l&rsquo;arme nucl\u00e9aire, a tir\u00e9 en riposte des dizaines de missiles contre Isra\u00ebl, affirmant avoir cibl\u00e9 des installations militaires. La plupart ont \u00e9t\u00e9 intercept\u00e9s par l&rsquo;arm\u00e9e isra\u00e9lienne mais d&rsquo;importants d\u00e9g\u00e2ts ont \u00e9t\u00e9 enregistr\u00e9s dans la r\u00e9gion de Tel-Aviv.\u00a0L&rsquo;escalade militaire entre l&rsquo;Iran et Isra\u00ebl, distants de plus de 1.500 km, fait craindre un conflit prolong\u00e9 qui engloutirait la r\u00e9gion, selon des experts.Alli\u00e9 d&rsquo;Isra\u00ebl, le pr\u00e9sident am\u00e9ricain Donald Trump a exhort\u00e9 vendredi l&rsquo;Iran \u00e0 \u00ab\u00a0conclure un accord\u00a0\u00bb sur son programme nucl\u00e9aire et pr\u00e9venu que les \u00ab\u00a0prochaines attaques\u00a0\u00bb isra\u00e9liennes seraient \u00ab\u00a0encore plus brutales\u00a0\u00bb. Il a qualifi\u00e9 d'\u00a0\u00bbexcellentes\u00a0\u00bb la premi\u00e8re salve de frappes isra\u00e9liennes.Samedi, l&rsquo;Iran a tir\u00e9 de nouveaux missiles contre Isra\u00ebl, o\u00f9 les secours ont fait \u00e9tat de trois morts et de dizaines de bless\u00e9s.\u00a0Le m\u00eame jour, de nouvelles frappes isra\u00e9liennes ont cibl\u00e9 des syst\u00e8mes de d\u00e9fense a\u00e9riens dans la r\u00e9gion de T\u00e9h\u00e9ran et \u00ab\u00a0des dizaines\u00a0\u00bb de lanceurs de missiles sol-sol en Iran selon Isra\u00ebl.Le repr\u00e9sentant iranien \u00e0 l&rsquo;ONU Amir Saeid Iravani, a fait \u00e9tat vendredi de 78 morts et plus de 320 bless\u00e9s dont une \u00ab\u00a0large majorit\u00e9 de civils\u00a0\u00bb dans l&rsquo;attaque isra\u00e9lienne.-\u00a0Discussions incertaines dimanche -A T\u00e9h\u00e9ran, une foule s&rsquo;est rassembl\u00e9e vendredi soir en soutien au pouvoir, aux cris de \u00ab\u00a0Mort \u00e0 Isra\u00ebl, mort \u00e0 l&rsquo;Am\u00e9rique!\u00a0\u00bb.\u00a0\u00ab\u00a0Nous continuerons de riposter de fa\u00e7on \u00e9crasante\u00a0\u00bb \u00e0 Isra\u00ebl, a affirm\u00e9 Khatira Abolfazli, une manifestante.Dans la r\u00e9gion de Tel-Aviv, des images de l&rsquo;AFP ont montr\u00e9 des flammes et de la fum\u00e9e s&rsquo;\u00e9levant d&rsquo;un immeuble dans la nuit et des habitations d\u00e9truites.\u00a0\u00ab\u00a0Nous avons entendu une tr\u00e8s forte explosion, tout tremblait: fum\u00e9e, poussi\u00e8re, tout \u00e9tait \u00e9parpill\u00e9. C&rsquo;\u00e9taient des moments vraiment effrayants\u00a0\u00bb, a racont\u00e9 Chen Gabizon, 29 ans, r\u00e9fugi\u00e9 dans un abri souterrain de l&rsquo;immeuble touch\u00e9.\u00a0Sur CNN, l&rsquo;ambassadeur isra\u00e9lien aux Etats-Unis, Yechiel Leiter, a d\u00e9clar\u00e9 que les tirs iraniens ne devraient pas s&rsquo;arr\u00eater, l&rsquo;Iran poss\u00e9dant selon lui un arsenal de pr\u00e8s de 2.000 missiles.Les Etats-Unis ont aid\u00e9 Isra\u00ebl \u00e0 abattre les missiles iraniens, selon un responsable am\u00e9ricain.L&rsquo;Iran est soup\u00e7onn\u00e9 par les Occidentaux et par Isra\u00ebl, consid\u00e9r\u00e9 par des experts comme la seule puissance nucl\u00e9aire au Moyen-Orient, de vouloir se doter de l&rsquo;arme atomique. T\u00e9h\u00e9ran d\u00e9ment et d\u00e9fend son droit \u00e0 d\u00e9velopper un programme nucl\u00e9aire civil.Un nouveau cycle de n\u00e9gociations indirectes est pr\u00e9vu dimanche \u00e0 Oman entre T\u00e9h\u00e9ran et Washington pour tenter de trouver un accord encadrant le programme nucl\u00e9aire iranien en \u00e9change de la lev\u00e9e des sanctions contre l&rsquo;Iran. Mais la participation de T\u00e9h\u00e9ran est \u00ab\u00a0incertaine\u00a0\u00bb selon un m\u00e9dia d&rsquo;Etat.-\u00a0\u00ab\u00a0Plus \u00e0 venir\u00a0\u00bb -Malgr\u00e9 les appels internationaux \u00e0 cesser les attaques, M. Netanyahu a averti qu&rsquo;il y en aurait \u00ab\u00a0plus \u00e0 venir\u00a0\u00bb et le ministre iranien des Affaires \u00e9trang\u00e8res, Abbas Araghchi, a d\u00e9nonc\u00e9 une \u00ab\u00a0d\u00e9claration de guerre\u00a0\u00bb.Dans un message vid\u00e9o adress\u00e9 \u00e0 la population iranienne, Benjamin Netanyahu l&rsquo;a appel\u00e9e \u00e0 se r\u00e9volter contre le \u00ab\u00a0r\u00e9gime mal\u00e9fique et oppressif\u00a0\u00bb.\u00a0\u00bbNous avons \u00e9limin\u00e9 les principaux commandants militaires, des scientifiques nucl\u00e9aires, l&rsquo;installation d&rsquo;enrichissement (d&rsquo;uranium) la plus importante du r\u00e9gime islamique et une grande partie de son arsenal de missiles balistiques\u00a0\u00bb, a-t-il pr\u00e9cis\u00e9.\u00a0Son arm\u00e9e a affirm\u00e9 avoir \u00ab\u00a0d\u00e9mantel\u00e9\u00a0\u00bb une usine d&rsquo;uranium \u00e0 Ispahan (centre).\u00a0L&rsquo;organisation iranienne de l&rsquo;\u00e9nergie atomique (OIEA) a affirm\u00e9 que les d\u00e9g\u00e2ts \u00e0 Ispahan et sur le site de Fordo, au sud de T\u00e9h\u00e9ran, \u00e9taient mineurs.Le centre pilote d&rsquo;enrichissement d&rsquo;uranium de Natanz (centre) a \u00e9t\u00e9 vis\u00e9, selon la t\u00e9l\u00e9vision d&rsquo;Etat iranienne.L&rsquo;Agence internationale de l&rsquo;\u00e9nergie atomique (AIEA) a d\u00e9clar\u00e9 que la partie en surface avait \u00e9t\u00e9 \u00ab\u00a0d\u00e9truite\u00a0\u00bb, citant des informations iraniennes. Mais \u00ab\u00a0aucune augmentation des niveaux de radiation\u00a0\u00bb n&rsquo;avait \u00e9t\u00e9 observ\u00e9e.\u00a0Vendredi soir, Isra\u00ebl a dit avoir frapp\u00e9 la base militaire de Tabriz qui a \u00e9t\u00e9 \u00ab\u00a0d\u00e9mantel\u00e9e\u00a0\u00bb selon lui.-\u00a0Commandants et g\u00e9n\u00e9raux tu\u00e9s -Dans les premi\u00e8res frappes isra\u00e9liennes, le chef des Gardiens de la R\u00e9volution, arm\u00e9e id\u00e9ologique d&rsquo;Iran, le g\u00e9n\u00e9ral Hossein Salami, le commandant de la force a\u00e9rospatiale des Gardiens, Amirali Hajizadeh, ainsi que d&rsquo;autres responsables militaires ont \u00e9t\u00e9 tu\u00e9s dans une frappe sur leur quartier g\u00e9n\u00e9ral.\u00a0Le chef d&rsquo;\u00e9tat-major iranien, le g\u00e9n\u00e9ral Mohammad Bagheri, et six scientifiques du programme nucl\u00e9aire iranien ont aussi p\u00e9ri dans d&rsquo;autres bombardements.Samedi, la t\u00e9l\u00e9vision d&rsquo;Etat iranienne a fait \u00e9tat de la mort de deux hauts grad\u00e9s de l&rsquo;arm\u00e9e, le g\u00e9n\u00e9ral Gholamreza Mehrabi, adjoint au renseignement de l&rsquo;\u00e9tat-major des forces arm\u00e9es, et le g\u00e9n\u00e9ral Mehdi Rabbani, adjoint aux op\u00e9rations.La derni\u00e8re attaque d&rsquo;Isra\u00ebl contre l&rsquo;Iran annonc\u00e9e publiquement remonte \u00e0 octobre 2024, quand il a men\u00e9 des frappes sur des cibles militaires en repr\u00e9sailles au tir de quelque 200 missiles iraniens vers son territoire. Les tirs iraniens \u00e9taient en riposte \u00e0 une attaque imput\u00e9e \u00e0 Isra\u00ebl qui a cibl\u00e9 le consulat d&rsquo;Iran \u00e0 Damas.Face \u00e0 l&rsquo;escalade militaire au Moyen-Orient, plusieurs compagnies a\u00e9riennes ont supprim\u00e9 ou d\u00e9rout\u00e9 des dizaines de vols, et les cours du p\u00e9trole ont flamb\u00e9.\u00a0bur\/tp\/ila<\/p>\n","protected":false},"excerpt":{"rendered":"AFP Videos &#8211; France Isra\u00ebl bombarde des d\u00e9fenses a\u00e9riennes et des lanceurs de missiles en Iran Isra\u00ebl a&hellip;\n","protected":false},"author":2,"featured_media":175561,"comment_status":"","ping_status":"","sticky":false,"template":"","format":"standard","meta":{"footnotes":""},"categories":[1587],"tags":[11,672,1804,1805,1803,31092,1777,674,1801,31095,31093,31094,12,1802],"class_list":{"0":"post-175560","1":"post","2":"type-post","3":"status-publish","4":"format-standard","5":"has-post-thumbnail","7":"category-allemagne","8":"tag-actualites","9":"tag-allemagne","10":"tag-bundesrepublik-deutschland","11":"tag-de","12":"tag-deutschland","13":"tag-droit-de-la-nationalite","14":"tag-eu","15":"tag-europe","16":"tag-germany","17":"tag-loi-sur-la-nationalite","18":"tag-nationalite-allemande","19":"tag-naturalisations","20":"tag-news","21":"tag-republique-federale-dallemagne"},"share_on_mastodon":{"url":"https:\/\/pubeurope.com\/@fr\/114681014128941043","error":""},"_links":{"self":[{"href":"https:\/\/www.europesays.com\/fr\/wp-json\/wp\/v2\/posts\/175560","targetHints":{"allow":["GET"]}}],"collection":[{"href":"https:\/\/www.europesays.com\/fr\/wp-json\/wp\/v2\/posts"}],"about":[{"href":"https:\/\/www.europesays.com\/fr\/wp-json\/wp\/v2\/types\/post"}],"author":[{"embeddable":true,"href":"https:\/\/www.europesays.com\/fr\/wp-json\/wp\/v2\/users\/2"}],"replies":[{"embeddable":true,"href":"https:\/\/www.europesays.com\/fr\/wp-json\/wp\/v2\/comments?post=175560"}],"version-history":[{"count":0,"href":"https:\/\/www.europesays.com\/fr\/wp-json\/wp\/v2\/posts\/175560\/revisions"}],"wp:featuredmedia":[{"embeddable":true,"href":"https:\/\/www.europesays.com\/fr\/wp-json\/wp\/v2\/media\/175561"}],"wp:attachment":[{"href":"https:\/\/www.europesays.com\/fr\/wp-json\/wp\/v2\/media?parent=175560"}],"wp:term":[{"taxonomy":"category","embeddable":true,"href":"https:\/\/www.europesays.com\/fr\/wp-json\/wp\/v2\/categories?post=175560"},{"taxonomy":"post_tag","embeddable":true,"href":"https:\/\/www.europesays.com\/fr\/wp-json\/wp\/v2\/tags?post=175560"}],"curies":[{"name":"wp","href":"https:\/\/api.w.org\/{rel}","templated":true}]}}