{"id":175564,"date":"2025-06-14T09:30:14","date_gmt":"2025-06-14T09:30:14","guid":{"rendered":"https:\/\/www.europesays.com\/fr\/175564\/"},"modified":"2025-06-14T09:30:14","modified_gmt":"2025-06-14T09:30:14","slug":"lalgerie-entre-sur-la-liste-noire-des-investissements-de-lunion-europeenne","status":"publish","type":"post","link":"https:\/\/www.europesays.com\/fr\/175564\/","title":{"rendered":"L&rsquo;Alg\u00e9rie entre sur la liste noire des investissements de l&rsquo;Union europ\u00e9enne"},"content":{"rendered":"<p><strong><a target=\"_blank\" href=\"https:\/\/www.atalayar.com\/fr\/articulo\/politique\/lalgerie-change-cap-dans-sa-politique-portuaire-et-rapproche-france\/20250613104556215873.html\" rel=\"nofollow noopener\">L&rsquo;Alg\u00e9rie<\/a> fait d\u00e9sormais partie de la liste des pays \u00ab \u00e0 haut risque \u00bb pour blanchiment d&rsquo;argent et financement du terrorisme. <\/strong>En r\u00e9ponse, les m\u00e9dias alg\u00e9riens ont affirm\u00e9 que l&rsquo;organisme europ\u00e9en menait une campagne de d\u00e9nigrement contre leur nation, exacerb\u00e9e par ses tensions avec la France et son rapprochement avec la Chine, la Russie et la Turquie.<\/p>\n<p><strong>Cette position aura des cons\u00e9quences importantes sur ses relations commerciales avec ses principaux partenaires et avec les \u00c9tats membres de l&rsquo;Union europ\u00e9enne, ces derni\u00e8res \u00e9tant de plus en plus tendues et confuses ces derniers temps.<\/strong> Toutefois, l&rsquo;Alg\u00e9rie affirme avoir intensifi\u00e9 et d\u00e9velopp\u00e9 ses efforts dans la lutte contre les activit\u00e9s criminelles li\u00e9es au blanchiment d&rsquo;argent et au financement de groupes terroristes, et que ces actions ne sont pas prises en compte par l&rsquo;Union.<\/p>\n<p>De m\u00eame, le journal national Al-Khobar a soulign\u00e9 que, bien qu&rsquo;il s&rsquo;agisse d&rsquo;une mesure technique de Bruxelles visant \u00e0 prot\u00e9ger le syst\u00e8me financier europ\u00e9en, elle ignore les nombreux efforts concrets d\u00e9ploy\u00e9s par le pays nord-africain, en mentionnant notamment les r\u00e9formes juridiques mises en \u0153uvre depuis 2020 pour am\u00e9liorer la transparence et lutter contre les activit\u00e9s ill\u00e9gales qui ont marqu\u00e9 son histoire. Concr\u00e8tement, il s&rsquo;agit de la loi de 2021 sur la pr\u00e9vention du blanchiment de capitaux et du financement du terrorisme, qui a \u00e9largi les pouvoirs des organismes d&rsquo;information financi\u00e8re et renforc\u00e9 le suivi des fonds. Une autre initiative a \u00e9t\u00e9 prise en 2022 pour cr\u00e9er un organisme national ind\u00e9pendant charg\u00e9 de superviser les finances, puis en 2023, le contr\u00f4le des mouvements de capitaux a \u00e9t\u00e9 am\u00e9lior\u00e9 afin d&rsquo;\u00e9viter l&rsquo;\u00e9vasion fiscale.<\/p>\n<p><img decoding=\"async\" width=\"1200\" height=\"675\" alt=\"El presidente argelino, Abdelmadjid Tebboune, pronuncia un discurso durante una sesi\u00f3n del Foro Econ\u00f3mico Internacional de San Petersburgo (SPIEF) en San Petersburgo, Rusia, el 16 de junio de 2023 - Photo cortes\u00eda de RIA Novosti v\u00eda REUTERS\" src=\"https:\/\/www.europesays.com\/fr\/wp-content\/uploads\/2025\/04\/2025032410504115702.jpg\" loading=\"lazy\"  \/><br \/>\nLe pr\u00e9sident alg\u00e9rien Abdelmadjid Tebboune prononce un discours lors d&rsquo;une session du Forum \u00e9conomique international de Saint-P\u00e9tersbourg (SPIEF) \u00e0 Saint-P\u00e9tersbourg, en Russie, le 16 juin 2023 &#8211;<strong> Photo gracieusement fournie par RIA Novosti via REUTERS<\/strong><\/p>\n<p><strong>Cette inclusion a principalement eu huit effets fondamentaux :<\/strong> le premier est l&rsquo;augmentation des audits financiers des transactions, dans lesquels les institutions europ\u00e9ennes joueront un r\u00f4le plus actif. Le deuxi\u00e8me est que les proc\u00e9dures seront plus strictes et pourraient \u00e9galement retarder et compliquer les transactions. Le troisi\u00e8me concerne la perte d&rsquo;attractivit\u00e9 de l&rsquo;Alg\u00e9rie pour les investissements \u00e9trangers, tant europ\u00e9ens que provenant d&rsquo;autres pays, en raison de l&rsquo;augmentation des risques que le pays repr\u00e9sentera pour les capitaux. Le quatri\u00e8me aspect concerne le financement, o\u00f9, en raison de l&rsquo;augmentation des risques, il sera plus difficile d&rsquo;acc\u00e9der aux pr\u00eats, aux financements internationaux et aux op\u00e9rations bancaires. Le cinqui\u00e8me aspect concerne les transactions bancaires internationales et le manque de confiance et la vuln\u00e9rabilit\u00e9 des banques alg\u00e9riennes, obstacles qui peuvent entraver le commerce international \u00e0 grande \u00e9chelle. Le sixi\u00e8me aspect porte sur l&rsquo;impact de cette annonce sur la r\u00e9putation mondiale de l&rsquo;Alg\u00e9rie en tant que partenaire commercial et financier fiable, ainsi que sur le bon fonctionnement de ses relations \u00e9conomiques et diplomatiques. Le septi\u00e8me aspect explique comment l&rsquo;inscription sur cette liste vise \u00e0 inciter les pays \u00e0 optimiser leurs cadres r\u00e9glementaires et \u00e0 se conformer aux normes, principes et lois internationaux, ainsi qu&rsquo;\u00e0 lutter contre les probl\u00e8mes qui se posent. Le huiti\u00e8me et dernier th\u00e8me traite des nouveaux d\u00e9fis auxquels sera confront\u00e9 le secteur bancaire alg\u00e9rien, qui devra rationaliser ses bases de donn\u00e9es et renforcer sa coop\u00e9ration avec les organismes internationaux.<\/p>\n<p>Cette annonce intervient apr\u00e8s la p\u00e9riode o\u00f9 l&rsquo;Alg\u00e9rie figurait sur la liste grise du Groupe d&rsquo;action financi\u00e8re en octobre dernier en raison de l&rsquo;absence de progr\u00e8s de ses syst\u00e8mes. De m\u00eame, on estime que ces d\u00e9cisions ont une dimension politique, compte tenu des efforts juridiques d\u00e9ploy\u00e9s par le secteur alg\u00e9rien ces derni\u00e8res ann\u00e9es.<\/p>\n<p><img decoding=\"async\" width=\"1200\" height=\"675\" alt=\"Banderas de la Uni\u00f3n Europea - PHOTO\/FILE\" src=\"https:\/\/www.europesays.com\/fr\/wp-content\/uploads\/2025\/06\/2023112014444869584.jpg\" loading=\"lazy\"  \/><br \/>\nDrapeaux de l&rsquo;Union europ\u00e9enne &#8211; <strong>PHOTO\/FILE<\/strong><\/p>\n<p><strong>D&rsquo;une mani\u00e8re g\u00e9n\u00e9rale, ce classement entra\u00eenera une augmentation des exigences financi\u00e8res et allongera la dur\u00e9e des transactions, ce qui aura des r\u00e9percussions \u00e9conomiques et politiques importantes en Alg\u00e9rie, <\/strong>auxquelles le gouvernement alg\u00e9rien devra r\u00e9pondre par des r\u00e9formes et des mesures efficaces. Les motivations g\u00e9opolitiques et \u00e9conomiques de cette d\u00e9cision sont toutefois remises en question, celle-ci pouvant \u00eatre consid\u00e9r\u00e9e comme un moyen de freiner les ambitions r\u00e9gionales de l&rsquo;Alg\u00e9rie en Afrique et en M\u00e9diterran\u00e9e. Il ne reste plus qu&rsquo;\u00e0 observer comment les dialogues et les alliances \u00e9volueront apr\u00e8s cette annonce.<\/p>\n","protected":false},"excerpt":{"rendered":"L&rsquo;Alg\u00e9rie fait d\u00e9sormais partie de la liste des pays \u00ab \u00e0 haut risque \u00bb pour blanchiment d&rsquo;argent et&hellip;\n","protected":false},"author":2,"featured_media":175565,"comment_status":"","ping_status":"","sticky":false,"template":"","format":"standard","meta":{"footnotes":""},"categories":[1586],"tags":[11,14747,1777,674,1779,1011,27,1577,12,25,1778,14749,364],"class_list":{"0":"post-175564","1":"post","2":"type-post","3":"status-publish","4":"format-standard","5":"has-post-thumbnail","7":"category-europe","8":"tag-actualites","9":"tag-argelia","10":"tag-eu","11":"tag-europe","12":"tag-european-union","13":"tag-fr","14":"tag-france","15":"tag-l","16":"tag-news","17":"tag-republique-francaise","18":"tag-ue","19":"tag-union-europea","20":"tag-union-europeenne"},"share_on_mastodon":{"url":"https:\/\/pubeurope.com\/@fr\/114681022031219471","error":""},"_links":{"self":[{"href":"https:\/\/www.europesays.com\/fr\/wp-json\/wp\/v2\/posts\/175564","targetHints":{"allow":["GET"]}}],"collection":[{"href":"https:\/\/www.europesays.com\/fr\/wp-json\/wp\/v2\/posts"}],"about":[{"href":"https:\/\/www.europesays.com\/fr\/wp-json\/wp\/v2\/types\/post"}],"author":[{"embeddable":true,"href":"https:\/\/www.europesays.com\/fr\/wp-json\/wp\/v2\/users\/2"}],"replies":[{"embeddable":true,"href":"https:\/\/www.europesays.com\/fr\/wp-json\/wp\/v2\/comments?post=175564"}],"version-history":[{"count":0,"href":"https:\/\/www.europesays.com\/fr\/wp-json\/wp\/v2\/posts\/175564\/revisions"}],"wp:featuredmedia":[{"embeddable":true,"href":"https:\/\/www.europesays.com\/fr\/wp-json\/wp\/v2\/media\/175565"}],"wp:attachment":[{"href":"https:\/\/www.europesays.com\/fr\/wp-json\/wp\/v2\/media?parent=175564"}],"wp:term":[{"taxonomy":"category","embeddable":true,"href":"https:\/\/www.europesays.com\/fr\/wp-json\/wp\/v2\/categories?post=175564"},{"taxonomy":"post_tag","embeddable":true,"href":"https:\/\/www.europesays.com\/fr\/wp-json\/wp\/v2\/tags?post=175564"}],"curies":[{"name":"wp","href":"https:\/\/api.w.org\/{rel}","templated":true}]}}