{"id":17557,"date":"2025-04-11T14:59:11","date_gmt":"2025-04-11T14:59:11","guid":{"rendered":"https:\/\/www.europesays.com\/fr\/17557\/"},"modified":"2025-04-11T14:59:11","modified_gmt":"2025-04-11T14:59:11","slug":"droits-de-douane-tiktok-avortement-les-revirements-en-serie-de-donald-trump","status":"publish","type":"post","link":"https:\/\/www.europesays.com\/fr\/17557\/","title":{"rendered":"Droits de douane, TikTok, avortement\u2026 Les revirements en s\u00e9rie de Donald Trump"},"content":{"rendered":"<p><a href=\"https:\/\/www.20minutes.fr\/economie\/4137973-20250210-droits-douane-ue-repliquera-tout-nouveau-droit-douane-americain\" target=\"_blank\" class=\"color-ultramarine c-link\" rel=\"noopener\">Donald Trump a op\u00e9r\u00e9 mercredi un revirement spectaculaire<\/a> dans sa politique commerciale\u00a0: il a suspendu temporairement la plupart des droits de douane impos\u00e9s \u00e0 des dizaines de partenaires des \u00c9tats-Unis. Une volte-face qui n\u2019\u00e9tonne plus vraiment de la part d\u2019un pr\u00e9sident coutumier des changements de position brutaux, parfois contradictoires, et souvent strat\u00e9giques.<\/p>\n<p>Voici quelques-uns des sujets sur lesquels Donald Trump a d\u00e9j\u00e0 chang\u00e9 d\u2019avis, parfois plusieurs fois.<\/p>\n<\/p>\n<p>Le droit \u00e0 l\u2019avortement<\/p>\n<p>En\u00a01999, l\u2019ancien magnat de l\u2019immobilier se disait \u00ab\u00a0fortement pour le choix\u00a0\u00bb (pro-choice) et fermement oppos\u00e9 \u00e0 l\u2019interdiction de <a href=\"https:\/\/www.20minutes.fr\/dossier\/avortement\" class=\"color-ultramarine c-link\" target=\"_blank\" rel=\"noopener\">l\u2019avortement<\/a>. Mais en coulisses, il admettait aussi qu\u2019il \u00ab\u00a0d\u00e9teste le concept d\u2019avortement et tout ce qu\u2019il repr\u00e9sente\u00a0\u00bb.<\/p>\n<p>Deux d\u00e9cennies plus tard, \u00e9lu pr\u00e9sident avec le soutien des chr\u00e9tiens \u00e9vang\u00e9liques, il devient l\u2019un des plus fervents opposants \u00e0 l\u2019IVG et nomme les juges ayant permis la r\u00e9vocation du droit f\u00e9d\u00e9ral \u00e0 l\u2019avortement en\u00a02022. Il appelle m\u00eame \u00e0 une \u00ab\u00a0certaine forme de punition\u00a0\u00bb pour les femmes qui y ont recours. Pourtant, durant sa derni\u00e8re campagne, Trump a \u00e9cart\u00e9 l\u2019id\u00e9e d\u2019une interdiction nationale, et renvoie la question aux \u00c9tats. Un positionnement un peu moins radical.<\/p>\n<p>De la menace d\u2019interdiction \u00e0 la promesse de le \u00ab\u00a0sauver\u00a0\u00bb TikTok<\/p>\n<p>En\u00a02020, Donald Trump tente en vain de bannir <a href=\"https:\/\/www.20minutes.fr\/high-tech\/tiktok\/\" class=\"color-ultramarine c-link\" target=\"_blank\" rel=\"noopener\">TikTok<\/a>, allant jusqu\u2019\u00e0 accuser la plateforme de livrer les donn\u00e9es am\u00e9ricaines \u00e0 la Chine. Quatre ans plus tard, en juin\u00a02024, c\u2019est un (nouveau) revirement total\u00a0: \u00ab\u00a0Nous aimons TikTok, je vais le sauver\u00a0\u00bb, lance-t-il en meeting de campagne.<\/p>\n<p>Revenu \u00e0 la Maison-Blanche d\u00e9but\u00a02025, <a href=\"https:\/\/www.20minutes.fr\/high-tech\/4147134-20250405-tiktok-trump-reporte-encore-echeance-bytedance-evoque-questions-clefs-regler\" target=\"_blank\" class=\"color-ultramarine c-link\" rel=\"noopener\">il prolonge m\u00eame le d\u00e9lai de cession impos\u00e9 \u00e0 ByteDance<\/a> (la maison m\u00e8re du r\u00e9seau social) jusqu\u2019au 19\u00a0juin prochain, tout en cr\u00e9ant un fonds souverain cens\u00e9 faciliter des rachats strat\u00e9giques\u2026 dont TikTok pourrait b\u00e9n\u00e9ficier.<\/p>\n<p>Entre minimisation et appel \u00e0 la prudence face au Covid<\/p>\n<p>Au d\u00e9but de la pand\u00e9mie, Trump moque les masques, minimise le virus et critique les confinements qui compromettent selon lui la libert\u00e9 de la population. Il sugg\u00e8re aussi que <a href=\"https:\/\/www.20minutes.fr\/monde\/2766947-20200424-coronavirus-trump-suggere-injection-desinfectant-uv-contre-covid-19-medecins-horrifies\" class=\"color-ultramarine c-link\" target=\"_blank\" rel=\"noopener\">l\u2019eau de javel pourrait \u00eatre un bon moyen<\/a> de se pr\u00e9munir face au virus.<\/p>\n<p>Mais apr\u00e8s son hospitalisation en octobre\u00a02020, il change de ton, et se fait m\u00eame vacciner juste avant de quitter la Maison-Blanche en janvier\u00a02021. Il ira m\u00eame jusqu\u2019\u00e0 encourager ses soutiens \u00e0 en faire autant.<\/p>\n<p>Politique internationale, la girouette<\/p>\n<p>Alors en campagne pour la pr\u00e9sidence am\u00e9ricaine, Donald Trump accuse la <a href=\"https:\/\/www.20minutes.fr\/magazine\/grande-muraille-mag\/\" class=\"color-ultramarine c-link\" target=\"_blank\" rel=\"noopener\">Chine<\/a> de tous les maux en\u00a02016 traitant le pays de \u00ab\u00a0manipulateur de devises\u00a0\u00bb. Et finalement, quelques mois \u00e0 peine apr\u00e8s son \u00e9lection \u00e0 la Maison-Blanche, il d\u00e9cidera d\u2019inviter Xi Jinping dans sa r\u00e9sidence Floridienne de Mar-a-Lago, affirmant au passage que les Chinois \u00ab\u00a0ne manipulent pas leur monnaie\u00a0\u00bb. Depuis son retour au pouvoir pour un second mandat, on peut dire qu\u2019il a (de nouveau) la Chine dans le nez. Le pr\u00e9sident am\u00e9ricain a notamment r\u00e9activ\u00e9 la guerre commerciale avec le pays avant de la suspendre temporairement pour tous\u2026 sauf pour la Chine.<\/p>\n<p><img decoding=\"async\" alt=\"Melania et Donald Trump accueillent le pr\u00e9sident chinois Xi Jinping et sa femme Peng Liyuan sur le p\u00e9ron de leur r\u00e9sident floridienne, Mar-a-Lago en novembre 2017. \" class=\"c-img\" loading=\"lazy\" fetchpriority=\"auto\" width=\"718\"  src=\"https:\/\/www.europesays.com\/fr\/wp-content\/uploads\/2025\/04\/1744383551_835_718x0.jpeg; charset=utf-8\" \/>Melania et Donald Trump accueillent le pr\u00e9sident chinois Xi Jinping et sa femme Peng Liyuan sur le p\u00e9ron de leur r\u00e9sident floridienne, Mar-a-Lago en novembre 2017. \u2002-\u00a0Credit:CHINE NOUVELLE\/SIPA\/1711171110<\/p>\n<p>Quid de la Russie\u00a0? Donald Trump a toujours affich\u00e9 une forme de bienveillance envers Vladimir Poutine. Lors de sa premi\u00e8re campagne pr\u00e9sidentielle, il promet un rapprochement avec Moscou, qu\u2019il pr\u00e9sente comme un partenaire possible contre le terrorisme. Mais une fois \u00e9lu, ses relations avec la Russie sont imm\u00e9diatement plomb\u00e9es par les accusations d\u2019ing\u00e9rence (qu\u2019il a toujours d\u00e9menties) dans la campagne de\u00a02016. Son administration ordonne m\u00eame des frappes a\u00e9riennes contre une base du r\u00e9gime syrien, alli\u00e9 de Moscou, en avril\u00a02017, apr\u00e8s l\u2019usage d\u2019armes chimiques. Depuis son retour au pouvoir, le pr\u00e9sident am\u00e9ricain a de nouveau surpris en appelant personnellement Vladimir Poutine \u00e0 la mi-f\u00e9vrier pour lui proposer une m\u00e9diation dans la guerre en Ukraine. Mais quelques semaines plus tard, le pr\u00e9sident am\u00e9ricain change de ton et se dit \u00ab\u00a0tr\u00e8s \u00e9nerv\u00e9\u00a0\u00bb contre son homologue <a href=\"https:\/\/www.20minutes.fr\/dossier\/russe\" class=\"color-ultramarine c-link\" target=\"_blank\" rel=\"noopener\">russe<\/a>, l\u2019accusant de bloquer toute perspective de cessez-le-feu.<\/p>\n<p>Une gestion chaotique des \u00e9quipes<\/p>\n<p>Les d\u00e9parts en cascade au sein de son premier gouvernement sont rest\u00e9s dans les m\u00e9moires. Tous \u00e9cart\u00e9s apr\u00e8s avoir exprim\u00e9 une opposition, ou simplement des r\u00e9serves. L\u2019un d\u2019entre eux d\u00e9crira plus tard dans son livre Donald Trump comme \u00ab\u00a0inapte \u00e0 diriger\u00a0\u00bb et guid\u00e9 uniquement par sa r\u00e9\u00e9lection.<\/p>\n<p><a href=\"https:\/\/www.20minutes.fr\/dossier\/donald_trump\" class=\"c-link c-btn c-btn--primary\" target=\"_blank\" rel=\"noopener\">Notre dossier sur Donald Trump<\/a><\/p>\n<p>Ces revirements, que ses d\u00e9tracteurs qualifient d\u2019opportunisme politique, sont pour ses partisans la preuve d\u2019un pr\u00e9sident \u00ab\u00a0libre\u00a0\u00bb, \u00ab\u00a0pragmatique\u00a0\u00bb et \u00ab\u00a0flexible\u00a0\u00bb. Une chose est s\u00fbre\u00a0: Trump cultive une impr\u00e9visibilit\u00e9 qui d\u00e9sar\u00e7onne autant qu\u2019elle mobilise.<\/p>\n","protected":false},"excerpt":{"rendered":"Donald Trump a op\u00e9r\u00e9 mercredi un revirement spectaculaire dans sa politique commerciale\u00a0: il a suspendu temporairement la plupart&hellip;\n","protected":false},"author":2,"featured_media":17558,"comment_status":"","ping_status":"","sticky":false,"template":"","format":"standard","meta":{"footnotes":""},"categories":[5],"tags":[7086,47,11,309,75,981,73,1011,27,14,7085,78,74,1916,12,132,2439,135,28,7084],"class_list":{"0":"post-17557","1":"post","2":"type-post","3":"status-publish","4":"format-standard","5":"has-post-thumbnail","7":"category-international","8":"tag-7086","9":"tag-actualite","10":"tag-actualites","11":"tag-chine","12":"tag-donald-trump","13":"tag-douane","14":"tag-etats-unis","15":"tag-fr","16":"tag-france","17":"tag-international","18":"tag-ivg","19":"tag-maison-blanche","20":"tag-monde","21":"tag-moscou","22":"tag-news","23":"tag-russie","24":"tag-tiktok","25":"tag-vladimir-poutine","26":"tag-world","27":"tag-xi-jinping"},"share_on_mastodon":{"url":"https:\/\/pubeurope.com\/@fr\/114319927984747541","error":""},"_links":{"self":[{"href":"https:\/\/www.europesays.com\/fr\/wp-json\/wp\/v2\/posts\/17557","targetHints":{"allow":["GET"]}}],"collection":[{"href":"https:\/\/www.europesays.com\/fr\/wp-json\/wp\/v2\/posts"}],"about":[{"href":"https:\/\/www.europesays.com\/fr\/wp-json\/wp\/v2\/types\/post"}],"author":[{"embeddable":true,"href":"https:\/\/www.europesays.com\/fr\/wp-json\/wp\/v2\/users\/2"}],"replies":[{"embeddable":true,"href":"https:\/\/www.europesays.com\/fr\/wp-json\/wp\/v2\/comments?post=17557"}],"version-history":[{"count":0,"href":"https:\/\/www.europesays.com\/fr\/wp-json\/wp\/v2\/posts\/17557\/revisions"}],"wp:featuredmedia":[{"embeddable":true,"href":"https:\/\/www.europesays.com\/fr\/wp-json\/wp\/v2\/media\/17558"}],"wp:attachment":[{"href":"https:\/\/www.europesays.com\/fr\/wp-json\/wp\/v2\/media?parent=17557"}],"wp:term":[{"taxonomy":"category","embeddable":true,"href":"https:\/\/www.europesays.com\/fr\/wp-json\/wp\/v2\/categories?post=17557"},{"taxonomy":"post_tag","embeddable":true,"href":"https:\/\/www.europesays.com\/fr\/wp-json\/wp\/v2\/tags?post=17557"}],"curies":[{"name":"wp","href":"https:\/\/api.w.org\/{rel}","templated":true}]}}