{"id":175574,"date":"2025-06-14T09:35:08","date_gmt":"2025-06-14T09:35:08","guid":{"rendered":"https:\/\/www.europesays.com\/fr\/175574\/"},"modified":"2025-06-14T09:35:08","modified_gmt":"2025-06-14T09:35:08","slug":"la-france-reagit-superbement-face-a-litalie","status":"publish","type":"post","link":"https:\/\/www.europesays.com\/fr\/175574\/","title":{"rendered":"la France r\u00e9agit superbement face \u00e0 l\u2019Italie"},"content":{"rendered":"<p>Apr\u00e8s leur d\u00e9faite initiale face \u00e0 l\u2019Argentine, les Bleus ont relev\u00e9 la t\u00eate en dominant les champions du monde italiens (3\/1).<\/p>\n<p class=\"fig-paragraph\">L&rsquo;\u00e9quipe de France double championne olympique s&rsquo;est impos\u00e9e contre les champions du monde italiens en quatre sets (25-18, 25-22, 19-25, 26-24) vendredi \u00e0 Qu\u00e9bec pour son deuxi\u00e8me match de Ligue des nations. Apr\u00e8s un revers contre l&rsquo;Argentine mercredi, les Bleus, pourtant priv\u00e9s de la plupart des champions olympiques de Paris, ont domin\u00e9 l&rsquo;Italie championne du monde en 2023.<\/p>\n<p class=\"fig-paragraph\">L&rsquo;\u00e9quipe de France a lanc\u00e9 sa comp\u00e9tition avec une \u00e9quipe rajeunie, pouvant compter sur deux champions olympiques seulement, Th\u00e9o Faure et Tr\u00e9vor Cl\u00e9venot, de nouveau meilleur marqueur des Bleus mercredi (13 points) avec Fran\u00e7ois Huetz (13). Les Bleus affronteront le Canada samedi puis l&rsquo;Allemagne dimanche, toujours \u00e0 Qu\u00e9bec.<\/p>\n<p class=\"fig-paragraph\">Un contingent de cadres (Antoine Brizard, Yacine Louati, Barth\u00e9l\u00e9my Chinenyeze, Jean Patry) sera ensuite incorpor\u00e9 en vue de la deuxi\u00e8me semaine, en Bulgarie (25-29 juin), puis un dernier (Earvin Ngapeth, Jenia Grebennikov, Benjamin Toniutti, Nicolas Le Goff) avant la derni\u00e8re en Pologne (16-20 juillet). Leur marathon estival doit les mener au mondial fin septembre aux Philippines pour disputer le Championnat du monde.<\/p>\n","protected":false},"excerpt":{"rendered":"Apr\u00e8s leur d\u00e9faite initiale face \u00e0 l\u2019Argentine, les Bleus ont relev\u00e9 la t\u00eate en dominant les champions du&hellip;\n","protected":false},"author":2,"featured_media":175575,"comment_status":"","ping_status":"","sticky":false,"template":"","format":"standard","meta":{"footnotes":""},"categories":[1417],"tags":[2466,2465,2464,1977,1981,451,207,2468,63,1454,1011,27,66,447,2467,1457,2182,1980,479,2259,60,1467,1470,1469],"class_list":{"0":"post-175574","1":"post","2":"type-post","3":"status-publish","4":"format-standard","5":"has-post-thumbnail","7":"category-volley","8":"tag-2466","9":"tag-actu-sport","10":"tag-actualite-sportive","11":"tag-auto","12":"tag-classement","13":"tag-coupe-du-monde","14":"tag-cyclisme","15":"tag-euro-foot","16":"tag-football","17":"tag-formule-1","18":"tag-fr","19":"tag-france","20":"tag-ligue-1","21":"tag-ligue-des-champions","22":"tag-live-sport","23":"tag-moto","24":"tag-nba","25":"tag-resultats","26":"tag-rugby","27":"tag-score","28":"tag-sports","29":"tag-tennis","30":"tag-volley","31":"tag-volleyball"},"share_on_mastodon":{"url":"https:\/\/pubeurope.com\/@fr\/114681041585740866","error":""},"_links":{"self":[{"href":"https:\/\/www.europesays.com\/fr\/wp-json\/wp\/v2\/posts\/175574","targetHints":{"allow":["GET"]}}],"collection":[{"href":"https:\/\/www.europesays.com\/fr\/wp-json\/wp\/v2\/posts"}],"about":[{"href":"https:\/\/www.europesays.com\/fr\/wp-json\/wp\/v2\/types\/post"}],"author":[{"embeddable":true,"href":"https:\/\/www.europesays.com\/fr\/wp-json\/wp\/v2\/users\/2"}],"replies":[{"embeddable":true,"href":"https:\/\/www.europesays.com\/fr\/wp-json\/wp\/v2\/comments?post=175574"}],"version-history":[{"count":0,"href":"https:\/\/www.europesays.com\/fr\/wp-json\/wp\/v2\/posts\/175574\/revisions"}],"wp:featuredmedia":[{"embeddable":true,"href":"https:\/\/www.europesays.com\/fr\/wp-json\/wp\/v2\/media\/175575"}],"wp:attachment":[{"href":"https:\/\/www.europesays.com\/fr\/wp-json\/wp\/v2\/media?parent=175574"}],"wp:term":[{"taxonomy":"category","embeddable":true,"href":"https:\/\/www.europesays.com\/fr\/wp-json\/wp\/v2\/categories?post=175574"},{"taxonomy":"post_tag","embeddable":true,"href":"https:\/\/www.europesays.com\/fr\/wp-json\/wp\/v2\/tags?post=175574"}],"curies":[{"name":"wp","href":"https:\/\/api.w.org\/{rel}","templated":true}]}}