{"id":175580,"date":"2025-06-14T09:39:09","date_gmt":"2025-06-14T09:39:09","guid":{"rendered":"https:\/\/www.europesays.com\/fr\/175580\/"},"modified":"2025-06-14T09:39:09","modified_gmt":"2025-06-14T09:39:09","slug":"motogp-rejouissante-nouvelle-pour-quartararo-le-v4-yamaha-a-roule-barcelone-en-test","status":"publish","type":"post","link":"https:\/\/www.europesays.com\/fr\/175580\/","title":{"rendered":"MotoGP R\u00e9jouissante nouvelle pour Quartararo, le V4 Yamaha a roul\u00e9 Barcelone, en test !"},"content":{"rendered":"<p>Cette semaine, apr\u00e8s le test d\u2019Aragon, Yamaha a repris le travail sur son nouveau V4, qui pourrait appara\u00eetre cette saison en MotoGP, via un pilote Wildcard. Et bien c\u2019est \u00e0 Barcelone que les pilotes d\u2019essais ont roul\u00e9 avec la nouveaut\u00e9 en question, ces derniers jours. En effet, il avait deux journ\u00e9es consacr\u00e9es \u00e0 cette t\u00e2che, confi\u00e9e \u00e0 Andr\u00e9a Dovizioso et Augusto Fernandez. Mais \u00e9videmment, pour l\u2019heure, aucun commentaire n\u2019a filtr\u00e9, de la part des pilotes concern\u00e9s ou encore, de la Direction. A suivre, donc et avec beaucoup d\u2019attention\u2026<\/p>\n<blockquote class=\"twitter-tweet\">\n<p dir=\"ltr\" lang=\"zxx\"><a href=\"https:\/\/t.co\/I27epl9G3U\" target=\"_blank\">pic.twitter.com\/I27epl9G3U<\/a><\/p>\n<p>\u2014 Monster Energy Yamaha MotoGP (@YamahaMotoGP) <a href=\"https:\/\/twitter.com\/YamahaMotoGP\/status\/1932687074869588140?ref_src=twsrc%5Etfw\" target=\"_blank\" rel=\"noopener\">June 11, 2025<\/a><\/p>\n<\/blockquote>\n<p>Article publi\u00e9 le 14\/06\/2025 \u00e0 7h34<\/p>\n<p>                                            <img loading=\"lazy\" alt=\"\" class=\"avatar avatar-100 photo lazyload\" height=\"100\" width=\"100\" decoding=\"async\" src=\"https:\/\/www.europesays.com\/fr\/wp-content\/uploads\/2025\/06\/1749893949_787_ffbb894c35ea5189d599d4ea062c98b86ffb67cc602fa683ebcbf422a80fc47a\"  data-eio-rwidth=\"100\" data-eio-rheight=\"100\"\/><\/p>\n<p class=\"h2\">\n                                            Julien Barthet\n                                        <\/p>\n<p>R\u00e9dacteur professionnel, titulaire de la carte de presse pendant 3 ans. Fondateur\/Directeur et R\u00e9dacteur en chef Le Mag Sport Auto et LeMagJeuxHighTech.com.&#13;<br \/>\nEx-Pilote automobile : 55 courses (Formule Ford, F.Campus, Coupe 206 Sprint et Relais, Saxo, Ford Fiesta Allemagne, Mitjet) 1 Victoire. Essais F3, Nascar Euro, Caterham, F.Renault, etc.<\/p>\n<p>                                                                                                                            <a href=\"https:\/\/lemagsportauto.ouest-france.fr\/author\/lmsa_adm\/\" title=\"Julien Barthet\" target=\"_blank\" rel=\"noopener\"><br \/>\n                                                Voir les publications de l&rsquo;auteur<br \/>\n                                            <\/a><\/p>\n<p>                                <script async src=\"https:\/\/platform.twitter.com\/widgets.js\" charset=\"utf-8\"><\/script><\/p>\n","protected":false},"excerpt":{"rendered":"Cette semaine, apr\u00e8s le test d\u2019Aragon, Yamaha a repris le travail sur son nouveau V4, qui pourrait appara\u00eetre&hellip;\n","protected":false},"author":2,"featured_media":175581,"comment_status":"","ping_status":"","sticky":false,"template":"","format":"standard","meta":{"footnotes":""},"categories":[1413],"tags":[1680,1011,27,1457,1456,1458,60],"class_list":{"0":"post-175580","1":"post","2":"type-post","3":"status-publish","4":"format-standard","5":"has-post-thumbnail","7":"category-moto","8":"tag-fabio-quartararo","9":"tag-fr","10":"tag-france","11":"tag-moto","12":"tag-motocycle","13":"tag-motogp","14":"tag-sports"},"share_on_mastodon":{"url":"https:\/\/pubeurope.com\/@fr\/114681057419968521","error":""},"_links":{"self":[{"href":"https:\/\/www.europesays.com\/fr\/wp-json\/wp\/v2\/posts\/175580","targetHints":{"allow":["GET"]}}],"collection":[{"href":"https:\/\/www.europesays.com\/fr\/wp-json\/wp\/v2\/posts"}],"about":[{"href":"https:\/\/www.europesays.com\/fr\/wp-json\/wp\/v2\/types\/post"}],"author":[{"embeddable":true,"href":"https:\/\/www.europesays.com\/fr\/wp-json\/wp\/v2\/users\/2"}],"replies":[{"embeddable":true,"href":"https:\/\/www.europesays.com\/fr\/wp-json\/wp\/v2\/comments?post=175580"}],"version-history":[{"count":0,"href":"https:\/\/www.europesays.com\/fr\/wp-json\/wp\/v2\/posts\/175580\/revisions"}],"wp:featuredmedia":[{"embeddable":true,"href":"https:\/\/www.europesays.com\/fr\/wp-json\/wp\/v2\/media\/175581"}],"wp:attachment":[{"href":"https:\/\/www.europesays.com\/fr\/wp-json\/wp\/v2\/media?parent=175580"}],"wp:term":[{"taxonomy":"category","embeddable":true,"href":"https:\/\/www.europesays.com\/fr\/wp-json\/wp\/v2\/categories?post=175580"},{"taxonomy":"post_tag","embeddable":true,"href":"https:\/\/www.europesays.com\/fr\/wp-json\/wp\/v2\/tags?post=175580"}],"curies":[{"name":"wp","href":"https:\/\/api.w.org\/{rel}","templated":true}]}}