{"id":175582,"date":"2025-06-14T09:40:09","date_gmt":"2025-06-14T09:40:09","guid":{"rendered":"https:\/\/www.europesays.com\/fr\/175582\/"},"modified":"2025-06-14T09:40:09","modified_gmt":"2025-06-14T09:40:09","slug":"formule-1-alpine-espere-briller-a-montreal","status":"publish","type":"post","link":"https:\/\/www.europesays.com\/fr\/175582\/","title":{"rendered":"Formule 1 : Alpine esp\u00e8re briller \u00e0 Montr\u00e9al"},"content":{"rendered":"<p>            Par<br \/>\n        <strong><br \/>\n            <a href=\"https:\/\/actu.fr\/auteur\/philippe-beaufils\" title=\"Consulter tous les articles de Philippe Beaufils\" target=\"_blank\" rel=\"noopener\">Philippe Beaufils<\/a><br \/>\n        <\/strong><\/p>\n<p>        Publi\u00e9 le<\/p>\n<p>            14 juin 2025 \u00e0 11h21        <\/p>\n<p>Que ce soit <b>Flavio Briatore<\/b>, le conseiller ex\u00e9cutif, ou Pierre Gasly et m\u00eame Franco Colapinto, les pilotes, tout le monde dans le clan Alpine \u00e0 h\u00e2te de se retrouver \u00e0 Montr\u00e9al ce week-end.<\/p>\n<p class=\" wall-content\">En effet, la dixi\u00e8me manche de la saison de Formule 1 a <b>le Grand prix du Canada <\/b>\u00e0 son programme et la marque de <a href=\"https:\/\/actu.fr\/les-informations-dieppoises\/\" target=\"_blank\" rel=\"noopener\">Dieppe<\/a> aborde ce rendez-vous avec une bonne dose d\u2019optimisme. Notamment car cette \u00e9preuve a d\u00e9j\u00e0 r\u00e9ussi \u00e0 Alpine par le pass\u00e9 et en particulier l\u2019ann\u00e9e derni\u00e8re. Mais aussi car <b>Pierre Gasly a marqu\u00e9 quatre points \u00e0 Barcelone<\/b> il y a deux semaines.<\/p>\n<p class=\" wall-content\">Apr\u00e8s avoir fait escale durant trois courses en Europe et avant d\u2019y retourner pour plus longtemps (Autriche, Grande-Bretagne, Belgique, Hongrie\u2026), le grand chapiteau de la Formule 1 fait donc escale \u00e0 Montr\u00e9al. Au Canada, direction<b> le circuit Gilles Villeneuve <\/b>du nom du pilote qui y avait obtenu sa premi\u00e8re victoire en 1978 et qui est le cinqui\u00e8me circuit le plus utilis\u00e9 de l\u2019histoire de la Formule 1.<\/p>\n<p class=\" wall-content\">Ce week-end, c\u2019est donc le 10e des 24 rendez-vous de la saison de Formule 1 apr\u00e8s les neuf premiers v\u00e9cus en douze semaines. Jusqu\u2019alors, <b>MacLaren r\u00e8gne sans partage<\/b> gr\u00e2ce aux performances d\u2019<b>Oscar Piastri qui a d\u00e9j\u00e0 gagn\u00e9 \u00e0 cinq reprises<\/b> et de Lando Norris alors que Max Verstappen tente de suivre au mieux avec deux succ\u00e8s \u00e0 son actif, mais un comportement parfois \u00e9tonnant pour le double champion du monde en titre.<\/p>\n<p class=\" wall-content\">Alors si les MacLaren ont encore les faveurs des pronostics pour ce week-end, il ne faut surtout pas oublier le pilote hollandais vainqueur des trois derni\u00e8res \u00e9ditions du Grand prix \u00e0 Montr\u00e9al. L\u2019an pass\u00e9, Verstappen avait devanc\u00e9 Lando Norris et George Russel.<\/p>\n<p>Vid\u00e9os : en ce moment sur ActuDouble entr\u00e9e dans les points l\u2019an pass\u00e9<\/p>\n<p class=\" wall-content\">Aussi, cette course rappelle des bons souvenirs \u00e0 Alpine. Alors que l\u2019on peut rappeler que Jack Doohan avait remplac\u00e9 Esteban Ocon lors des essais libres, par la suite, les deux pilotes de la marque au A fl\u00e9ch\u00e9 \u00e9taient rentr\u00e9s dans les points pour la premi\u00e8re fois de la saison. Ainsi, <b>Pierre Gasly, seulement 15e sur la grille de d\u00e9part, avait termin\u00e9 neuvi\u00e8me<\/b> juste devant Esteban Ocon qui s\u2019\u00e9tait \u00e9lanc\u00e9 de la 18e place.<\/p>\n<p class=\" wall-content\">Quelques mois ont pass\u00e9, Ocon n\u2019est plus l\u00e0, Doohan non plus, mais cela n\u2019emp\u00eache pas Alpine d\u2019aborder le prochain rendez-vous avec une bonne dose de s\u00e9r\u00e9nit\u00e9 et m\u00eame de l\u00e9ger optimisme.<\/p>\n<p class=\" wall-content\">Gr\u00e2ce donc aux quatre points d\u00e9croch\u00e9s par Pierre Gasly \u00e0 Barcelone lors du dernier Grand prix o\u00f9 m\u00eame Franco Colapinto a fait preuve d\u2019opini\u00e2tret\u00e9, mais n\u2019a pas \u00e9t\u00e9 r\u00e9compens\u00e9 en finissant une nouvelle fois en dehors des points, comme depuis ses d\u00e9buts sous les couleurs d\u2019Alpine.<\/p>\n<p class=\" wall-content\">Alors depuis le rendez-vous espagnol, les pilotes se sont remis au travail avec intensit\u00e9, notamment, pour tenter d\u2019en finir avec les probl\u00e8mes d\u2019irr\u00e9gularit\u00e9 de la monoplace depuis le d\u00e9but de la saison.<\/p>\n<p class=\" wall-content\">Alpine tra\u00eene toujours \u00e0 la <b>derni\u00e8re place du classement des constructeurs<\/b>, mais esp\u00e8re bien vivre des jours meilleurs et cela pourrait commencer par une bonne performance \u00e0 Montr\u00e9al et m\u00eame pourquoi pas une double entr\u00e9e dans les points, ce qui pourrait \u00eatre consid\u00e9r\u00e9 comme un exploit, mais qui semble envisageable \u00e0 entendre les d\u00e9clarations des deux pilotes cette semaine m\u00eame s\u2019ils avouent aussi que la m\u00e9t\u00e9o peut jouer un r\u00f4le consid\u00e9rable ce week-end.<\/p>\n<p>Grand prix du Canada. Qualifications samedi entre 22 et 23 h. Course dimanche \u00e0 20 h, retransmise sur Canal +.<\/p>\n<p class=\" wall-content\">Suivez toute l\u2019actualit\u00e9 de vos villes et m\u00e9dias favoris en vous inscrivant \u00e0 <a href=\"https:\/\/moncompte.actu.fr\" title=\"D\u00e9couvez Mon Actu\" rel=\"nofollow noopener\" data-trk=\"{&quot;cta&quot;:{&quot;action&quot;:&quot;https:\\\/\\\/moncompte.actu.fr&quot;,&quot;category&quot;:&quot;mon compte&quot;,&quot;from&quot;:&quot;article footer&quot;,&quot;name&quot;:&quot;Mon actu&quot;,&quot;type&quot;:&quot;cta&quot;}}\" target=\"_blank\">Mon Actu<\/a>.<\/p>\n","protected":false},"excerpt":{"rendered":"Par Philippe Beaufils Publi\u00e9 le 14 juin 2025 \u00e0 11h21 Que ce soit Flavio Briatore, le conseiller ex\u00e9cutif,&hellip;\n","protected":false},"author":2,"featured_media":175583,"comment_status":"","ping_status":"","sticky":false,"template":"","format":"standard","meta":{"footnotes":""},"categories":[1412],"tags":[2674,646,1451,1452,1453,1454,1455,1011,27,60,10200],"class_list":{"0":"post-175582","1":"post","2":"type-post","3":"status-publish","4":"format-standard","5":"has-post-thumbnail","7":"category-f1","8":"tag-alpine","9":"tag-automobile","10":"tag-f1","11":"tag-formula-1","12":"tag-formula1","13":"tag-formule-1","14":"tag-formule1","15":"tag-fr","16":"tag-france","17":"tag-sports","18":"tag-sports-mecaniques"},"share_on_mastodon":{"url":"https:\/\/pubeurope.com\/@fr\/114681061245100501","error":""},"_links":{"self":[{"href":"https:\/\/www.europesays.com\/fr\/wp-json\/wp\/v2\/posts\/175582","targetHints":{"allow":["GET"]}}],"collection":[{"href":"https:\/\/www.europesays.com\/fr\/wp-json\/wp\/v2\/posts"}],"about":[{"href":"https:\/\/www.europesays.com\/fr\/wp-json\/wp\/v2\/types\/post"}],"author":[{"embeddable":true,"href":"https:\/\/www.europesays.com\/fr\/wp-json\/wp\/v2\/users\/2"}],"replies":[{"embeddable":true,"href":"https:\/\/www.europesays.com\/fr\/wp-json\/wp\/v2\/comments?post=175582"}],"version-history":[{"count":0,"href":"https:\/\/www.europesays.com\/fr\/wp-json\/wp\/v2\/posts\/175582\/revisions"}],"wp:featuredmedia":[{"embeddable":true,"href":"https:\/\/www.europesays.com\/fr\/wp-json\/wp\/v2\/media\/175583"}],"wp:attachment":[{"href":"https:\/\/www.europesays.com\/fr\/wp-json\/wp\/v2\/media?parent=175582"}],"wp:term":[{"taxonomy":"category","embeddable":true,"href":"https:\/\/www.europesays.com\/fr\/wp-json\/wp\/v2\/categories?post=175582"},{"taxonomy":"post_tag","embeddable":true,"href":"https:\/\/www.europesays.com\/fr\/wp-json\/wp\/v2\/tags?post=175582"}],"curies":[{"name":"wp","href":"https:\/\/api.w.org\/{rel}","templated":true}]}}