{"id":175588,"date":"2025-06-14T09:43:13","date_gmt":"2025-06-14T09:43:13","guid":{"rendered":"https:\/\/www.europesays.com\/fr\/175588\/"},"modified":"2025-06-14T09:43:13","modified_gmt":"2025-06-14T09:43:13","slug":"tatiana-silva-de-retour-a-lantenne-de-tf1-apres-son-conge-maternite","status":"publish","type":"post","link":"https:\/\/www.europesays.com\/fr\/175588\/","title":{"rendered":"Tatiana Silva de retour \u00e0 l\u2019antenne de TF1 apr\u00e8s son cong\u00e9 maternit\u00e9"},"content":{"rendered":"<p>La pr\u00e9sentatrice de la m\u00e9t\u00e9o de la Une a repris le chemin du travail ce vendredi 13 juin apr\u00e8s six mois d\u2019absence. C\u2019est le c\u0153ur lourd de quitter son fils mais heureuse de retrouver les t\u00e9l\u00e9spectateurs qu\u2019elle a partag\u00e9 le bulletin m\u00e9t\u00e9o du jour.<\/p>\n<p class=\"fig-paragraph\">Toutes les bonnes choses ont une fin. Alors qu\u2019une large partie des Fran\u00e7ais se pr\u00e9parent \u00e0 partir en vacances,\u00a0<a href=\"https:\/\/www.lefigaro.fr\/tag\/tatiana-silva\" target=\"_blank\" rel=\"noopener\" data-gtm-custom-categorie=\"navigation\" data-gtm-custom-action=\"crossclick\" data-gtm-custom-label=\"Contextuel\" data-gtm-event=\"customEventSPE\"><strong>Tatiana Silva<\/strong><\/a> \u00a0a quant \u00e0 elle fait sa rentr\u00e9e. En effet, apr\u00e8s six mois, la pr\u00e9sentatrice de la m\u00e9t\u00e9o de TF1 a repris le chemin du travail ce vendredi 13 juin.<\/p>\n<p class=\"fig-paragraph\">La jeune maman avait quitt\u00e9 l\u2019antenne de la Une d\u00e8s le vendredi 3 janvier en affirmant qu\u2019il \u00e9tait \u00abtemps de prendre soin de nous\u00bb en faisant r\u00e9f\u00e9rence \u00e0 elle et son enfant \u00e0 na\u00eetre. Et si la jeune femme a donn\u00e9 naissance \u00e0 un petit gar\u00e7on pr\u00e9nomm\u00e9 June le 26 janvier dernier, elle n\u2019avait pas encore fait son retour sur TF1.<\/p>\n<p class=\"fig-body-link\">\n            \u00c0 lire aussi<br \/>\n        <a class=\"fig-body-link__link\" href=\"http:\/\/tvmag.lefigaro.fr\/programme-tv\/people\/la-premiere-chose-pour-avoir-un-enfant-c-est-de-trouver-la-personne-tatiana-silva-parle-du-pere-de-son-bebe-20250521\" target=\"_blank\" data-fig-type=\"Article\" rel=\"noopener\" data-gtm-custom-categorie=\"navigation\" data-gtm-custom-action=\"crossclick\" data-gtm-custom-label=\"Contextuel\" data-gtm-event=\"customEventSPE\" data-fig-domain=\"TVMAG\">\u00abLa premi\u00e8re chose pour avoir un enfant, c\u2019est de trouver la personne\u00bb\u00a0: Tatiana Silva parle du p\u00e8re de son b\u00e9b\u00e9<br \/>\n    <\/a>\n<\/p>\n<p class=\"fig-paragraph\">\u00abRavie de vous retrouver\u00bb, a-t-elle sobrement annonc\u00e9 Tatiana Silva ce vendredi avant de d\u00e9clarer se charger des bulletins m\u00e9t\u00e9o du d\u00e9but de soir\u00e9e \u00e9galement. Pourtant, la pr\u00e9sentatrice m\u00e9t\u00e9o a r\u00e9cemment partag\u00e9 que sa reprise du travail serait en demi-teinte. \u00abJ\u2019arrive \u00e0 nouveau \u00e0 l\u2019antenne et j\u2019ai envie de vous revoir. Mais il y a une ambivalence en moi\u00a0: j\u2019ai envie de reprendre mon boulot car c\u2019est une partie de ma vie d\u2019avant que j\u2019aime et je ch\u00e9ris ; puis d\u2019un autre c\u00f4t\u00e9, \u00e7a fait mal au c\u0153ur de devoir laisser son petit bout\u00bb, avait partag\u00e9 la jeune maman.<\/p>\n<p class=\"fig-paragraph\">Depuis, son sentiment s\u2019est quelque peu affin\u00e9. Elle a partag\u00e9 cet \u00e9tat d\u2019esprit, sous forme de message \u00e0 son fils, dans une publication sur Instagram post\u00e9e ce jeudi. \u00abNous ne faisions qu\u2019un il y a encore quelques mois. Pourtant il existe un monde entre toi et moi. Viendra un temps, pas \u00e0 pas, tu le d\u00e9couvriras. Chaque petite s\u00e9paration ne fera que te pr\u00e9parer \u00e0 ton envol. Celui o\u00f9 tu voleras de tes propres ailes un jour. Demain nous poserons ensemble ce premier pas&#8230; Et sache que je serai toujours pr\u00e8s de toi\u00bb, a-t-elle \u00e9crit sur le r\u00e9seau social, accompagnant ce texte d\u2019un clich\u00e9 de deux mains &#8211; celle de son enfant et la sienne &#8211; tenant une balle en tissu color\u00e9.<\/p>\n","protected":false},"excerpt":{"rendered":"La pr\u00e9sentatrice de la m\u00e9t\u00e9o de la Une a repris le chemin du travail ce vendredi 13 juin&hellip;\n","protected":false},"author":2,"featured_media":175589,"comment_status":"","ping_status":"","sticky":false,"template":"","format":"standard","meta":{"footnotes":""},"categories":[1359],"tags":[497,496,499,58,59,1011,27,15761,500,2487,504,505,495,973,503,502,501,31096,498],"class_list":{"0":"post-175588","1":"post","2":"type-post","3":"status-publish","4":"format-standard","5":"has-post-thumbnail","7":"category-people","8":"tag-actu-tv","9":"tag-actualite-tv","10":"tag-buzz-tv","11":"tag-divertissement","12":"tag-entertainment","13":"tag-fr","14":"tag-france","15":"tag-maternite","16":"tag-medias","17":"tag-meteo","18":"tag-news-tele","19":"tag-news-television","20":"tag-news-tv","21":"tag-people","22":"tag-programme-tele","23":"tag-programme-tv","24":"tag-quiz-tv","25":"tag-tatiana-silva","26":"tag-tv-actu"},"share_on_mastodon":{"url":"https:\/\/pubeurope.com\/@fr\/114681073115606811","error":""},"_links":{"self":[{"href":"https:\/\/www.europesays.com\/fr\/wp-json\/wp\/v2\/posts\/175588","targetHints":{"allow":["GET"]}}],"collection":[{"href":"https:\/\/www.europesays.com\/fr\/wp-json\/wp\/v2\/posts"}],"about":[{"href":"https:\/\/www.europesays.com\/fr\/wp-json\/wp\/v2\/types\/post"}],"author":[{"embeddable":true,"href":"https:\/\/www.europesays.com\/fr\/wp-json\/wp\/v2\/users\/2"}],"replies":[{"embeddable":true,"href":"https:\/\/www.europesays.com\/fr\/wp-json\/wp\/v2\/comments?post=175588"}],"version-history":[{"count":0,"href":"https:\/\/www.europesays.com\/fr\/wp-json\/wp\/v2\/posts\/175588\/revisions"}],"wp:featuredmedia":[{"embeddable":true,"href":"https:\/\/www.europesays.com\/fr\/wp-json\/wp\/v2\/media\/175589"}],"wp:attachment":[{"href":"https:\/\/www.europesays.com\/fr\/wp-json\/wp\/v2\/media?parent=175588"}],"wp:term":[{"taxonomy":"category","embeddable":true,"href":"https:\/\/www.europesays.com\/fr\/wp-json\/wp\/v2\/categories?post=175588"},{"taxonomy":"post_tag","embeddable":true,"href":"https:\/\/www.europesays.com\/fr\/wp-json\/wp\/v2\/tags?post=175588"}],"curies":[{"name":"wp","href":"https:\/\/api.w.org\/{rel}","templated":true}]}}