{"id":17559,"date":"2025-04-11T15:00:11","date_gmt":"2025-04-11T15:00:11","guid":{"rendered":"https:\/\/www.europesays.com\/fr\/17559\/"},"modified":"2025-04-11T15:00:11","modified_gmt":"2025-04-11T15:00:11","slug":"vente-dalcool-aux-mineurs-faux-taxi-de-nouvelles-amendes-forfaitaires-vont-pleuvoir","status":"publish","type":"post","link":"https:\/\/www.europesays.com\/fr\/17559\/","title":{"rendered":"Vente d\u2019alcool aux mineurs, faux taxi\u2026 De nouvelles amendes forfaitaires vont pleuvoir"},"content":{"rendered":"<p>Les fumeurs de cannabis en connaissent d\u00e9j\u00e0 bien <a href=\"https:\/\/www.20minutes.fr\/societe\/2911287-20201118-cannabis-plus-20000-amendes-forfaitaires-dressees-contre-consommateurs-drogue\" class=\"color-ultramarine c-link\" target=\"_blank\" rel=\"noopener\">l\u2019odeur de prune<\/a>. S\u2019ils se font griller avec un joint en pleine rue, ils s\u2019exposent \u00e0 une amende de 200 euros avec la possibilit\u00e9 <a href=\"https:\/\/www.20minutes.fr\/societe\/4042862-20230625-stupefiants-amendes-consommation-drogue-payables-immediatement-liquide-carte-bancaire\" class=\"color-ultramarine c-link\" target=\"_blank\" rel=\"noopener\">de la payer imm\u00e9diatement par carte bancaire ou en liquide<\/a>. L\u2019infraction reste bien s\u00fbr un d\u00e9lit inscrit au casier judiciaire mais cette proc\u00e9dure simplifi\u00e9e d\u2019amende forfaitaire, d\u00e9ploy\u00e9e \u00e0 partir de\u00a02016 pour certains d\u00e9lits routiers, permet ainsi d\u2019\u00e9viter un passage par la case <a href=\"https:\/\/www.20minutes.fr\/justice\/\" class=\"color-ultramarine c-link\" target=\"_blank\" rel=\"noopener\">justice<\/a>.<\/p>\n<p>Pr\u00e9sent\u00e9 par le gouvernement comme un moyen de \u00ab\u00a0d\u00e9sengorger les tribunaux\u00a0\u00bb et de \u00ab\u00a0rendre les sanctions p\u00e9nales plus effectives\u00a0\u00bb, le dispositif s\u2019est depuis \u00e9largi \u00e0 d\u2019autres d\u00e9lits mineurs comme l\u2019occupation illicite d\u2019un terrain, le vol \u00e0 l\u2019\u00e9talage ou le craquage d\u2019un fumig\u00e8ne dans un stade de foot. Depuis lundi, quatre nouvelles infractions sont d\u00e9sormais passibles d\u2019une amende forfaitaire\u00a0: la vente \u00e0 la sauvette aggrav\u00e9e et l\u2019exercice ill\u00e9gal du m\u00e9tier de taxi (500 euros d\u2019amende) ainsi que la vente d\u2019alcool \u00e0 des mineurs et <a href=\"https:\/\/www.20minutes.fr\/societe\/4059691-20231026-sexisme-outrages-sexistes-continue-augmenter-2022\" class=\"color-ultramarine c-link\" target=\"_blank\" rel=\"noopener\">l\u2019outrage sexiste<\/a> aggrav\u00e9 (300 euros d\u2019amende).<\/p>\n<p>Taper directement au portefeuille<\/p>\n<p>D\u2019abord lanc\u00e9e dans onze grandes villes, parmi lesquelles Lyon, Marseille, Lille, Nice ou Rennes, l\u2019exp\u00e9rimentation sera \u00e9tendue \u00e0 Paris le 22\u00a0avril et pourrait \u00eatre \u00e0 terme d\u00e9ploy\u00e9e sur tout le territoire. Une bonne nouvelle pour <a href=\"https:\/\/www.20minutes.fr\/dossier\/christian_estrosi\" class=\"color-ultramarine c-link\" target=\"_blank\" rel=\"noopener\">le maire de Nice Christian Estrosi<\/a> qui se r\u00e9jouit sur X que sa ville ait \u00e9t\u00e9 retenue. \u00ab\u00a0Nous devons nous battre r\u00e9guli\u00e8rement contre ces petites incivilit\u00e9s qui rel\u00e8vent d\u00e9sormais des quatre amendes forfaitaires d\u00e9lictuelles d\u00e9cid\u00e9es par le minist\u00e8re de l\u2019Int\u00e9rieur\u00a0\u00bb, \u00e9crit-il, saluant \u00ab\u00a0une mesure bienvenue qui, je l\u2019esp\u00e8re, sera dissuasive.\u00a0\u00bb<\/p>\n<p>Pour Lo\u00efc Walder, d\u00e9l\u00e9gu\u00e9 national du syndicat Unsa Police, taper directement au portefeuille est une bonne id\u00e9e. \u00ab\u00a0Cela permet d\u00e9j\u00e0 d\u2019\u00e9viter de longues proc\u00e9dures p\u00e9nales qui en plus n\u2019aboutissent pas toujours, estime-t-il. Et m\u00eame si le montant de l\u2019amende n\u2019est pas astronomique, je pense qu\u2019on s\u2019en souvient.\u00a0\u00bb Le syndicaliste voit dans cette proc\u00e9dure \u00ab\u00a0un outil de simplification qui permet de sanctionner imm\u00e9diatement pour ne pas encombrer les tribunaux.\u00a0\u00bb Il \u00e9met toutefois quelques r\u00e9serves. \u00ab\u00a0Il ne faut pas par contre que ce soit une obligation pour <a href=\"https:\/\/www.20minutes.fr\/dossier\/policier\" class=\"color-ultramarine c-link\" target=\"_blank\" rel=\"noopener\">les policiers<\/a> et que cela devienne un outil de statistiques pour faire du chiffre, pr\u00e9vient-il. On sera tr\u00e8s vigilant l\u00e0-dessus.\u00a0\u00bb<\/p>\n<p>Une amende qui ne va servir \u00e0 rien, selon les taxis<\/p>\n<p>Chez <a href=\"https:\/\/www.20minutes.fr\/dossier\/taxi\" class=\"color-ultramarine c-link\" target=\"_blank\" rel=\"noopener\">les taxis<\/a>, en guerre depuis plusieurs ann\u00e9es contre \u00ab\u00a0les clandestins\u00a0\u00bb, on se demande en revanche \u00e0 quoi tout cela va servir. \u00ab\u00a0C\u2019est un \u00e9ni\u00e8me gravillon au milieu du Pacifique et ce n\u2019est clairement pas \u00e7a qui va permettre de faire place nette\u00a0\u00bb, ironise Dominique Buisson, secr\u00e9taire de la F\u00e9d\u00e9ration nationale du taxi. Selon lui, la proc\u00e9dure sera difficilement applicable par les policiers \u00ab\u00a0qui ne pourront pas \u00eatre derri\u00e8re chaque VTC\u00a0\u00bb et \u00ab\u00a0devront \u00eatre \u00e9quip\u00e9s de terminaux pour pouvoir verbaliser, ce qui est loin d\u2019\u00eatre le cas\u00a0\u00bb.<\/p>\n<\/p>\n<p>Il trouve aussi le montant de l\u2019amende ridicule. \u00ab\u00a0Elle devrait \u00eatre beaucoup plus forte que \u00e7a avec la saisie directe aussi du v\u00e9hicule car c\u2019est une activit\u00e9 ill\u00e9gale\u00a0\u00bb, souligne-t-il, parlant m\u00eame \u00ab\u00a0d\u2019un syst\u00e8me mafieux\u00a0\u00bb mis en place <a href=\"https:\/\/www.20minutes.fr\/paris\/4045183-20230711-jo-paris-2024-entre-dopage-taxis-clandestins-parquet-creteil-prepare-aussi-jeux-aeroport-orly\" class=\"color-ultramarine c-link\" target=\"_blank\" rel=\"noopener\">par les taxis clandestins \u00e0 Paris et dans les a\u00e9roports franciliens<\/a>. \u00ab\u00a0Et face \u00e0 cela, les autorit\u00e9s ne font rien du tout ou alors font semblant de taper sans taper\u00a0\u00bb, d\u00e9plore-t-il.<\/p>\n<p>La D\u00e9fenseure des droits veut supprimer le dispositif<\/p>\n<p>En mai\u00a02023, Claire H\u00e9don, la D\u00e9fenseure des droits, <a href=\"https:\/\/www.20minutes.fr\/societe\/4039119-20230531-arbitraire-discriminatoire-limites-amende-forfaitaire-delictuelle-selon-defenseure-droits\" class=\"color-ultramarine c-link\" target=\"_blank\" rel=\"noopener\">avait critiqu\u00e9 ce mode de sanction p\u00e9nale alternatif aux poursuites judiciaires<\/a> et demand\u00e9 sa suppression pure et simple. Elle \u00e9voquait notamment \u00ab\u00a0de tr\u00e8s nombreuses difficult\u00e9s dans la mise en \u0153uvre de la proc\u00e9dure de l\u2019amende forfaitaire d\u00e9lictuelle qui compromettent le respect des droits des usagers\u00a0\u00bb.<\/p>\n<p>A commencer par \u00ab\u00a0le risque d\u2019arbitraire et de disparit\u00e9s de traitement contraire au principe d\u2019\u00e9galit\u00e9 devant la justice\u00a0\u00bb alors que le choix de recourir ou non \u00e0 cette sanction repose seulement sur l\u2019appr\u00e9ciation de l\u2019agent. Le gouvernement avait aussit\u00f4t r\u00e9pondu en soulignant que le dispositif avait \u00ab\u00a0d\u00e9montr\u00e9 son efficacit\u00e9 avec 840.000 amendes forfaitaires d\u00e9lictuelles d\u00e9livr\u00e9es depuis\u00a02018 dont 330.000 pour des stup\u00e9fiants depuis octobre\u00a02020\u00a0\u00bb.<\/p>\n","protected":false},"excerpt":{"rendered":"Les fumeurs de cannabis en connaissent d\u00e9j\u00e0 bien l\u2019odeur de prune. S\u2019ils se font griller avec un joint&hellip;\n","protected":false},"author":2,"featured_media":17560,"comment_status":"","ping_status":"","sticky":false,"template":"","format":"standard","meta":{"footnotes":""},"categories":[4],"tags":[11,7087,2430,885,1011,27,811,7089,303,2681,1307,2428,884,1014,7088,2208,12,1308,1309,2680,883,1072,882,25,2429,2431],"class_list":{"0":"post-17559","1":"post","2":"type-post","3":"status-publish","4":"format-standard","5":"has-post-thumbnail","7":"category-france","8":"tag-actualites","9":"tag-amende","10":"tag-auvergne-rhone-alpes","11":"tag-bouches-du-rhone","12":"tag-fr","13":"tag-france","14":"tag-hauts-de-france","15":"tag-herault","16":"tag-justice","17":"tag-languedoc-roussillon","18":"tag-lille","19":"tag-lyon","20":"tag-marseille","21":"tag-ministere-de-linterieur","22":"tag-ministre-de-linterieur","23":"tag-montpellier","24":"tag-news","25":"tag-nord","26":"tag-nord-pas-de-calais","27":"tag-occitanie","28":"tag-paca","29":"tag-police","30":"tag-provence-alpes-cote-dazur","31":"tag-republique-francaise","32":"tag-rhone","33":"tag-rhone-alpes"},"share_on_mastodon":{"url":"https:\/\/pubeurope.com\/@fr\/114319931736975307","error":""},"_links":{"self":[{"href":"https:\/\/www.europesays.com\/fr\/wp-json\/wp\/v2\/posts\/17559","targetHints":{"allow":["GET"]}}],"collection":[{"href":"https:\/\/www.europesays.com\/fr\/wp-json\/wp\/v2\/posts"}],"about":[{"href":"https:\/\/www.europesays.com\/fr\/wp-json\/wp\/v2\/types\/post"}],"author":[{"embeddable":true,"href":"https:\/\/www.europesays.com\/fr\/wp-json\/wp\/v2\/users\/2"}],"replies":[{"embeddable":true,"href":"https:\/\/www.europesays.com\/fr\/wp-json\/wp\/v2\/comments?post=17559"}],"version-history":[{"count":0,"href":"https:\/\/www.europesays.com\/fr\/wp-json\/wp\/v2\/posts\/17559\/revisions"}],"wp:featuredmedia":[{"embeddable":true,"href":"https:\/\/www.europesays.com\/fr\/wp-json\/wp\/v2\/media\/17560"}],"wp:attachment":[{"href":"https:\/\/www.europesays.com\/fr\/wp-json\/wp\/v2\/media?parent=17559"}],"wp:term":[{"taxonomy":"category","embeddable":true,"href":"https:\/\/www.europesays.com\/fr\/wp-json\/wp\/v2\/categories?post=17559"},{"taxonomy":"post_tag","embeddable":true,"href":"https:\/\/www.europesays.com\/fr\/wp-json\/wp\/v2\/tags?post=17559"}],"curies":[{"name":"wp","href":"https:\/\/api.w.org\/{rel}","templated":true}]}}