{"id":175592,"date":"2025-06-14T09:46:13","date_gmt":"2025-06-14T09:46:13","guid":{"rendered":"https:\/\/www.europesays.com\/fr\/175592\/"},"modified":"2025-06-14T09:46:13","modified_gmt":"2025-06-14T09:46:13","slug":"christophe-beaugrand-secret-story-enorme-moment-de-solitude-linterview-completement-ratee","status":"publish","type":"post","link":"https:\/\/www.europesays.com\/fr\/175592\/","title":{"rendered":"Christophe Beaugrand (Secret Story) : \u00e9norme moment de solitude, l\u2019interview compl\u00e8tement rat\u00e9e"},"content":{"rendered":"<p>Depuis ses d\u00e9buts, <strong>Christophe Beaugrand<\/strong> a certainement tout vu \u00e0 la t\u00e9l\u00e9 : que ce soit les clashs de Secret Story, les bugs en direct, les invit\u00e9s impr\u00e9visibles&#8230; Mais ce <strong>moment de solitude-l\u00e0<\/strong>, il ne s&rsquo;y attendait pas.<\/p>\n<p>Invit\u00e9 par la<strong> journaliste D\u00e9borah Grunwald<\/strong> sur les ondes d&rsquo;Ici, celle-ci devait retracer son parcours de vie, h\u00e9las, elle \u00e9tait <strong>compl\u00e8tement \u00e0 c\u00f4t\u00e9 de la plaque<\/strong>&#8230; et ce, d\u00e8s la premi\u00e8re question. Sur Instagram, elle a d\u00e9crit cette s\u00e9quence comme \u00ab\u00a0un bon gros malaise et une bonne crise de rires (ou de larmes)\u00a0\u00bb.<\/p>\n<p>Un plantage en s\u00e9rie et en direct pour l&rsquo;interview de Christophe Beaugrand<\/p>\n<p>D\u00e9borah Grunwald <strong>commence son interview avec assurance<\/strong> : \u00ab\u00a0Votre p\u00e8re est fonctionnaire, votre m\u00e8re secr\u00e9taire m\u00e9dicale\u00a0\u00bb. Et l\u00e0, coup de th\u00e9\u00e2tre, <strong>Christophe Beaugrand r\u00e9pond net<\/strong> avec une grande spontan\u00e9it\u00e9 enfantine : \u00ab\u00a0Ah pas du tout\u00a0\u00bb, suivi d\u2019un \u00e9clat de rire.<\/p>\n<p>L\u2019animatrice <strong>\u00e9carquille les yeux, bouche grande ouverte<\/strong> : \u00ab\u00a0C&rsquo;est vrai ?\u00a0\u00bb&#8230; \u00ab\u00a0mon papa \u00e9tait cadre commercial et ma maman femme au foyer, mais ce n&rsquo;est pas grave.\u00a0\u00bb, r\u00e9pond l&rsquo;animateur de <a href=\"https:\/\/www.public.fr\/secret-story-2025-voici-les-11-secrets-de-cette-nouvelle-saison\" target=\"_blank\" rel=\"noopener\">Secret Story<\/a>. Un peu d\u00e9boussol\u00e9e, elle tente de s\u2019en sortir avec humour : \u00ab\u00a0Allez ! Premier plantage. J\u2019esp\u00e8re qu\u2019il n\u2019y en aura pas d\u2019autres\u00a0\u00bb. H\u00e9las, elle n&rsquo;\u00e9tait pas au bout de ses peines. La suite de la fiche semble sortie tout droit d\u2019une <strong>biographie parall\u00e8le<\/strong> : \u00ab\u00a0\u00c0 l\u2019\u00e2ge de deux ans, vos parents divorcent, c\u2019est vrai ou pas ?\u00a0\u00bb. Christophe explose de rire : \u00ab\u00a0non mais c\u2019est une blague, mais non\u00a0\u00bb.<\/p>\n<p>Elle essaie encore, tant bien que mal, \u00ab\u00a0Donc vous avez \u00e9t\u00e9 \u00e9lev\u00e9 principalement par votre m\u00e8re ? Tout est faux ?\u00a0\u00bb. R\u00e9ponse de l\u2019invit\u00e9, hilare : \u00ab\u00a0Pas tout\u2026 le d\u00e9but \u00e9tait vrai\u00a0\u00bb. Il croyait \u00e0 une <strong>plaisanterie bien ficel\u00e9e<\/strong>, mais non, juste une <strong>mauvaise fiche<\/strong>. \u00c0 ce stade, la journaliste, honteuse, demande : <strong>\u00ab\u00a0\u00c7a se voit que je suis rouge, que j\u2019ai honte ou pas ?\u00a0\u00bb<\/strong><\/p>\n<p>Un moment g\u00eanant mais culte<\/p>\n<p>Malgr\u00e9 le malaise \u00e9vident de la journaliste, de son c\u00f4t\u00e9, Christophe Beaugrand reste d\u00e9tendu et compatissant.<strong> \u00ab\u00a0C\u2019est tr\u00e8s rigolo du coup\u00a0\u00bb<\/strong>, lance-t-il et ajoute : \u00ab\u00a0J\u2019ai v\u00e9cu une enfance tr\u00e8s heureuse\u00a0\u00bb. N&rsquo;en pouvant plus, la journaliste finit par <strong>exploser de rire<\/strong>, incapable de garder son s\u00e9rieux.<\/p>\n<p>D\u00e9borah Grunwald avait pr\u00e9cis\u00e9 en l\u00e9gende de la vid\u00e9o qu\u2019elle avait initialement retir\u00e9 la s\u00e9quence : \u00ab\u00a0J\u2019avais publi\u00e9 cette vid\u00e9o quelques heures avant d\u2019apprendre que Christophe Beaugrand et sa famille avaient \u00e9t\u00e9 <strong>victimes d\u2019un <a href=\"https:\/\/www.public.fr\/home-jacking-de-christophe-beaugrand-lanimateur-sen-prend-a-bfmtv\" target=\"_blank\" rel=\"noopener\">home-jacking<\/a><\/strong>\u00ab\u00a0. Une d\u00e9cision qu\u2019elle a reconsid\u00e9r\u00e9e, car <strong>Christophe Beaugrand a repris l\u2019antenne<\/strong> sur TF1 pour animer Secret Story, et que cette interview intergalactique reste quand m\u00eame un <strong>moment culte de radio<\/strong>.<\/p>\n<p>      Mentionn\u00e9s dans cet article<\/p>\n<p>\u00c0 lire aussi<\/p>\n","protected":false},"excerpt":{"rendered":"Depuis ses d\u00e9buts, Christophe Beaugrand a certainement tout vu \u00e0 la t\u00e9l\u00e9 : que ce soit les clashs&hellip;\n","protected":false},"author":2,"featured_media":175593,"comment_status":"","ping_status":"","sticky":false,"template":"","format":"standard","meta":{"footnotes":""},"categories":[1356],"tags":[5410,58,59,1011,27,252,1364],"class_list":{"0":"post-175592","1":"post","2":"type-post","3":"status-publish","4":"format-standard","5":"has-post-thumbnail","7":"category-television","8":"tag-christophe-beaugrand","9":"tag-divertissement","10":"tag-entertainment","11":"tag-fr","12":"tag-france","13":"tag-television","14":"tag-tv"},"share_on_mastodon":{"url":"https:\/\/pubeurope.com\/@fr\/114681084922098438","error":""},"_links":{"self":[{"href":"https:\/\/www.europesays.com\/fr\/wp-json\/wp\/v2\/posts\/175592","targetHints":{"allow":["GET"]}}],"collection":[{"href":"https:\/\/www.europesays.com\/fr\/wp-json\/wp\/v2\/posts"}],"about":[{"href":"https:\/\/www.europesays.com\/fr\/wp-json\/wp\/v2\/types\/post"}],"author":[{"embeddable":true,"href":"https:\/\/www.europesays.com\/fr\/wp-json\/wp\/v2\/users\/2"}],"replies":[{"embeddable":true,"href":"https:\/\/www.europesays.com\/fr\/wp-json\/wp\/v2\/comments?post=175592"}],"version-history":[{"count":0,"href":"https:\/\/www.europesays.com\/fr\/wp-json\/wp\/v2\/posts\/175592\/revisions"}],"wp:featuredmedia":[{"embeddable":true,"href":"https:\/\/www.europesays.com\/fr\/wp-json\/wp\/v2\/media\/175593"}],"wp:attachment":[{"href":"https:\/\/www.europesays.com\/fr\/wp-json\/wp\/v2\/media?parent=175592"}],"wp:term":[{"taxonomy":"category","embeddable":true,"href":"https:\/\/www.europesays.com\/fr\/wp-json\/wp\/v2\/categories?post=175592"},{"taxonomy":"post_tag","embeddable":true,"href":"https:\/\/www.europesays.com\/fr\/wp-json\/wp\/v2\/tags?post=175592"}],"curies":[{"name":"wp","href":"https:\/\/api.w.org\/{rel}","templated":true}]}}