{"id":175594,"date":"2025-06-14T09:47:11","date_gmt":"2025-06-14T09:47:11","guid":{"rendered":"https:\/\/www.europesays.com\/fr\/175594\/"},"modified":"2025-06-14T09:47:11","modified_gmt":"2025-06-14T09:47:11","slug":"angele-rejoint-dua-lipa-sur-la-scene-du-sportpaleis-danvers-pour-son-dernier-concert-en-belgique-videos","status":"publish","type":"post","link":"https:\/\/www.europesays.com\/fr\/175594\/","title":{"rendered":"Ang\u00e8le rejoint Dua Lipa sur la sc\u00e8ne du Sportpaleis d&rsquo;Anvers pour son dernier concert en Belgique (VID\u00c9OS)"},"content":{"rendered":"<p class=\"ap-StoryElement ap-StoryElement--mb ap-StoryText\">Dua Lipa \u00e9tait de passage chez nous et a pos\u00e9 ses valises durant trois jours au Sortpaleis d&rsquo;Anvers dans le cadre de sa tourn\u00e9e \u00ab\u00a0Radical Optimism\u00a0\u00bb.<\/p>\n<p class=\"ap-StoryElement ap-StoryElement--mb ap-StoryText\">La chanteuse britanno-albanaise a s\u00e9duit le public belge au fil de ses prestations, interpr\u00e9tant notamment mercredi <a href=\"https:\/\/www.parismatch.be\/culture\/musique\/2025\/06\/12\/dua-lipa-en-concert-a-anvers-voici-lartiste-belge-quelle-a-decide-de-mettre-a-lhonneur-PGWTJZFQJRD6NBO2NQWDXVPBSU\/\" target=\"_self\" rel=\"noopener\">\u00ab\u00a0Sensualit\u00e9\u00a0\u00bb d&rsquo;Axelle Red<\/a>, jeudi <a href=\"https:\/\/www.parismatch.be\/actualites\/people\/2025\/06\/13\/la-deuxieme-surprise-de-dua-lipa-a-ses-fans-belges-la-chanteuse-a-invite-pierre-de-maere-sur-la-scene-du-sportpaleis-danvers-videos-ZR5OH2Q52VAMDBRUJRELJTYRAU\/\" target=\"_self\" rel=\"noopener\">\u00ab\u00a0Un jour je marierai un ange\u00a0\u00bb de Pierre de Maere<\/a>, et ce soir \u00ab\u00a0Fever\u00a0\u00bb, son duo avec Ang\u00e8le, pr\u00e9sente \u00e0 ses c\u00f4t\u00e9s sur sc\u00e8ne.<\/p>\n","protected":false},"excerpt":{"rendered":"Dua Lipa \u00e9tait de passage chez nous et a pos\u00e9 ses valises durant trois jours au Sortpaleis d&rsquo;Anvers&hellip;\n","protected":false},"author":2,"featured_media":175595,"comment_status":"","ping_status":"","sticky":false,"template":"","format":"standard","meta":{"footnotes":""},"categories":[1355],"tags":[10751,1697,58,21687,59,31097,1011,27,1361,873],"class_list":{"0":"post-175594","1":"post","2":"type-post","3":"status-publish","4":"format-standard","5":"has-post-thumbnail","7":"category-musique","8":"tag-angele","9":"tag-concert","10":"tag-divertissement","11":"tag-dua-lipa","12":"tag-entertainment","13":"tag-fever","14":"tag-fr","15":"tag-france","16":"tag-music","17":"tag-musique"},"share_on_mastodon":{"url":"https:\/\/pubeurope.com\/@fr\/114681088837510642","error":""},"_links":{"self":[{"href":"https:\/\/www.europesays.com\/fr\/wp-json\/wp\/v2\/posts\/175594","targetHints":{"allow":["GET"]}}],"collection":[{"href":"https:\/\/www.europesays.com\/fr\/wp-json\/wp\/v2\/posts"}],"about":[{"href":"https:\/\/www.europesays.com\/fr\/wp-json\/wp\/v2\/types\/post"}],"author":[{"embeddable":true,"href":"https:\/\/www.europesays.com\/fr\/wp-json\/wp\/v2\/users\/2"}],"replies":[{"embeddable":true,"href":"https:\/\/www.europesays.com\/fr\/wp-json\/wp\/v2\/comments?post=175594"}],"version-history":[{"count":0,"href":"https:\/\/www.europesays.com\/fr\/wp-json\/wp\/v2\/posts\/175594\/revisions"}],"wp:featuredmedia":[{"embeddable":true,"href":"https:\/\/www.europesays.com\/fr\/wp-json\/wp\/v2\/media\/175595"}],"wp:attachment":[{"href":"https:\/\/www.europesays.com\/fr\/wp-json\/wp\/v2\/media?parent=175594"}],"wp:term":[{"taxonomy":"category","embeddable":true,"href":"https:\/\/www.europesays.com\/fr\/wp-json\/wp\/v2\/categories?post=175594"},{"taxonomy":"post_tag","embeddable":true,"href":"https:\/\/www.europesays.com\/fr\/wp-json\/wp\/v2\/tags?post=175594"}],"curies":[{"name":"wp","href":"https:\/\/api.w.org\/{rel}","templated":true}]}}