{"id":175598,"date":"2025-06-14T09:49:10","date_gmt":"2025-06-14T09:49:10","guid":{"rendered":"https:\/\/www.europesays.com\/fr\/175598\/"},"modified":"2025-06-14T09:49:10","modified_gmt":"2025-06-14T09:49:10","slug":"ce-cancer-autrefois-rare-avant-50-ans-grimpe-chez-les-femmes-les-symptomes-ressemblent-a-une-simple-indigestion","status":"publish","type":"post","link":"https:\/\/www.europesays.com\/fr\/175598\/","title":{"rendered":"ce cancer autrefois rare avant 50 ans grimpe chez les femmes, les sympt\u00f4mes ressemblent \u00e0 une simple indigestion"},"content":{"rendered":"<p>Certains troubles digestifs, en apparence anodins, m\u00e9ritent une attention particuli\u00e8re s\u2019ils durent dans le temps. Des m\u00e9decins alertent sur la hausse d\u2019un certain type de cancer, longtemps associ\u00e9e aux seniors.<\/p>\n<p>Quand la <strong>digestion<\/strong> semble d\u00e9r\u00e9gl\u00e9e, on pense souvent \u00e0 un repas trop copieux ou \u00e0 un stress passager. Pourtant, derri\u00e8re ces <strong>sympt\u00f4mes gastriques<\/strong> ordinaires peuvent se cacher des troubles bien plus graves. De nombreux professionnels de sant\u00e9 observent aujourd\u2019hui une \u00e9volution inqui\u00e9tante : des affections autrefois rares chez les jeunes adultes se manifestent de plus en plus t\u00f4t. Face \u00e0 des douleurs persistantes, il est essentiel d\u2019\u00e9couter son corps et de consulter rapidement. Mieux vaut pr\u00e9venir que laisser la maladie progresser silencieusement.<\/p>\n<p> \t\t\t  Cancer de l\u2019estomac : il est de plus en plus pr\u00e9coce chez la femme   Une hausse pr\u00e9occupante chez les femmes de moins de 50 ans  <\/p>\n<p>Le <strong>cancer de l\u2019estomac<\/strong>, autrefois cantonn\u00e9 aux personnes \u00e2g\u00e9es, gagne aujourd\u2019hui les rangs des jeunes adultes et d\u2019apr\u00e8s certains chercheurs estiment que le risque est plus accru chez ce <a href=\"https:\/\/www.pleinevie.fr\/sante\/cancer-de-lestomac-ce-groupe-sanguin-serait-plus-a-risque-selon-les-chercheurs-147326.html\" target=\"_blank\" rel=\"noopener\">groupe sanguin<\/a>. Le Dr Mojun Zhu de la Mayo Clinic alerte : cette maladie progresse surtout chez les femmes de moins de 50 ans. Aussi, le Dr Travis Grotz confirme : \u00ab\u00a0Aujourd&rsquo;hui, je vois des personnes de 20, 30 et 40 ans atteintes de cancer\u00a0\u00bb. Ces chiffres contrastent avec les tendances pass\u00e9es. Une vigilance accrue est d\u00e9sormais n\u00e9cessaire pour toute personne confront\u00e9e \u00e0 des <strong>troubles digestifs<\/strong> persistants et inhabituels.<\/p>\n<p>    Des sympt\u00f4mes banals qui favorisent un diagnostic tardif  <\/p>\n<p>Les premiers signes du <a href=\"https:\/\/www.pleinevie.fr\/sante\/maladies\/cancer-de-lestomac-les-signes-qui-doivent-alerter-8273.html\" target=\"_blank\" rel=\"noopener\">cancer de l\u2019estomac<\/a> sont souvent discrets : br\u00fblures gastriques, fatigue, ou perte d&rsquo;app\u00e9tit. La sp\u00e9cialiste explique que ces sympt\u00f4mes sont facilement confondus avec une simple indigestion, retardant le diagnostic. Beaucoup de patients prennent des traitements digestifs en pensant soulager un reflux, sans imaginer qu\u2019il s\u2019agit d\u2019un mal plus s\u00e9rieux. Un <strong>diagnostic pr\u00e9coce<\/strong> permet pourtant une prise en charge plus efficace. D\u00e8s que les sympt\u00f4mes persistent, une consultation m\u00e9dicale s\u2019impose.<\/p>\n<p>  \u00a0Importance d\u2019une d\u00e9tection pr\u00e9coce pour gu\u00e9rir  <\/p>\n<p>\u00c0 un stade initial, le <strong>cancer gastrique<\/strong> reste traitable par chirurgie. Le Dr Zhu pr\u00e9cise qu\u2019une <strong>d\u00e9tection au<\/strong> stade 1 peut suffire \u00e0 \u00e9radiquer la maladie. En revanche, aux stades 2 ou 3, le taux de r\u00e9cidive d\u00e9passe parfois 50 %, m\u00eame avec chimioth\u00e9rapie et intervention chirurgicale, rapporte <a href=\"https:\/\/www.topsante.com\/medecine\/cancers\/cancer_de_l_estomac\/ce-cancer-silencieux-progresse-chez-les-femmes-voici-les-signes-qui-doivent-alerter-911089\" target=\"_blank\" rel=\"noopener\">Top Sant\u00e9<\/a>. Ce constat souligne l\u2019importance d\u2019un suivi rapide d\u00e8s les premiers troubles. Ignorer une <strong>perte d\u2019app\u00e9tit<\/strong> ou une sensation de sati\u00e9t\u00e9 rapide peut avoir des cons\u00e9quences lourdes.<\/p>\n<p>     Quels sont les facteurs de risque du cancer gastrique ?   Un terrain g\u00e9n\u00e9tique \u00e0 surveiller de pr\u00e8s  <\/p>\n<p>Les <strong>ant\u00e9c\u00e9dents familiaux<\/strong> jouent un r\u00f4le d\u00e9terminant dans le risque de d\u00e9velopper un cancer de l\u2019estomac. Le Dr Zhu recommande aux patients ayant des proches atteints de <strong>cancers gastro-intestinaux<\/strong> ou mammaires de consulter un m\u00e9decin. \u00ab\u00a0Des ant\u00e9c\u00e9dents familiaux de cancer peuvent indiquer un risque accru\u00a0\u00bb, rappelle-t-elle. Une analyse g\u00e9n\u00e9tique peut permettre de mieux pr\u00e9venir certains cas, notamment chez les jeunes adultes. Rester attentif \u00e0 l\u2019histoire m\u00e9dicale familiale est une pr\u00e9caution pr\u00e9cieuse.<\/p>\n<p>  Des mutations g\u00e9n\u00e9tiques impliqu\u00e9es dans certains cas  <\/p>\n<p>Certaines <strong>mutations g\u00e9n\u00e9tiques<\/strong>, comme celle du g\u00e8ne CDH1, sont fortement associ\u00e9es \u00e0 un risque accru de <strong>cancer gastrique<\/strong> et de cancer du sein. Chez les personnes porteuses, des tests et d\u00e9pistages pr\u00e9coces sont souvent recommand\u00e9s. Parler de sa g\u00e9n\u00e9alogie m\u00e9dicale \u00e0 son praticien peut ouvrir la voie \u00e0 un accompagnement sp\u00e9cifique, comme le conseil g\u00e9n\u00e9tique. Cette pr\u00e9vention cibl\u00e9e s\u2019av\u00e8re cruciale pour limiter l\u2019\u00e9volution silencieuse de certains cancers h\u00e9r\u00e9ditaires. De m\u00eame si une personne dans votre famille a souffert d\u2019un <a href=\"https:\/\/www.pleinevie.fr\/sante\/cancer-du-pancreas-genetique-pollution-alcool-pourquoi-assiste-t-on-a-une-augmentation-des-cas-81384.html\" target=\"_blank\" rel=\"noopener\">cancer du pancr\u00e9as<\/a> ou du sein avant 50 ans, signalez-le \u00e0 votre m\u00e9decin traitant afin qu\u2019il vous conseille.<\/p>\n<p>     Des sympt\u00f4mes \u00e0 ne jamais sous-estimer  <\/p>\n<p>M\u00eame si les <strong>sympt\u00f4mes digestifs<\/strong> peuvent sembler communs, certains signaux doivent alerter : vomissements de sang, selles noires, perte de poids inexpliqu\u00e9e. Le Dr Zhu rappelle qu\u2019une fatigue persistante ou une impression de sati\u00e9t\u00e9 rapide peuvent \u00eatre r\u00e9v\u00e9latrices. Ces signes ne sont pas \u00e0 prendre \u00e0 la l\u00e9g\u00e8re. Agir t\u00f4t permet de r\u00e9duire les risques de traitements lourds et d\u2019am\u00e9liorer les chances de gu\u00e9rison du <strong>cancer de l\u2019estomac<\/strong>.<\/p>\n","protected":false},"excerpt":{"rendered":"Certains troubles digestifs, en apparence anodins, m\u00e9ritent une attention particuli\u00e8re s\u2019ils durent dans le temps. Des m\u00e9decins alertent&hellip;\n","protected":false},"author":2,"featured_media":175599,"comment_status":"","ping_status":"","sticky":false,"template":"","format":"standard","meta":{"footnotes":""},"categories":[10],"tags":[10281,1011,27,72,71],"class_list":{"0":"post-175598","1":"post","2":"type-post","3":"status-publish","4":"format-standard","5":"has-post-thumbnail","7":"category-sante","8":"tag-buzz-nonli","9":"tag-fr","10":"tag-france","11":"tag-health","12":"tag-sante"},"share_on_mastodon":{"url":"https:\/\/pubeurope.com\/@fr\/114681096680434741","error":""},"_links":{"self":[{"href":"https:\/\/www.europesays.com\/fr\/wp-json\/wp\/v2\/posts\/175598","targetHints":{"allow":["GET"]}}],"collection":[{"href":"https:\/\/www.europesays.com\/fr\/wp-json\/wp\/v2\/posts"}],"about":[{"href":"https:\/\/www.europesays.com\/fr\/wp-json\/wp\/v2\/types\/post"}],"author":[{"embeddable":true,"href":"https:\/\/www.europesays.com\/fr\/wp-json\/wp\/v2\/users\/2"}],"replies":[{"embeddable":true,"href":"https:\/\/www.europesays.com\/fr\/wp-json\/wp\/v2\/comments?post=175598"}],"version-history":[{"count":0,"href":"https:\/\/www.europesays.com\/fr\/wp-json\/wp\/v2\/posts\/175598\/revisions"}],"wp:featuredmedia":[{"embeddable":true,"href":"https:\/\/www.europesays.com\/fr\/wp-json\/wp\/v2\/media\/175599"}],"wp:attachment":[{"href":"https:\/\/www.europesays.com\/fr\/wp-json\/wp\/v2\/media?parent=175598"}],"wp:term":[{"taxonomy":"category","embeddable":true,"href":"https:\/\/www.europesays.com\/fr\/wp-json\/wp\/v2\/categories?post=175598"},{"taxonomy":"post_tag","embeddable":true,"href":"https:\/\/www.europesays.com\/fr\/wp-json\/wp\/v2\/tags?post=175598"}],"curies":[{"name":"wp","href":"https:\/\/api.w.org\/{rel}","templated":true}]}}