{"id":175610,"date":"2025-06-14T09:55:09","date_gmt":"2025-06-14T09:55:09","guid":{"rendered":"https:\/\/www.europesays.com\/fr\/175610\/"},"modified":"2025-06-14T09:55:09","modified_gmt":"2025-06-14T09:55:09","slug":"circulation-differenciee-mise-en-place-des-ce-samedi-dans-4-communes-des-bouches-du-rhone","status":"publish","type":"post","link":"https:\/\/www.europesays.com\/fr\/175610\/","title":{"rendered":"circulation diff\u00e9renci\u00e9e mise en place d\u00e8s ce samedi dans 4 communes des Bouches-du-Rh\u00f4ne"},"content":{"rendered":"<p class=\"rev-margin-0 rev-text-xs-normal\">Pour les v\u00e9hicules l\u00e9gers, seuls ceux munis d&rsquo;un certificat Crit&rsquo;Air de classe verte (\u00e9lectrique ou hydrog\u00e8ne), 1 (violette), 2 (jaune) ou 3 (orange) sont autoris\u00e9s \u00e0 circuler dans le p\u00e9rim\u00e8tre.<\/p>\n<p class=\"rev-margin-0 rev-text-xs-bold\">Zerbib &#8211; LP &#8211; LP Gilles Bader &#8211; BADER Gilles<\/p>\n<p>En raison d&rsquo;un<a href=\"https:\/\/www.laprovence.com\/article\/region\/53794100627073\/la-prefecture-des-alpes-de-haute-provence-impose-des-restrictions-pour-lutter-contre-la-pollution-de-lair\" target=\"_blank\" rel=\"noopener\"> pic de pollution durable<\/a> touchant les d\u00e9partements des Bouches-du-Rh\u00f4ne, du Vaucluse et du Gard, le pr\u00e9fet de la zone de d\u00e9fense et de s\u00e9curit\u00e9 Sud a d\u00e9cid\u00e9 de prendre des mesures pour limiter les \u00e9missions de polluants.<\/p>\n<p>Depuis 6h00 ce samedi 14 juin, la circulation diff\u00e9renci\u00e9e est mise en \u0153uvre dans quatre communes du d\u00e9partement des Bouches-du-Rh\u00f4ne : Barbentane, Ch\u00e2teaurenard, Noves et Rognonas.<\/p>\n<p>Ce dispositif s&rsquo;appliquera chaque jour de 6h00 \u00e0 20h00, jusqu&rsquo;au dimanche 15 juin inclus.\u00a0<\/p>\n<p>Quels v\u00e9hicules peuvent circuler ?<\/p>\n<p>Pour les v\u00e9hicules l\u00e9gers, seuls ceux munis d&rsquo;un certificat Crit&rsquo;Air de classe verte (\u00e9lectrique ou hydrog\u00e8ne), 1 (violette), 2 (jaune) ou 3 (orange) sont autoris\u00e9s \u00e0 circuler dans le p\u00e9rim\u00e8tre.\u00a0<\/p>\n<p>En ce qui concerne les poids lourds, seuls ceux disposant d&rsquo;une vignette Crit&rsquo;Air verte, 1 ou 2 pourront emprunter les axes routiers \u00e0 l&rsquo;int\u00e9rieur du p\u00e9rim\u00e8tre d\u00e9fini.<\/p>\n<p>Des contr\u00f4les et des sanctions pr\u00e9vus<\/p>\n<p>Les forces de l&rsquo;ordre seront mobilis\u00e9es pour faire respecter ces mesures. Tout conducteur en infraction s&rsquo;expose \u00e0 une amende, conform\u00e9ment \u00e0 la r\u00e9glementation en vigueur.<\/p>\n<p>Ce dispositif a pour objectif de r\u00e9duire les \u00e9missions polluantes et de prot\u00e9ger la sant\u00e9 publique, notamment des personnes vuln\u00e9rables comme les enfants, les personnes \u00e2g\u00e9es ou souffrant de pathologies respiratoires.<\/p>\n<p>L<strong\/>es certificats Crit&rsquo;Air peuvent \u00eatre command\u00e9s en ligne et sont obligatoires pour circuler dans les zones concern\u00e9es lors des restrictions.<\/p>\n","protected":false},"excerpt":{"rendered":"Pour les v\u00e9hicules l\u00e9gers, seuls ceux munis d&rsquo;un certificat Crit&rsquo;Air de classe verte (\u00e9lectrique ou hydrog\u00e8ne), 1 (violette),&hellip;\n","protected":false},"author":2,"featured_media":175611,"comment_status":"","ping_status":"","sticky":false,"template":"","format":"standard","meta":{"footnotes":""},"categories":[4],"tags":[17,11,3542,154,31098,1011,27,16456,6352,12,5536,1800,16,25],"class_list":{"0":"post-175610","1":"post","2":"type-post","3":"status-publish","4":"format-standard","5":"has-post-thumbnail","7":"category-france","8":"tag-17","9":"tag-actualites","10":"tag-circulation","11":"tag-des","12":"tag-differenciee","13":"tag-fr","14":"tag-france","15":"tag-lair","16":"tag-mise","17":"tag-news","18":"tag-place","19":"tag-pollution","20":"tag-region","21":"tag-republique-francaise"},"share_on_mastodon":{"url":"https:\/\/pubeurope.com\/@fr\/114681120389273464","error":""},"_links":{"self":[{"href":"https:\/\/www.europesays.com\/fr\/wp-json\/wp\/v2\/posts\/175610","targetHints":{"allow":["GET"]}}],"collection":[{"href":"https:\/\/www.europesays.com\/fr\/wp-json\/wp\/v2\/posts"}],"about":[{"href":"https:\/\/www.europesays.com\/fr\/wp-json\/wp\/v2\/types\/post"}],"author":[{"embeddable":true,"href":"https:\/\/www.europesays.com\/fr\/wp-json\/wp\/v2\/users\/2"}],"replies":[{"embeddable":true,"href":"https:\/\/www.europesays.com\/fr\/wp-json\/wp\/v2\/comments?post=175610"}],"version-history":[{"count":0,"href":"https:\/\/www.europesays.com\/fr\/wp-json\/wp\/v2\/posts\/175610\/revisions"}],"wp:featuredmedia":[{"embeddable":true,"href":"https:\/\/www.europesays.com\/fr\/wp-json\/wp\/v2\/media\/175611"}],"wp:attachment":[{"href":"https:\/\/www.europesays.com\/fr\/wp-json\/wp\/v2\/media?parent=175610"}],"wp:term":[{"taxonomy":"category","embeddable":true,"href":"https:\/\/www.europesays.com\/fr\/wp-json\/wp\/v2\/categories?post=175610"},{"taxonomy":"post_tag","embeddable":true,"href":"https:\/\/www.europesays.com\/fr\/wp-json\/wp\/v2\/tags?post=175610"}],"curies":[{"name":"wp","href":"https:\/\/api.w.org\/{rel}","templated":true}]}}