{"id":175612,"date":"2025-06-14T09:56:09","date_gmt":"2025-06-14T09:56:09","guid":{"rendered":"https:\/\/www.europesays.com\/fr\/175612\/"},"modified":"2025-06-14T09:56:09","modified_gmt":"2025-06-14T09:56:09","slug":"a-lyon-un-proces-hors-norme-apres-larrestation-dun-stagiaire-chez-adecco","status":"publish","type":"post","link":"https:\/\/www.europesays.com\/fr\/175612\/","title":{"rendered":"A Lyon, un proc\u00e8s hors norme apr\u00e8s l\u2019arrestation d\u2019un stagiaire chez Adecco"},"content":{"rendered":"<p>Le sc\u00e9nario est digne d\u2019un film. Ce lundi, <a href=\"https:\/\/www.20minutes.fr\/magazine\/foire-de-lyon-mag\/\" class=\"color-ultramarine c-link\" target=\"_blank\" rel=\"noopener\">\u00e0 Lyon<\/a>, s\u2019ouvrira un proc\u00e8s hors norme o\u00f9 72.000 victimes seront entendues sur des affaires de <a href=\"https:\/\/www.20minutes.fr\/societe\/4152110-20250506-recu-mail-proposant-kit-depannage-moins-3-euros-attention-arnaque\" target=\"_blank\" class=\"color-ultramarine c-link\" rel=\"noopener\">pr\u00e9l\u00e8vements frauduleux <\/a>et autres arnaques. Pendant deux semaines, 14 hommes feront face \u00e0 22 chefs de mise en examen, dont \u00ab\u00a0escroquerie en bande organis\u00e9e\u00a0\u00bb. Deux complices pr\u00e9sum\u00e9s, alors mineurs, sont renvoy\u00e9s devant un tribunal pour enfants. Ils encourent jusqu\u2019\u00e0 dix ans de prison.<\/p>\n<p>Au d\u00e9part de l\u2019affaire\u00a0: le vol massif, en\u00a02022, de donn\u00e9es de la branche fran\u00e7aise <a href=\"https:\/\/www.20minutes.fr\/vie-pro\/4113992-20241007-jobs-etudiants-2024-meilleures-opportunites\" target=\"_blank\" class=\"color-ultramarine c-link\" rel=\"noopener\">du g\u00e9ant suisse de l\u2019int\u00e9rim Adecco<\/a>, bas\u00e9e \u00e0 Villeurbanne, pr\u00e8s de Lyon. Mais l\u2019enqu\u00eate a mis au jour une multitude d\u2019autres cybercrimes pour des millions d\u2019euros, d\u00e8s\u00a02019 quand le \u00ab\u00a0cerveau\u00a0\u00bb du r\u00e9seau, alors \u00e2g\u00e9 de 17 ans, a commenc\u00e9 \u00e0 s\u00e9vir.<\/p>\n<p>A l\u2019origine, l\u2019arrestation d\u2019un stagiaire<\/p>\n<p>C\u2019est l\u2019arrestation d\u2019un stagiaire de 19 ans dans une agence Adecco de Besan\u00e7on, qui a permis aux enqu\u00eateurs de d\u00e9m\u00ealer, en dix mois, un \u00e9cheveau rendu opaque par le recours aux pseudonymes sur le darknet et \u00e0 des r\u00e9seaux de discussion crypt\u00e9s d\u2019individus qui, dans la plupart des cas, \u00ab\u00a0ne se connaissaient pas dans la vie r\u00e9elle\u00a0\u00bb, selon les enqu\u00eateurs.<\/p>\n<p>En juin\u00a02022, le stagiaire livre sur un r\u00e9seau crypt\u00e9 \u00e0 \u00ab\u00a0Abeloth\u00a0\u00bb, du nom d\u2019une h\u00e9ro\u00efne de la saga Star Wars, ses identifiants et mot de passe pour acc\u00e9der \u00e0 la base de donn\u00e9es d\u2019Adecco. Dindon de la farce, il ne recevra jamais les 15.000 euros promis.<\/p>\n<p>Des pr\u00e9l\u00e8vements tr\u00e8s discrets<\/p>\n<p>Adecco porte plainte en novembre\u00a02022 apr\u00e8s que des dizaines d\u2019int\u00e9rimaires se sont \u00e9mues sur un compte Facebook de petits pr\u00e9l\u00e8vements, difficilement d\u00e9tectables pour qui n\u2019\u00e9pluche pas ses relev\u00e9s bancaires. Plus sp\u00e9cifiquement, des pr\u00e9l\u00e8vements de 49,85 euros, juste sous le seuil des autorisations pr\u00e9alables, pour 32.649 int\u00e9rimaires et un pr\u00e9judice de 1,6\u00a0million d\u2019euros, ainsi que des tentatives, avort\u00e9es ou rembours\u00e9es par les banques pour 40.000 autres inscrits. Lesquelles banques, parties civiles au proc\u00e8s, ont d\u00fb rembourser plus de 1,4\u00a0million d\u2019euros.<\/p>\n<p>La captation des donn\u00e9es a \u00e9galement permis au \u00ab\u00a0cerveau\u00a0\u00bb de fabriquer de fausses cartes d\u2019identit\u00e9 ou Vitale pour d\u2019autres arnaques en ligne, et d\u2019ouvrir des \u00ab\u00a0comptes bancaires mules\u00a0\u00bb, utilis\u00e9s pour blanchir l\u2019argent vol\u00e9. Adecco France, qui n\u2019est pas poursuivi, a reconnu une \u00ab\u00a0faille\u00a0\u00bb dans sa s\u00e9curit\u00e9 ayant permis \u00e0 un simple stagiaire d\u2019acc\u00e9der \u00e0 sa base \u00ab\u00a0sans r\u00e9el contr\u00f4le\u00a0\u00bb, selon les conclusions des enqu\u00eateurs.<\/p>\n<p>\u00ab\u00a0Une escalade addictive\u00a0\u00bb<\/p>\n<p>Mais la bande et son jeune chef n\u2019ont pas attendu Adecco pour s\u00e9vir. Gr\u00e2ce \u00e0 un syst\u00e8me de phishing puis d\u2019escroqueries en tout genre, ils ont rafl\u00e9 des millions d\u2019euros au pr\u00e9judice de soci\u00e9t\u00e9s, banques, assurances, mutuelles et m\u00eame l\u2019Etat\u00a0: fausses demandes de MaPrimeR\u00e9nov, Ch\u00e8ques vacances, Pass Culture, assurance-vie\u2026 La Caisse des D\u00e9p\u00f4ts a ainsi pay\u00e9 plus de 1,9\u00a0million d\u2019euros \u00e0 de fausses soci\u00e9t\u00e9s de formation professionnelle.<\/p>\n<p>Outre cinq ou six tr\u00e8s jeunes hackers jamais condamn\u00e9s, les autres pr\u00e9venus ont plut\u00f4t le profil de petites mains aux casiers judiciaires charg\u00e9s pour escroqueries, violences voire trafic de stup\u00e9fiants. Une bande h\u00e9t\u00e9roclite avec \u00e0 sa t\u00eate un tr\u00e8s jeune \u00ab\u00a0personnage central\u00a0\u00bb, seul en d\u00e9tention provisoire et gratifi\u00e9 par les enqu\u00eateurs d\u2019un \u00e9logieux \u00ab\u00a0capacit\u00e9s intellectuelles \u00e9lev\u00e9es\u00a0\u00bb, mais m\u00fb par \u00ab\u00a0une escalade addictive\u00a0\u00bb \u00e0 \u00ab\u00a0la recherche de failles\u00a0\u00bb informatiques.<\/p>\n<p>73\u00a0% des Fran\u00e7ais concern\u00e9s<\/p>\n<p>M\u00eame en prison en\u00a02023 et\u00a02024, il \u00ab\u00a0a continu\u00e9 ses activit\u00e9s\u00a0\u00bb gr\u00e2ce \u00e0 des smartphones. \u00ab\u00a0Les structures entrepreneuriales mises en place\u00a0\u00bb par le jeune homme et ses \u00ab\u00a0logiciels pointus\u00a0\u00bb sont \u00ab\u00a0destin\u00e9s \u00e0 \u00eatre vendus sur le darknet, \u00e0 essaimer pour r\u00e9aliser des galaxies d\u2019escroqueries dans divers domaines [\u2026] aux impacts d\u00e9multipli\u00e9s\u00a0\u00bb, mettent en garde les enqu\u00eateurs, alarmistes pour l\u2019avenir.<\/p>\n<p>Selon l\u2019association France victime, 73\u00a0% des Fran\u00e7ais disent avoir d\u00e9j\u00e0 \u00e9t\u00e9 confront\u00e9s \u00e0 une tentative de cyberattaque en\u00a02023.<\/p>\n","protected":false},"excerpt":{"rendered":"Le sc\u00e9nario est digne d\u2019un film. Ce lundi, \u00e0 Lyon, s\u2019ouvrira un proc\u00e8s hors norme o\u00f9 72.000 victimes&hellip;\n","protected":false},"author":2,"featured_media":175613,"comment_status":"","ping_status":"","sticky":false,"template":"","format":"standard","meta":{"footnotes":""},"categories":[2],"tags":[47,11,3514,2430,7904,2481,16968,1011,27,303,2428,12,2429,2431],"class_list":{"0":"post-175612","1":"post","2":"type-post","3":"status-publish","4":"format-standard","5":"has-post-thumbnail","7":"category-actualites","8":"tag-actualite","9":"tag-actualites","10":"tag-arnaque","11":"tag-auvergne-rhone-alpes","12":"tag-by-the-web","13":"tag-cyberattaque","14":"tag-cybercriminalite","15":"tag-fr","16":"tag-france","17":"tag-justice","18":"tag-lyon","19":"tag-news","20":"tag-rhone","21":"tag-rhone-alpes"},"share_on_mastodon":{"url":"https:\/\/pubeurope.com\/@fr\/114681124193774236","error":""},"_links":{"self":[{"href":"https:\/\/www.europesays.com\/fr\/wp-json\/wp\/v2\/posts\/175612","targetHints":{"allow":["GET"]}}],"collection":[{"href":"https:\/\/www.europesays.com\/fr\/wp-json\/wp\/v2\/posts"}],"about":[{"href":"https:\/\/www.europesays.com\/fr\/wp-json\/wp\/v2\/types\/post"}],"author":[{"embeddable":true,"href":"https:\/\/www.europesays.com\/fr\/wp-json\/wp\/v2\/users\/2"}],"replies":[{"embeddable":true,"href":"https:\/\/www.europesays.com\/fr\/wp-json\/wp\/v2\/comments?post=175612"}],"version-history":[{"count":0,"href":"https:\/\/www.europesays.com\/fr\/wp-json\/wp\/v2\/posts\/175612\/revisions"}],"wp:featuredmedia":[{"embeddable":true,"href":"https:\/\/www.europesays.com\/fr\/wp-json\/wp\/v2\/media\/175613"}],"wp:attachment":[{"href":"https:\/\/www.europesays.com\/fr\/wp-json\/wp\/v2\/media?parent=175612"}],"wp:term":[{"taxonomy":"category","embeddable":true,"href":"https:\/\/www.europesays.com\/fr\/wp-json\/wp\/v2\/categories?post=175612"},{"taxonomy":"post_tag","embeddable":true,"href":"https:\/\/www.europesays.com\/fr\/wp-json\/wp\/v2\/tags?post=175612"}],"curies":[{"name":"wp","href":"https:\/\/api.w.org\/{rel}","templated":true}]}}