{"id":175614,"date":"2025-06-14T09:57:14","date_gmt":"2025-06-14T09:57:14","guid":{"rendered":"https:\/\/www.europesays.com\/fr\/175614\/"},"modified":"2025-06-14T09:57:14","modified_gmt":"2025-06-14T09:57:14","slug":"podcast-le-soutien-numero-1-de-gael-perdriau-sur-facebook-a-disparu-ecoutez-politiquement-incorrect","status":"publish","type":"post","link":"https:\/\/www.europesays.com\/fr\/175614\/","title":{"rendered":"Podcast. Le soutien num\u00e9ro 1 de Ga\u00ebl Perdriau sur Facebook a disparu&#8230; \u00c9coutez \u00ab\u00a0Politiquement incorrect\u00a0\u00bb"},"content":{"rendered":"<p>Alerte enl\u00e8vement\u2026 Benoit Borne a disparu\u2026 Si vous disposez de renseignements, n\u2019agissez pas seul\u2026<\/p>\n<p>Benoit Borne, inconditionnel soutien sur Facebook du maire de Saint-Etienne Ga\u00ebl Perdriau, a disparu du r\u00e9seau. Subitement. Pile le jour o\u00f9 la date du proc\u00e8s de l\u2019affaire de la sextape a \u00e9t\u00e9 annonc\u00e9e\u2026 mais aussi et peut-\u00eatre surtout au beau milieu d\u2019une enqu\u00eate que nous menions dans l\u2019entourage du maire afin d\u2019identifier ce\u00a0myst\u00e9rieux individu. Ou plut\u00f4t, les identifier car il pourrait s\u2019agir d\u2019un compte aliment\u00e9 par plusieurs personnes en mairie.<\/p>\n<p>Dans Politiquement incorrect, on vous parle aussi de <a href=\"https:\/\/www.leprogres.fr\/d\/elections-municipales-2026-a-saint-etienne-86314aeb-cfc0-4e92-8f90-6edded32e1df\" target=\"_blank\" rel=\"noopener\">l\u2019embouteillage de candidatures pour les \u00e9lections municipales st\u00e9phanoises de 2026<\/a>, d\u2019une fausse avocate qui ne manque pas de culot et d\u2019un vote inexpliqu\u00e9 sur les soins palliatifs.<\/p>\n<p>Pour connaitre la suite, cliquez sur le module audio ci-dessous.<\/p>\n<p>Avec notre podcast Politiquement incorrect, on fait le tour de l\u2019actualit\u00e9 lig\u00e9rienne de ces derni\u00e8res semaines. Il y a la politique, bien lisse, des professions de foi. Il y a aussi la politique des strat\u00e9gies et des alliances, des \u00ab\u00a0amis de 20 ans\u00a0\u00bb et des ennemis de ce matin\u2026<\/p>\n","protected":false},"excerpt":{"rendered":"Alerte enl\u00e8vement\u2026 Benoit Borne a disparu\u2026 Si vous disposez de renseignements, n\u2019agissez pas seul\u2026 Benoit Borne, inconditionnel soutien&hellip;\n","protected":false},"author":2,"featured_media":175615,"comment_status":"","ping_status":"","sticky":false,"template":"","format":"standard","meta":{"footnotes":""},"categories":[9653],"tags":[1111,11,2430,7539,1777,674,107,1011,27,3367,12,3725,316,25,4001,273,10806],"class_list":{"0":"post-175614","1":"post","2":"type-post","3":"status-publish","4":"format-standard","5":"has-post-thumbnail","7":"category-saint-etienne","8":"tag-actu","9":"tag-actualites","10":"tag-auvergne-rhone-alpes","11":"tag-edition-loire-sud","12":"tag-eu","13":"tag-europe","14":"tag-fil-info","15":"tag-fr","16":"tag-france","17":"tag-loire","18":"tag-news","19":"tag-podcast","20":"tag-politique","21":"tag-republique-francaise","22":"tag-saint-etienne","23":"tag-selection-de-la-redaction","24":"tag-selection-de-la-redaction-42"},"share_on_mastodon":{"url":"https:\/\/pubeurope.com\/@fr\/114681128170359454","error":""},"_links":{"self":[{"href":"https:\/\/www.europesays.com\/fr\/wp-json\/wp\/v2\/posts\/175614","targetHints":{"allow":["GET"]}}],"collection":[{"href":"https:\/\/www.europesays.com\/fr\/wp-json\/wp\/v2\/posts"}],"about":[{"href":"https:\/\/www.europesays.com\/fr\/wp-json\/wp\/v2\/types\/post"}],"author":[{"embeddable":true,"href":"https:\/\/www.europesays.com\/fr\/wp-json\/wp\/v2\/users\/2"}],"replies":[{"embeddable":true,"href":"https:\/\/www.europesays.com\/fr\/wp-json\/wp\/v2\/comments?post=175614"}],"version-history":[{"count":0,"href":"https:\/\/www.europesays.com\/fr\/wp-json\/wp\/v2\/posts\/175614\/revisions"}],"wp:featuredmedia":[{"embeddable":true,"href":"https:\/\/www.europesays.com\/fr\/wp-json\/wp\/v2\/media\/175615"}],"wp:attachment":[{"href":"https:\/\/www.europesays.com\/fr\/wp-json\/wp\/v2\/media?parent=175614"}],"wp:term":[{"taxonomy":"category","embeddable":true,"href":"https:\/\/www.europesays.com\/fr\/wp-json\/wp\/v2\/categories?post=175614"},{"taxonomy":"post_tag","embeddable":true,"href":"https:\/\/www.europesays.com\/fr\/wp-json\/wp\/v2\/tags?post=175614"}],"curies":[{"name":"wp","href":"https:\/\/api.w.org\/{rel}","templated":true}]}}