{"id":175616,"date":"2025-06-14T09:58:15","date_gmt":"2025-06-14T09:58:15","guid":{"rendered":"https:\/\/www.europesays.com\/fr\/175616\/"},"modified":"2025-06-14T09:58:15","modified_gmt":"2025-06-14T09:58:15","slug":"alerte-meteo-dans-la-loire","status":"publish","type":"post","link":"https:\/\/www.europesays.com\/fr\/175616\/","title":{"rendered":"Alerte m\u00e9t\u00e9o dans la Loire"},"content":{"rendered":"<p>Les services m\u00e9t\u00e9orologiques ont \u00e9mis un bulletin d\u2019alerte concernant une diagonale allant du Massif central jusqu\u2019aux fronti\u00e8res orientales. Cette zone sous surveillance comprend notamment des territoires de Bourgogne-Franche-Comt\u00e9, d\u2019<strong>Auvergne-Rh\u00f4ne-Alpes<\/strong> et du Grand Est. <strong>Sont concern\u00e9s l\u2019Allier, le Puy de D\u00f4me, la Loire, le Rh\u00f4ne, la Ni\u00e8vre, la Sa\u00f4ne-et-Loire, l\u2019Yonne, la C\u00f4te d\u2019Or, la Haute-Marne, l\u2019Aube, la Marne, la Meuse et la Meurthe-et-Moselle.<\/strong><\/p>\n<p>Un ph\u00e9nom\u00e8ne \u00e9volutif au fil de la journ\u00e9e<\/p>\n<p>La perturbation devrait d\u00e9buter en milieu d\u2019apr\u00e8s-midi sur les reliefs auvergnats avant de progresser vers l\u2019est. Les r\u00e9gions centrales seront les premi\u00e8res touch\u00e9es, avec une extension progressive vers la Bourgogne en fin de journ\u00e9e. Le ph\u00e9nom\u00e8ne continuera sa course durant la soir\u00e9e, affectant les d\u00e9partements orientaux et une partie de la r\u00e9gion parisienne.<\/p>\n<p>Des pr\u00e9cipitations intenses attendues<\/p>\n<p>Si l\u2019intensit\u00e9 des ph\u00e9nom\u00e8nes devrait rester inf\u00e9rieure aux \u00e9pisodes pr\u00e9c\u00e9dents, les cumuls de pr\u00e9cipitations pourraient n\u00e9anmoins \u00eatre importants. Des chutes de gr\u00eale restent possibles localement. Les averses devraient se poursuivre durant une partie de la nuit, maintenant des conditions m\u00e9t\u00e9orologiques difficiles.<\/p>\n<p>Un contraste thermique marqu\u00e9<\/p>\n<p>La situation m\u00e9t\u00e9orologique cr\u00e9e des disparit\u00e9s importantes sur le territoire. Les r\u00e9gions occidentales b\u00e9n\u00e9ficient d\u2019un rafra\u00eechissement notable avec des valeurs comprises entre vingt et vingt-cinq degr\u00e9s. \u00c0 l\u2019inverse, le sud-est maintient des conditions caniculaires, particuli\u00e8rement dans l\u2019arri\u00e8re-pays m\u00e9diterran\u00e9en o\u00f9 le thermom\u00e8tre pourrait fr\u00f4ler les quarante degr\u00e9s.<\/p>\n<p>Des conditions variables selon les r\u00e9gions<\/p>\n<p>Le littoral atlantique profite d\u2019une accalmie relative apr\u00e8s le passage des perturbations, avec une alternance de p\u00e9riodes ensoleill\u00e9es et nuageuses. Les massifs montagneux connaissent une instabilit\u00e9 typique avec d\u00e9veloppement de cellules orageuses en altitude durant l\u2019apr\u00e8s-midi.<\/p>\n","protected":false},"excerpt":{"rendered":"Les services m\u00e9t\u00e9orologiques ont \u00e9mis un bulletin d\u2019alerte concernant une diagonale allant du Massif central jusqu\u2019aux fronti\u00e8res orientales.&hellip;\n","protected":false},"author":2,"featured_media":175617,"comment_status":"","ping_status":"","sticky":false,"template":"","format":"standard","meta":{"footnotes":""},"categories":[9653],"tags":[1111,11,2430,1777,674,1011,27,3367,2487,7357,12,25,9838,9669,4001],"class_list":{"0":"post-175616","1":"post","2":"type-post","3":"status-publish","4":"format-standard","5":"has-post-thumbnail","7":"category-saint-etienne","8":"tag-actu","9":"tag-actualites","10":"tag-auvergne-rhone-alpes","11":"tag-eu","12":"tag-europe","13":"tag-fr","14":"tag-france","15":"tag-loire","16":"tag-meteo","17":"tag-montbrison","18":"tag-news","19":"tag-republique-francaise","20":"tag-roanne","21":"tag-saint-chamond","22":"tag-saint-etienne"},"share_on_mastodon":{"url":"https:\/\/pubeurope.com\/@fr\/114681132061371441","error":""},"_links":{"self":[{"href":"https:\/\/www.europesays.com\/fr\/wp-json\/wp\/v2\/posts\/175616","targetHints":{"allow":["GET"]}}],"collection":[{"href":"https:\/\/www.europesays.com\/fr\/wp-json\/wp\/v2\/posts"}],"about":[{"href":"https:\/\/www.europesays.com\/fr\/wp-json\/wp\/v2\/types\/post"}],"author":[{"embeddable":true,"href":"https:\/\/www.europesays.com\/fr\/wp-json\/wp\/v2\/users\/2"}],"replies":[{"embeddable":true,"href":"https:\/\/www.europesays.com\/fr\/wp-json\/wp\/v2\/comments?post=175616"}],"version-history":[{"count":0,"href":"https:\/\/www.europesays.com\/fr\/wp-json\/wp\/v2\/posts\/175616\/revisions"}],"wp:featuredmedia":[{"embeddable":true,"href":"https:\/\/www.europesays.com\/fr\/wp-json\/wp\/v2\/media\/175617"}],"wp:attachment":[{"href":"https:\/\/www.europesays.com\/fr\/wp-json\/wp\/v2\/media?parent=175616"}],"wp:term":[{"taxonomy":"category","embeddable":true,"href":"https:\/\/www.europesays.com\/fr\/wp-json\/wp\/v2\/categories?post=175616"},{"taxonomy":"post_tag","embeddable":true,"href":"https:\/\/www.europesays.com\/fr\/wp-json\/wp\/v2\/tags?post=175616"}],"curies":[{"name":"wp","href":"https:\/\/api.w.org\/{rel}","templated":true}]}}