{"id":175627,"date":"2025-06-14T10:04:09","date_gmt":"2025-06-14T10:04:09","guid":{"rendered":"https:\/\/www.europesays.com\/fr\/175627\/"},"modified":"2025-06-14T10:04:09","modified_gmt":"2025-06-14T10:04:09","slug":"les-personnes-handicapees-denoncent-le-manque-dacces-au-rooftop-du-corum","status":"publish","type":"post","link":"https:\/\/www.europesays.com\/fr\/175627\/","title":{"rendered":"les personnes handicap\u00e9es d\u00e9noncent le manque d&rsquo;acc\u00e8s au rooftop du Corum"},"content":{"rendered":"<p>\n\t\t\t\t\tCe vendredi 13 juin une dizaine de personnes se sont rassembl\u00e9es devant les marches du Corum afin de d\u00e9noncer le manque d&rsquo;acc\u00e8s au rooftop pour les personnes en situation de handicap\t\t\t\t<\/p>\n<p>\n\t\t\t\t\t\t\t\t\t\u00a9 InfOccitanie \u2013 A.F \/ Plusieurs personnes handicap\u00e9es se sont r\u00e9unies devant les marches du Corum afin de d\u00e9noncer le manque d\u2019acc\u00e8s au rooftop..\t\t\t\t\t\t\t\t<\/p>\n<p>\u00ab\u00a0Il n\u2019y a aucune raison pour que les personnes handicap\u00e9es n\u2019aient pas acc\u00e8s \u00e0 ce point de vue\u00a0\u00bb, d\u00e9nonce Dominique Mi\u00f1ana, pr\u00e9sidente du <strong>collectif handicap<\/strong>. Ils \u00e9taient une petite dizaine \u00e0 se r\u00e9unir ce vendredi 13 juin, jour de l\u2019ouverture du rooftop, <a href=\"https:\/\/infoccitanie.fr\/montpellier-le-rooftop-du-corum-inaccessible-aux-personnes-handicapees-une-manifestation-prevue\/\" rel=\"nofollow noopener\" target=\"_blank\"><strong>devant les marches du Corum<\/strong><\/a>.<\/p>\n<p>Aucune solution propos\u00e9e<\/p>\n<p>Cette question de<strong> l\u2019inaccessibilit\u00e9 du Corum <\/strong>\u00e9tait d\u00e9j\u00e0 sur la table l\u2019an pass\u00e9. Toutefois, un an plus tard, la mairie de Montpellier propose un acc\u00e8s seulement au salon du belv\u00e9d\u00e8re pour les personnes handicap\u00e9es, et non au rooftop. \u00ab\u00a0Il est possible d\u2019installer une rampe inclin\u00e9e modulaire, le maire et les organisateurs le savent tr\u00e8s bien. L\u2019ann\u00e9e derni\u00e8re, le maire a \u00e9t\u00e9 pr\u00e9venu de la situation, donc cette ann\u00e9e il n\u2019y a aucune raison que cela se r\u00e9it\u00e8re\u00a0\u00bb, d\u00e9plore Emmanuel, pr\u00e9sent ce vendredi afin de faire entendre sa voix.<\/p>\n<p>\u00ab\u00a0Les avanc\u00e9es sont trop petites\u00a0\u00bb<\/p>\n<p>\u00ab\u00a0On parle de 2005, mais j\u2019ai connu la premi\u00e8re loi en faveur des personnes handicap\u00e9es en <a href=\"https:\/\/www.legifrance.gouv.fr\/loda\/id\/JORFTEXT000000333976\" target=\"_blank\" rel=\"nofollow noopener\"><strong>1975.<\/strong><\/a> Cinquante ans plus tard, les avanc\u00e9es sont trop petites. Tous les jours, on est confront\u00e9s \u00e0 des difficult\u00e9s\u00a0\u00bb, regrette Dominique Mi\u00f1ana. Pour l\u2019organisatrice, la solution est simple : \u00ab\u00a0Il faut remettre la f\u00eate sur l\u2019Esplanade.\u00a0\u00bb \u00ab\u00a0Il ne suffit pas de cr\u00e9er des lois, il faut les appliquer\u00a0\u00bb, conclut Dominique Mi\u00f1ana.<\/p>\n<p>Pour rappel, la loi dite <a href=\"https:\/\/handicap.gouv.fr\/la-loi-du-11-fevrier-2005-pour-legalite-des-droits-et-des-chances#:~:text=La%20loi%20de%202005%20a,%C3%A9tend%20%C3%A0%20la%20fonction%20publique.\" target=\"_blank\" rel=\"nofollow noopener\"><strong>\u00ab\u00a0loi handicap\u00a0\u00bb,<\/strong><\/a> qui permet de garantir l\u2019\u00e9galit\u00e9 des droits et des chances pour les personnes handicap\u00e9es, date du 11 f\u00e9vrier 2005. \u00ab\u00a0Il ne suffit pas de cr\u00e9er des lois, il faut les appliquer.\u00a0\u00bb<\/p>\n<blockquote class=\"instagram-media\" data-instgrm-captioned=\"\" data-instgrm-permalink=\"https:\/\/www.instagram.com\/reel\/DK2SfETIJFj\/?utm_source=ig_embed&amp;utm_campaign=loading\" data-instgrm-version=\"14\" style=\" background:#FFF; border:0; border-radius:3px; box-shadow:0 0 1px 0 rgba(0,0,0,0.5),0 1px 10px 0 rgba(0,0,0,0.15); margin: 1px; max-width:540px; min-width:326px; padding:0; width:99.375%; width:-webkit-calc(100% - 2px); width:calc(100% - 2px);\"\/>\n<p>\t\t\t\t<script async src=\"\/\/www.instagram.com\/embed.js\"><\/script><\/p>\n","protected":false},"excerpt":{"rendered":"Ce vendredi 13 juin une dizaine de personnes se sont rassembl\u00e9es devant les marches du Corum afin de&hellip;\n","protected":false},"author":2,"featured_media":175628,"comment_status":"","ping_status":"","sticky":false,"template":"","format":"standard","meta":{"footnotes":""},"categories":[9599],"tags":[1111,11,1777,674,1011,27,2088,2208,12,2680,25],"class_list":{"0":"post-175627","1":"post","2":"type-post","3":"status-publish","4":"format-standard","5":"has-post-thumbnail","7":"category-montpellier","8":"tag-actu","9":"tag-actualites","10":"tag-eu","11":"tag-europe","12":"tag-fr","13":"tag-france","14":"tag-manifestation","15":"tag-montpellier","16":"tag-news","17":"tag-occitanie","18":"tag-republique-francaise"},"share_on_mastodon":{"url":"https:\/\/pubeurope.com\/@fr\/114681156125035252","error":""},"_links":{"self":[{"href":"https:\/\/www.europesays.com\/fr\/wp-json\/wp\/v2\/posts\/175627","targetHints":{"allow":["GET"]}}],"collection":[{"href":"https:\/\/www.europesays.com\/fr\/wp-json\/wp\/v2\/posts"}],"about":[{"href":"https:\/\/www.europesays.com\/fr\/wp-json\/wp\/v2\/types\/post"}],"author":[{"embeddable":true,"href":"https:\/\/www.europesays.com\/fr\/wp-json\/wp\/v2\/users\/2"}],"replies":[{"embeddable":true,"href":"https:\/\/www.europesays.com\/fr\/wp-json\/wp\/v2\/comments?post=175627"}],"version-history":[{"count":0,"href":"https:\/\/www.europesays.com\/fr\/wp-json\/wp\/v2\/posts\/175627\/revisions"}],"wp:featuredmedia":[{"embeddable":true,"href":"https:\/\/www.europesays.com\/fr\/wp-json\/wp\/v2\/media\/175628"}],"wp:attachment":[{"href":"https:\/\/www.europesays.com\/fr\/wp-json\/wp\/v2\/media?parent=175627"}],"wp:term":[{"taxonomy":"category","embeddable":true,"href":"https:\/\/www.europesays.com\/fr\/wp-json\/wp\/v2\/categories?post=175627"},{"taxonomy":"post_tag","embeddable":true,"href":"https:\/\/www.europesays.com\/fr\/wp-json\/wp\/v2\/tags?post=175627"}],"curies":[{"name":"wp","href":"https:\/\/api.w.org\/{rel}","templated":true}]}}