{"id":175632,"date":"2025-06-14T10:07:12","date_gmt":"2025-06-14T10:07:12","guid":{"rendered":"https:\/\/www.europesays.com\/fr\/175632\/"},"modified":"2025-06-14T10:07:12","modified_gmt":"2025-06-14T10:07:12","slug":"grenoble-un-accident-en-cours-sur-la480-une-personne-ejectee-dun-side-car","status":"publish","type":"post","link":"https:\/\/www.europesays.com\/fr\/175632\/","title":{"rendered":"Grenoble. Un accident en cours sur l\u2019A480, une personne \u00e9ject\u00e9e d\u2019un side-car"},"content":{"rendered":"<p>Un accident de la route impliquant une voiture et un side-car s\u2019est produit ce samedi 14\u00a0juin, vers 10\u00a0h\u00a040 sur l\u2019A480 dans le sens Lyon-Grenoble, au niveau de la sortie Comboire. D\u2019apr\u00e8s les premi\u00e8res informations, la personne se trouvant dans le side-car a \u00e9t\u00e9 \u00e9ject\u00e9e. Gri\u00e8vement bless\u00e9e, elle est actuellement prise en charge par les sapeurs-pompiers et une \u00e9quipe du SMUR de Grenoble. Une autre personne, class\u00e9e en urgence relative, est \u00e9galement prise en charge par les secours.<\/p>\n<p>La circulation est fortement perturb\u00e9e dans la zone, les v\u00e9hicules pouvant rouler uniquement sur une voie. Un important bouchon est en cours de formation sur cet axe.<\/p>\n","protected":false},"excerpt":{"rendered":"Un accident de la route impliquant une voiture et un side-car s\u2019est produit ce samedi 14\u00a0juin, vers 10\u00a0h\u00a040&hellip;\n","protected":false},"author":2,"featured_media":175633,"comment_status":"","ping_status":"","sticky":false,"template":"","format":"standard","meta":{"footnotes":""},"categories":[9566],"tags":[119,1111,11,2430,112,1777,674,274,107,1795,1011,27,2731,2732,108,12,25],"class_list":{"0":"post-175632","1":"post","2":"type-post","3":"status-publish","4":"format-standard","5":"has-post-thumbnail","7":"category-grenoble","8":"tag-accident","9":"tag-actu","10":"tag-actualites","11":"tag-auvergne-rhone-alpes","12":"tag-edition-grenoble-agglomeration","13":"tag-eu","14":"tag-europe","15":"tag-faits-divers-justice","16":"tag-fil-info","17":"tag-fil-web","18":"tag-fr","19":"tag-france","20":"tag-grenoble","21":"tag-grenoble-bassin","22":"tag-isere","23":"tag-news","24":"tag-republique-francaise"},"share_on_mastodon":{"url":"https:\/\/pubeurope.com\/@fr\/114681167497848412","error":""},"_links":{"self":[{"href":"https:\/\/www.europesays.com\/fr\/wp-json\/wp\/v2\/posts\/175632","targetHints":{"allow":["GET"]}}],"collection":[{"href":"https:\/\/www.europesays.com\/fr\/wp-json\/wp\/v2\/posts"}],"about":[{"href":"https:\/\/www.europesays.com\/fr\/wp-json\/wp\/v2\/types\/post"}],"author":[{"embeddable":true,"href":"https:\/\/www.europesays.com\/fr\/wp-json\/wp\/v2\/users\/2"}],"replies":[{"embeddable":true,"href":"https:\/\/www.europesays.com\/fr\/wp-json\/wp\/v2\/comments?post=175632"}],"version-history":[{"count":0,"href":"https:\/\/www.europesays.com\/fr\/wp-json\/wp\/v2\/posts\/175632\/revisions"}],"wp:featuredmedia":[{"embeddable":true,"href":"https:\/\/www.europesays.com\/fr\/wp-json\/wp\/v2\/media\/175633"}],"wp:attachment":[{"href":"https:\/\/www.europesays.com\/fr\/wp-json\/wp\/v2\/media?parent=175632"}],"wp:term":[{"taxonomy":"category","embeddable":true,"href":"https:\/\/www.europesays.com\/fr\/wp-json\/wp\/v2\/categories?post=175632"},{"taxonomy":"post_tag","embeddable":true,"href":"https:\/\/www.europesays.com\/fr\/wp-json\/wp\/v2\/tags?post=175632"}],"curies":[{"name":"wp","href":"https:\/\/api.w.org\/{rel}","templated":true}]}}