{"id":175636,"date":"2025-06-14T10:09:09","date_gmt":"2025-06-14T10:09:09","guid":{"rendered":"https:\/\/www.europesays.com\/fr\/175636\/"},"modified":"2025-06-14T10:09:09","modified_gmt":"2025-06-14T10:09:09","slug":"a-rennes-marilou-va-bientot-ouvrir-une-papeterie-dans-le-centre-historique","status":"publish","type":"post","link":"https:\/\/www.europesays.com\/fr\/175636\/","title":{"rendered":"\u00e0 Rennes, Marilou va bient\u00f4t ouvrir une papeterie dans le centre historique"},"content":{"rendered":"<p>            Par<br \/>\n        <strong><br \/>\n            <a href=\"https:\/\/actu.fr\/auteur\/clemence-pays02-actu-fr\" title=\"Consulter tous les articles de Cl\u00e9mence Pays\" target=\"_blank\" rel=\"noopener\">Cl\u00e9mence Pays<\/a><br \/>\n        <\/strong><\/p>\n<p>        Publi\u00e9 le<\/p>\n<p>            14 juin 2025 \u00e0 11h04        <\/p>\n<p><strong>Rue du Chapitre.<\/strong> L\u2019emplacement ne pouvait pas mieux porter son nom, pour cette <strong>nouvelle \u00e9tape<\/strong> de la vie de Marilou Yuna Le Menn, qui s\u2019appr\u00eate \u00e0 ouvrir <strong>une papeterie<\/strong> dans le centre historique de Rennes. Un projet qui n\u2019\u00e9tait pourtant pas dans \u00ab\u2009[les] plans\u2009\u00bb de la jeune femme, ancienne social media manager dans le milieu de la mode et du lifestyle.<\/p>\n<p class=\" wall-content\">Originaire d\u2019un petit village pr\u00e8s de Locquirec (Finist\u00e8re), la Bretonne a quitt\u00e9 sa r\u00e9gion natale pour r\u00e9aliser son stage de fin d\u2019ann\u00e9e au sein du magazine Glamour. Elle est ensuite embauch\u00e9e chez Grazia, o\u00f9 elle travaille pendant plus de deux ans, avant de se faire d\u00e9baucher par les magasins Printemps. Apr\u00e8s deux ans et demi \u00e0 ce poste, Marilou Yuna Le Menn d\u00e9missionne. \u00ab<strong>\u2009Je n\u2019en pouvais plus de Paris<\/strong> et du milieu de la mode. C\u2019est beaucoup de paillettes\u2009\u00bb, confie la Rennaise d\u2019adoption.<\/p>\n<p>L\u2019envie de monter un projet<\/p>\n<p class=\" wall-content\">Marilou r\u00e9fl\u00e9chit alors \u00e0 la suite. \u00ab<strong>\u2009Je voulais rentrer dans ma commune,<\/strong> mais passer de Paris \u00e0 un village de 1\u2009000\u00a0habitants, c\u2019\u00e9tait un peu un choc\u2009\u00bb, sourit-elle. Son choix se porte alors sur la capitale bretonne, o\u00f9 elle a d\u00e9j\u00e0 bri\u00e8vement s\u00e9journ\u00e9 pour rendre visite \u00e0 des proches.<\/p>\n<blockquote class=\"ac-article-quote wall-content\">\n<p>Je suis arriv\u00e9e \u00e0 Rennes avec le ch\u00f4mage et l&rsquo;envie de monter un projet.<\/p>\n<p>    <strong>Marilou Yuna Le Menn<\/strong><br \/>\n        Fondatrice de lou-mari papeterie    <\/p><\/blockquote>\n<p class=\" wall-content\">En quittant le monde de la mode, la Bretonne se demande ce qu\u2019elle aime d\u00e9sormais. \u00ab\u2009La papeterie, ce n\u2019\u00e9tait pas dans mes plans, mais c\u2019est vraiment ce qui me fait plaisir. <strong>\u00c7\u2019a toujours \u00e9t\u00e9 mon kiff,<\/strong> d\u00e8s que je voyage quelque part je regarde s\u2019il y en a\u2009\u00bb, raconte Marilou.<\/p>\n<p>Une papeterie \u00e0 l\u2019influence britannique<\/p>\n<p class=\" wall-content\">Aid\u00e9e par France Travail et BGE Rennes (organisme sp\u00e9cialis\u00e9 dans l\u2019accompagnement des entrepreneurs), Marilou re\u00e7oit \u00ab\u2009un accompagnement et du courage\u2009\u00bb pour se jeter \u00e0 l\u2019eau. Au fil des semaines, le projet s\u2019affine. Et le nom aussi. Ce sera<strong> lou-mari papeterie.<\/strong><\/p>\n<blockquote class=\"ac-article-quote wall-content\">\n<p>Je voudrais me d\u00e9tacher des papeteries tr\u00e8s scolaires et proposer de jolis carnets, des agendas, du scrapbooking&#8230; Il y aura aussi des crayons simples, du papier japonais&#8230; Je vais peut-\u00eatre \u00e9largir avec quelques bougies.<\/p>\n<p>    <strong>Marilou Yuna Le Menn<\/strong><br \/>\n        Fondatrice de lou-mari papeterie    <\/p><\/blockquote>\n<p class=\" wall-content\">La jeune femme tient \u00e0 mettre en avant <strong>des marques \u00ab\u2009de niche\u2009\u00bb<\/strong> avec<strong> \u00ab\u2009une grosse influence britannique\u2009\u00bb.<\/strong> \u00ab\u2009L\u00e0-bas, la culture de la jolie carte est tr\u00e8s d\u00e9velopp\u00e9e pas comme en France. On trouve de jolies cartes dans des concept stores, mais pas de boutique d\u00e9di\u00e9e\u2009\u00bb, constate la Bretonne.<\/p>\n<p class=\" wall-content\"><a href=\"https:\/\/www.instagram.com\/p\/DJKB8XsMy8p\/embed\" title=\"Ouvrir le lien sur Instagram\" target=\"_blank\" rel=\"noopener\">Visualiser le contenu sur Instagram<\/a><\/p>\n<p class=\" wall-content\">Pour le choix des produits,<strong> \u00ab\u2009je mise sur mes go\u00fbts, on verra si les gens aiment ou pas\u2009\u00bb,<\/strong> s\u2019amuse Marilou.<\/p>\n<p class=\" wall-content\">Pour l\u2019instant, les retours sont positifs. Sur les r\u00e9seaux sociaux, l\u2019entrepreneuse a mis \u00e0 profit ses comp\u00e9tences pour <strong>cr\u00e9er une communaut\u00e9.<\/strong> Elle partage une premi\u00e8re vid\u00e9o sur <a href=\"https:\/\/actu.fr\/tag\/instagram\" target=\"_blank\" rel=\"noopener\">Instagram<\/a> pour annoncer son projet. \u00c7a cartonne.<\/p>\n<p class=\" wall-content\">\u00ab\u2009C\u2019\u00e9tait inattendu. <strong>Je suis trop contente\u2009!<\/strong> Je re\u00e7ois des DM tous les jours, c\u2019est trop cool\u2009! Il y a un engouement, \u00e7a me conforte dans mon choix\u2009\u00bb, s\u2019enthousiasme-t-elle.<\/p>\n<p>Ouverture en ao\u00fbt<\/p>\n<p class=\" wall-content\">Autre bonne nouvelle pour Marilou\u2009: elle a trouv\u00e9 <strong>un local.<\/strong> \u00ab\u2009Je suis trop contente du lieu, c\u2019est rue du Chapitre, c\u2019est un signe. Je ne peux pas encore dire o\u00f9 exactement\u2026\u2009\u00bb, glisse la future commer\u00e7ante en attendant de r\u00e9cup\u00e9rer les cl\u00e9s du local fin juin.<\/p>\n<p class=\" wall-content\">\u00ab\u2009C\u2019est un peu petit, mais comme \u00e7a, ce n\u2019est pas une aventure trop \u00e9norme qui me d\u00e9passe. Je d\u00e9couvre tout sur le tas, c\u2019est un peu <strong>un crash test\u2009!\u2009\u00bb<\/strong><\/p>\n<p class=\" wall-content\">En attendant de s\u2019installer officiellement, Marilou cogite d\u00e9j\u00e0 sur la d\u00e9coration. \u00ab\u2009J\u2019aimerais cr\u00e9er une<strong> atmosph\u00e8re chaleureuse,<\/strong> avec des meubles chin\u00e9s. J\u2019ai envie que les gens s\u2019y sentent bien.\u2009\u00bb Elle peut aussi compter sur l\u2019aide de Ma\u00efwenn Nicolas, cr\u00e9atrice d\u2019Amour Breton et directrice artistique. \u00ab\u2009J\u2019avais envie d\u2019une identit\u00e9 forte\u2009\u00bb, appuie Marilou.<\/p>\n<p class=\" wall-content\">Et pour la date d\u2019ouverture\u2009? \u00ab\u2009D\u00e8s que tout est bon\u2009!<strong> En ao\u00fbt pour tester<\/strong> ce qui va ou ne va pas, avec une client\u00e8le plut\u00f4t de passage avec les touristes, pour \u00eatre pr\u00eate <strong>en septembre\u2009\u00bb,<\/strong> conclut la future papeti\u00e8re.<\/p>\n<p class=\" wall-content\">Suivez toute l\u2019actualit\u00e9 de vos villes et m\u00e9dias favoris en vous inscrivant \u00e0 <a href=\"https:\/\/moncompte.actu.fr\" title=\"D\u00e9couvez Mon Actu\" rel=\"nofollow noopener\" data-trk=\"{&quot;cta&quot;:{&quot;action&quot;:&quot;https:\\\/\\\/moncompte.actu.fr&quot;,&quot;category&quot;:&quot;mon compte&quot;,&quot;from&quot;:&quot;article footer&quot;,&quot;name&quot;:&quot;Mon actu&quot;,&quot;type&quot;:&quot;cta&quot;}}\" target=\"_blank\">Mon Actu<\/a>.<\/p>\n<ul class=\"ac-article-tag wall-content\">\n<li><a href=\"https:\/\/actu.fr\/tag\/commerce\" data-trk=\"{&quot;cta&quot;:{&quot;action&quot;:&quot;Commerce&quot;,&quot;category&quot;:&quot;tag&quot;,&quot;from&quot;:&quot;article footer&quot;,&quot;name&quot;:&quot;Commerce&quot;,&quot;type&quot;:&quot;cta&quot;}}\" target=\"_blank\" rel=\"noopener\">#Commerce<\/a><\/li>\n<li><a href=\"https:\/\/actu.fr\/tag\/nouveaux-commerces\" data-trk=\"{&quot;cta&quot;:{&quot;action&quot;:&quot;Nouveaux commerces&quot;,&quot;category&quot;:&quot;tag&quot;,&quot;from&quot;:&quot;article footer&quot;,&quot;name&quot;:&quot;Nouveaux commerces&quot;,&quot;type&quot;:&quot;cta&quot;}}\" target=\"_blank\" rel=\"noopener\">#Nouveaux commerces<\/a><\/li>\n<\/ul>\n<p>                    <script async src=\"\/\/www.instagram.com\/embed.js\"><\/script><\/p>\n","protected":false},"excerpt":{"rendered":"Par Cl\u00e9mence Pays Publi\u00e9 le 14 juin 2025 \u00e0 11h04 Rue du Chapitre. L\u2019emplacement ne pouvait pas mieux&hellip;\n","protected":false},"author":2,"featured_media":175637,"comment_status":"","ping_status":"","sticky":false,"template":"","format":"standard","meta":{"footnotes":""},"categories":[2821],"tags":[1111,11,829,215,33,1777,674,1011,27,12,3147,584,25],"class_list":{"0":"post-175636","1":"post","2":"type-post","3":"status-publish","4":"format-standard","5":"has-post-thumbnail","7":"category-rennes","8":"tag-actu","9":"tag-actualites","10":"tag-bretagne","11":"tag-commerce","12":"tag-economie","13":"tag-eu","14":"tag-europe","15":"tag-fr","16":"tag-france","17":"tag-news","18":"tag-nouveaux-commerces","19":"tag-rennes","20":"tag-republique-francaise"},"share_on_mastodon":{"url":"https:\/\/pubeurope.com\/@fr\/114681175419873274","error":""},"_links":{"self":[{"href":"https:\/\/www.europesays.com\/fr\/wp-json\/wp\/v2\/posts\/175636","targetHints":{"allow":["GET"]}}],"collection":[{"href":"https:\/\/www.europesays.com\/fr\/wp-json\/wp\/v2\/posts"}],"about":[{"href":"https:\/\/www.europesays.com\/fr\/wp-json\/wp\/v2\/types\/post"}],"author":[{"embeddable":true,"href":"https:\/\/www.europesays.com\/fr\/wp-json\/wp\/v2\/users\/2"}],"replies":[{"embeddable":true,"href":"https:\/\/www.europesays.com\/fr\/wp-json\/wp\/v2\/comments?post=175636"}],"version-history":[{"count":0,"href":"https:\/\/www.europesays.com\/fr\/wp-json\/wp\/v2\/posts\/175636\/revisions"}],"wp:featuredmedia":[{"embeddable":true,"href":"https:\/\/www.europesays.com\/fr\/wp-json\/wp\/v2\/media\/175637"}],"wp:attachment":[{"href":"https:\/\/www.europesays.com\/fr\/wp-json\/wp\/v2\/media?parent=175636"}],"wp:term":[{"taxonomy":"category","embeddable":true,"href":"https:\/\/www.europesays.com\/fr\/wp-json\/wp\/v2\/categories?post=175636"},{"taxonomy":"post_tag","embeddable":true,"href":"https:\/\/www.europesays.com\/fr\/wp-json\/wp\/v2\/tags?post=175636"}],"curies":[{"name":"wp","href":"https:\/\/api.w.org\/{rel}","templated":true}]}}