{"id":175655,"date":"2025-06-14T10:19:09","date_gmt":"2025-06-14T10:19:09","guid":{"rendered":"https:\/\/www.europesays.com\/fr\/175655\/"},"modified":"2025-06-14T10:19:09","modified_gmt":"2025-06-14T10:19:09","slug":"ils-sinstallaient-dans-une-foret-de-haute-garonne","status":"publish","type":"post","link":"https:\/\/www.europesays.com\/fr\/175655\/","title":{"rendered":"ils s&rsquo;installaient dans une for\u00eat de Haute-Garonne"},"content":{"rendered":"<p>            Par<br \/>\n        <strong><br \/>\n            <a href=\"https:\/\/actu.fr\/auteur\/mareva-laville-actu-fr\" title=\"Consulter tous les articles de Mar\u00e9va Laville\" rel=\"nofollow noopener\" target=\"_blank\">Mar\u00e9va Laville<\/a><br \/>\n        <\/strong><\/p>\n<p>        Publi\u00e9 le<\/p>\n<p>            14 juin 2025 \u00e0 11h40        <\/p>\n<p>La f\u00eate a mal tourn\u00e9 pour une cinquantaine de \u00ab\u2009teufeurs\u2009\u00bb vendredi 13\u00a0juin 2025. Alors que la <strong>Pr\u00e9fecture de Haute-Garonne<\/strong> venait de prendre un <strong>arr\u00eat\u00e9 interdisant les rassemblements festifs<\/strong> \u00e0 caract\u00e8re musical et le transport de mat\u00e9riel de sons \u00e0 destination des rassemblements de type <strong>teknival, free-party ou rave-party,<\/strong> la gendarmerie en a d\u00e9mantel\u00e9 une dans la nuit de vendredi 13\u00a0juin \u00e0 samedi 14\u00a0juin 2025.<\/p>\n<p>Un d\u00e9but de free-party ou rave-party dans une for\u00eat<\/p>\n<p class=\" wall-content\">Selon les informations d\u2019<a href=\"http:\/\/www.actu.fr\/toulouse\" rel=\"nofollow noopener\" target=\"_blank\">Actu Toulouse,<\/a> les f\u00eatards s\u2019appr\u00eataient \u00e0 s\u2019installer dans la for\u00eat de Magnouet, entre le Mont-de-Gali\u00e9 et Sauveterre-de-Comminges, dans le secteur de Saint-Gaudens. \u00ab\u2009Ils s\u2019\u00e9taient install\u00e9s <strong>au refuge Saint-Martin<\/strong>\u2009\u00bb, pr\u00e9cise la gendarmerie de Haute-Garonne.<\/p>\n<p>    <a href=\"https:\/\/www.google.com\/maps\/embed?pb=!1m18!1m12!1m3!1d492153.04573744256!2d0.0341307890625061!3d43.00136789999999!2m3!1f0!2f0!3f0!3m2!1i1024!2i768!4f13.1!3m3!1m2!1s0x12a8f757d761089b%3A0xd9c6d6f0c9612a65!2sRefuge%20de%20st%20martin!5e1!3m2!1sfr!2sfr!4v1749892776936!5m2!1sfr!2sfr\" title=\"Ouvrie le lien\" rel=\"nofollow noopener\" target=\"_blank\">Cliquez ici pour visualiser le contenu<\/a><\/p>\n<p class=\" wall-content\">Alert\u00e9s par des locaux et gr\u00e2ce \u00e0 leurs enqu\u00eates, plusieurs militaires de la compagnie de Saint-Gaudens, renforc\u00e9s par celles des alentours, notamment des Hautes-Pyr\u00e9n\u00e9es, se sont d\u00e9plac\u00e9s dans la nuit pour couper court aux festivit\u00e9s. Il \u00e9tait alors<strong> environ minuit.<\/strong><\/p>\n<p>Une cinquantaine de personnes arr\u00eat\u00e9es<\/p>\n<p class=\" wall-content\">\u00ab\u2009Une cinquantaine de personnes sont arriv\u00e9es jusqu\u2019au refuge en empruntant le chemin forestier. Ils sont ensuite all\u00e9s un peu plus loin et commen\u00e7aient \u00e0 s\u2019installer sans produire encore de son\u2009\u00bb, d\u00e9taille une source d\u2019Actu Toulouse. Toutes ont \u00e9t\u00e9 contr\u00f4l\u00e9es \u2013 leurs voitures \u00e9galement \u2013 et somm\u00e9es de quitter les lieux.<\/p>\n<p class=\" wall-content\">D\u2019apr\u00e8s les gendarmes, plusieurs autres teufeurs s\u2019appr\u00eataient \u00e0 rejoindre l\u2019attroupement en voiture. \u00ab\u2009Ils ont fait demi-tour\u2009\u00bb, mentionnent-ils. L\u2019op\u00e9ration des gendarmes s\u2019est \u00e9tendue <strong>jusqu\u2019\u00e0 4h30 du matin.<\/strong><\/p>\n<p>Vid\u00e9os : en ce moment sur ActuUn arr\u00eat\u00e9 pr\u00e9fectoral en cours<\/p>\n<p class=\" wall-content\">Pour rappel,<strong> l\u2019arr\u00eat\u00e9 pr\u00e9fectoral court jusqu\u2019au 16\u00a0juin 2025<\/strong>. Ces derniers mois, <a href=\"https:\/\/actu.fr\/occitanie\/toulouse_31555\/les-rassemblements-festifs-interdits-en-haute-garonne-a-l-approche-d-un-nouveau-week-end-prolonge_62734211.html\" rel=\"nofollow noopener\" target=\"_blank\">ils se sont multipli\u00e9s dans le d\u00e9partement<\/a>, notamment au moment <a href=\"https:\/\/actu.fr\/occitanie\/toulouse_31555\/rave-free-party-ces-nouvelles-mesures-a-respecter-pour-le-week-end-prolonge-en-haute-garonne_62700972.html\" rel=\"nofollow noopener\" target=\"_blank\">des ponts des mois de mai<\/a> et d\u00e9but juin.<\/p>\n<p class=\" wall-content\">Ces rassemblements qui ont souvent lieu \u00ab\u2009sur des terrains occup\u00e9s sans autorisation, sont sources de troubles \u00e0 l\u2019ordre public et \u00e0 l\u2019environnement\u2009\u00bb et pr\u00e9sentent des \u00ab\u2009risques pour la s\u00e9curit\u00e9 des participants\u2009\u00bb, a estim\u00e9 la pr\u00e9fecture.<\/p>\n<p class=\" wall-content\">La sanction pour ceux qui ne respecteraient pas l\u2019arr\u00eat\u00e9 pr\u00e9fectoral correspond \u00e0 une amende de 5e classe, soit 1\u2009500\u00a0\u20ac (3\u2009000\u00a0\u20ac en cas de r\u00e9cidive) et \u00e0 la saisie du mat\u00e9riel de son pour une dur\u00e9e maximale de 6\u00a0mois.<\/p>\n<p class=\" wall-content\">Suivez toute l\u2019actualit\u00e9 de vos villes et m\u00e9dias favoris en vous inscrivant \u00e0 <a href=\"https:\/\/moncompte.actu.fr\" title=\"D\u00e9couvez Mon Actu\" rel=\"nofollow noopener\" data-trk=\"{&quot;cta&quot;:{&quot;action&quot;:&quot;https:\\\/\\\/moncompte.actu.fr&quot;,&quot;category&quot;:&quot;mon compte&quot;,&quot;from&quot;:&quot;article footer&quot;,&quot;name&quot;:&quot;Mon actu&quot;,&quot;type&quot;:&quot;cta&quot;}}\" target=\"_blank\">Mon Actu<\/a>.<\/p>\n","protected":false},"excerpt":{"rendered":"Par Mar\u00e9va Laville Publi\u00e9 le 14 juin 2025 \u00e0 11h40 La f\u00eate a mal tourn\u00e9 pour une cinquantaine&hellip;\n","protected":false},"author":2,"featured_media":175656,"comment_status":"","ping_status":"","sticky":false,"template":"","format":"standard","meta":{"footnotes":""},"categories":[2816],"tags":[1111,11,1777,674,118,1011,27,3381,12,2680,7746,25,2312],"class_list":{"0":"post-175655","1":"post","2":"type-post","3":"status-publish","4":"format-standard","5":"has-post-thumbnail","7":"category-toulouse","8":"tag-actu","9":"tag-actualites","10":"tag-eu","11":"tag-europe","12":"tag-faits-divers","13":"tag-fr","14":"tag-france","15":"tag-gendarmerie","16":"tag-news","17":"tag-occitanie","18":"tag-rave-party","19":"tag-republique-francaise","20":"tag-toulouse"},"share_on_mastodon":{"url":"https:\/\/pubeurope.com\/@fr\/114681214788825272","error":""},"_links":{"self":[{"href":"https:\/\/www.europesays.com\/fr\/wp-json\/wp\/v2\/posts\/175655","targetHints":{"allow":["GET"]}}],"collection":[{"href":"https:\/\/www.europesays.com\/fr\/wp-json\/wp\/v2\/posts"}],"about":[{"href":"https:\/\/www.europesays.com\/fr\/wp-json\/wp\/v2\/types\/post"}],"author":[{"embeddable":true,"href":"https:\/\/www.europesays.com\/fr\/wp-json\/wp\/v2\/users\/2"}],"replies":[{"embeddable":true,"href":"https:\/\/www.europesays.com\/fr\/wp-json\/wp\/v2\/comments?post=175655"}],"version-history":[{"count":0,"href":"https:\/\/www.europesays.com\/fr\/wp-json\/wp\/v2\/posts\/175655\/revisions"}],"wp:featuredmedia":[{"embeddable":true,"href":"https:\/\/www.europesays.com\/fr\/wp-json\/wp\/v2\/media\/175656"}],"wp:attachment":[{"href":"https:\/\/www.europesays.com\/fr\/wp-json\/wp\/v2\/media?parent=175655"}],"wp:term":[{"taxonomy":"category","embeddable":true,"href":"https:\/\/www.europesays.com\/fr\/wp-json\/wp\/v2\/categories?post=175655"},{"taxonomy":"post_tag","embeddable":true,"href":"https:\/\/www.europesays.com\/fr\/wp-json\/wp\/v2\/tags?post=175655"}],"curies":[{"name":"wp","href":"https:\/\/api.w.org\/{rel}","templated":true}]}}