{"id":175680,"date":"2025-06-14T10:32:16","date_gmt":"2025-06-14T10:32:16","guid":{"rendered":"https:\/\/www.europesays.com\/fr\/175680\/"},"modified":"2025-06-14T10:32:16","modified_gmt":"2025-06-14T10:32:16","slug":"une-femme-dans-le-coma-apres-la-chute-dune-branche-pendant-les-orages","status":"publish","type":"post","link":"https:\/\/www.europesays.com\/fr\/175680\/","title":{"rendered":"Une femme dans le coma apr\u00e8s la chute d\u2019une branche pendant les orages"},"content":{"rendered":"<p><strong>Accident &#8211; Alors qu\u2019elle passait une soir\u00e9e avec des amis sous un arbre dans le 5e\u00a0arrondissement de Paris, une femme a \u00e9t\u00e9 touch\u00e9e \u00e0 la t\u00eate apr\u00e8s la chute d\u2019une branche provoqu\u00e9e par la foudre<\/strong><\/p>\n<p>Des <a href=\"https:\/\/www.20minutes.fr\/planete\/4158509-20250614-meteo-15-departements-passeront-vigilance-orange-partir-samedi-apres-midi?at_medium=RSS%20feed&amp;at_campaign=ynews&amp;utm_source=yahoo&amp;utm_medium=rss&amp;utm_campaign=news_feed&amp;utm_content=in_article_link\" rel=\"nofollow noopener\" target=\"_blank\" data-ylk=\"slk:violents orages;elm:context_link;itc:0;sec:content-canvas\" class=\"link \">violents orages<\/a> se sont abattus sur une grande partie de la France, faisant, pour l\u2019heure, <a href=\"https:\/\/www.20minutes.fr\/faits_divers\/4158507-20250614-yvelines-arbre-touche-foudre-effondre-homme-68-ans-tue?at_medium=RSS%20feed&amp;at_campaign=ynews&amp;utm_source=yahoo&amp;utm_medium=rss&amp;utm_campaign=news_feed&amp;utm_content=in_article_link\" rel=\"nofollow noopener\" target=\"_blank\" data-ylk=\"slk:un mort \u00e0 Grandchamp;elm:context_link;itc:0;sec:content-canvas\" class=\"link \">un mort \u00e0 Grandchamp<\/a> dans les <a href=\"https:\/\/www.20minutes.fr\/societe\/yvelines\/?at_medium=RSS%20feed&amp;at_campaign=ynews&amp;utm_source=yahoo&amp;utm_medium=rss&amp;utm_campaign=news_feed&amp;utm_content=in_article_link\" rel=\"nofollow noopener\" target=\"_blank\" data-ylk=\"slk:Yvelines;elm:context_link;itc:0;sec:content-canvas\" class=\"link \">Yvelines<\/a> mais aussi une femme a \u00e9t\u00e9 gri\u00e8vement bless\u00e9e \u00e0 <a href=\"https:\/\/www.20minutes.fr\/paris\/?at_medium=RSS%20feed&amp;at_campaign=ynews&amp;utm_source=yahoo&amp;utm_medium=rss&amp;utm_campaign=news_feed&amp;utm_content=in_article_link\" rel=\"nofollow noopener\" target=\"_blank\" data-ylk=\"slk:Paris;elm:context_link;itc:0;sec:content-canvas\" class=\"link \">Paris<\/a> dans la nuit de vendredi \u00e0 samedi. En effet, vers 23 heures, dans la capitale, une femme a \u00e9t\u00e9 victime de la chute d\u2019une branche d\u2019arbre, selon une source polici\u00e8re.<\/p>\n<p>En urgence absolue<\/p>\n<p>L\u2019accident est survenu dans le 5e\u00a0arrondissement et la victime a \u00e9t\u00e9 hospitalis\u00e9e, pr\u00e9cise la brigade des sapeurs-pompiers de Paris. Selon cette m\u00eame source, la victime passait la soir\u00e9e avec des amis quand l\u2019arbre sous lequel elle se trouvait a \u00e9t\u00e9 frapp\u00e9 par la foudre, provoquant la chute d\u2019une branche qui l\u2019a bless\u00e9e \u00e0 la t\u00eate. Plong\u00e9e dans le coma par les secours, elle a \u00e9t\u00e9 transport\u00e9e en urgence absolue \u00e0 l\u2019h\u00f4pital Henri-Mondor de Cr\u00e9teil.<\/p>\n<p><a href=\"https:\/\/www.20minutes.fr\/planete\/4158305-20250613-alerte-orages-dix-sept-departements-vigilance-orange-vendredi-apres-midi?at_medium=RSS%20feed&amp;at_campaign=ynews&amp;utm_source=yahoo&amp;utm_medium=rss&amp;utm_campaign=news_feed&amp;utm_content=in_article_link\" rel=\"nofollow noopener\" target=\"_blank\" data-ylk=\"slk:Vingt-huit d\u00e9partements;elm:context_link;itc:0;sec:content-canvas\" class=\"link \">Vingt-huit d\u00e9partements<\/a> du sud-ouest et du nord-ouest du pays avaient \u00e9t\u00e9 plac\u00e9s en vigilance orange vendredi apr\u00e8s-midi en raison d\u2019une \u00ab\u00a0d\u00e9gradation orageuse\u00a0\u00bb, avec un fort risque de ph\u00e9nom\u00e8nes localement violents.<\/p>\n<p>La Direction g\u00e9n\u00e9rale de l\u2019aviation civile avait demand\u00e9 aux compagnies a\u00e9riennes de r\u00e9duire de 20\u00a0% leur programme de vols vendredi soir \u00e0 l\u2019a\u00e9roport d\u2019Orly (Val-de-Marne), pour limiter d\u2019\u00e9ventuelles perturbations.<\/p>\n<p><a href=\"https:\/\/www.20minutes.fr\/faits_divers\/faits-divers-paris\/4158517-20250614-paris-femme-coma-apres-chute-branche-pendant-orages?at_medium=RSS%20feed&amp;at_campaign=ynews&amp;utm_source=yahoo&amp;utm_medium=rss&amp;utm_campaign=news_feed&amp;utm_content=read_more_link&quot;\" rel=\"nofollow noopener\" target=\"_blank\" data-ylk=\"slk:Lire la suite sur 20minutes;elm:context_link;itc:0;sec:content-canvas\" class=\"link \">Lire la suite sur 20minutes<\/a><\/p>\n<p>\u00c0 lire aussi :<br \/><a href=\"https:\/\/www.20minutes.fr\/planete\/rechauffement-climatique\/4158124-20250612-scenario-glacant-changement-climatique-predit-hivers-18-paris?at_medium=RSS%20feed&amp;at_campaign=ynews&amp;utm_source=yahoo&amp;utm_medium=rss&amp;utm_campaign=news_feed&amp;utm_content=related_content_link\" rel=\"nofollow noopener\" target=\"_blank\" data-ylk=\"slk:Un sc\u00e9nario gla\u00e7ant du changement climatique pr\u00e9dit des hivers \u00e0 - 18\u00a0\u00b0C \u00e0 Paris;elm:context_link;itc:0;sec:content-canvas\" class=\"link \">Un sc\u00e9nario gla\u00e7ant du changement climatique pr\u00e9dit des hivers \u00e0 &#8211; 18\u00a0\u00b0C \u00e0 Paris<\/a><br \/><a href=\"https:\/\/www.20minutes.fr\/paris\/4158095-20250612-paris-centaines-abri-campent-devant-mairie-11e-arrondissement-demander-toit?at_medium=RSS%20feed&amp;at_campaign=ynews&amp;utm_source=yahoo&amp;utm_medium=rss&amp;utm_campaign=news_feed&amp;utm_content=related_content_link\" rel=\"nofollow noopener\" target=\"_blank\" data-ylk=\"slk:Paris\u00a0: Des centaines de sans-abri campent devant la mairie du 11e\u00a0arrondissement pour demander un toit;elm:context_link;itc:0;sec:content-canvas\" class=\"link \">Paris\u00a0: Des centaines de sans-abri campent devant la mairie du 11e\u00a0arrondissement pour demander un toit<\/a><\/p>\n","protected":false},"excerpt":{"rendered":"Accident &#8211; Alors qu\u2019elle passait une soir\u00e9e avec des amis sous un arbre dans le 5e\u00a0arrondissement de Paris,&hellip;\n","protected":false},"author":2,"featured_media":175681,"comment_status":"","ping_status":"","sticky":false,"template":"","format":"standard","meta":{"footnotes":""},"categories":[1888],"tags":[31089,11,31090,837,1777,674,1011,27,31106,203,12,626,25,30629],"class_list":{"0":"post-175680","1":"post","2":"type-post","3":"status-publish","4":"format-standard","5":"has-post-thumbnail","7":"category-paris","8":"tag-5e-arrondissement-de-paris","9":"tag-actualites","10":"tag-branche-darbre","11":"tag-chute","12":"tag-eu","13":"tag-europe","14":"tag-fr","15":"tag-france","16":"tag-la-soiree","17":"tag-la-tete","18":"tag-news","19":"tag-paris","20":"tag-republique-francaise","21":"tag-violents-orages"},"share_on_mastodon":{"url":"https:\/\/pubeurope.com\/@fr\/114681265796144743","error":""},"_links":{"self":[{"href":"https:\/\/www.europesays.com\/fr\/wp-json\/wp\/v2\/posts\/175680","targetHints":{"allow":["GET"]}}],"collection":[{"href":"https:\/\/www.europesays.com\/fr\/wp-json\/wp\/v2\/posts"}],"about":[{"href":"https:\/\/www.europesays.com\/fr\/wp-json\/wp\/v2\/types\/post"}],"author":[{"embeddable":true,"href":"https:\/\/www.europesays.com\/fr\/wp-json\/wp\/v2\/users\/2"}],"replies":[{"embeddable":true,"href":"https:\/\/www.europesays.com\/fr\/wp-json\/wp\/v2\/comments?post=175680"}],"version-history":[{"count":0,"href":"https:\/\/www.europesays.com\/fr\/wp-json\/wp\/v2\/posts\/175680\/revisions"}],"wp:featuredmedia":[{"embeddable":true,"href":"https:\/\/www.europesays.com\/fr\/wp-json\/wp\/v2\/media\/175681"}],"wp:attachment":[{"href":"https:\/\/www.europesays.com\/fr\/wp-json\/wp\/v2\/media?parent=175680"}],"wp:term":[{"taxonomy":"category","embeddable":true,"href":"https:\/\/www.europesays.com\/fr\/wp-json\/wp\/v2\/categories?post=175680"},{"taxonomy":"post_tag","embeddable":true,"href":"https:\/\/www.europesays.com\/fr\/wp-json\/wp\/v2\/tags?post=175680"}],"curies":[{"name":"wp","href":"https:\/\/api.w.org\/{rel}","templated":true}]}}